{"id":110185,"date":"2020-07-13T18:00:44","date_gmt":"2020-07-13T16:00:44","guid":{"rendered":"http:\/\/www.tucomarca.com\/wordpress\/segunda\/?p=110185"},"modified":"2020-07-13T23:14:15","modified_gmt":"2020-07-13T21:14:15","slug":"lhospital-de-manises-reforca-un-76-la-plantilla-durant-la-covid-19-per-a-garantir-la-qualitat-assistencial","status":"publish","type":"post","link":"https:\/\/tucomarca.whitekongsoftware.com\/ca\/lhospital-de-manises-reforca-un-76-la-plantilla-durant-la-covid-19-per-a-garantir-la-qualitat-assistencial\/","title":{"rendered":"L&#8217;Hospital de Manises refor\u00e7a un 7,6% la plantilla durant la Covid-19 per a garantir la qualitat assistencial"},"content":{"rendered":"\n<p class=\"wp-block-paragraph\"><strong>Tant en Atenci\u00f3 Prim\u00e0ria com en Especialitats s&#8217;ha augmentat el nombre de professionals sanitaris per a garantir una atenci\u00f3 segura durant la crisi del coronavirus<\/strong><\/p>\n\n\n\n<p class=\"wp-block-paragraph\"><strong>Des de l&#8217;inici de l&#8217;Estat d&#8217;Alarma, s&#8217;han augmentat en m\u00e9s de 100 els professionals que treballen en el Departament de Salut de Manises<\/strong><\/p>\n\n\n\n<p class=\"wp-block-paragraph\">El Departament de Salut de Manises ha refor\u00e7at la seua plantilla de professionals amb m\u00e9s de 100 incorporacions tant en Atenci\u00f3 Prim\u00e0ria com en Especialitats per fer front a l&#8217;increment de les necessitats assistencials ocasionades per la pand\u00e8mia de COVID-19. Des del comen\u00e7ament de l&#8217;Estat d&#8217;Alarma s&#8217;ha augmentat en un 7,6% els professionals sanitaris de medicina, infermeria i altres professionals sanitaris per garantir en tot moment la seguretat tant de personal com dels pacients i continuar garantint la qualitat assistencial.<\/p>\n\n\n\n<p class=\"wp-block-paragraph\">Aquesta xifra correspon a personal sanitari que exerceixen la seua tasca en els centres sanitaris de el Departament de Salut de Manises i que s&#8217;han incorporat des del passat 11 de mar\u00e7, dia en qu\u00e8 va comen\u00e7ar l&#8217;Estat d&#8217;Alarma, &#8220;amb l&#8217;objectiu de donar una millor resposta a la crisi sanit\u00e0ria causada pel Covid-19 i a l&#8217;alta demanda per ingr\u00e9s de pacients amb patologia respirat\u00f2ria&#8221;, indica Ricardo Trujillo, gerent de l&#8217;Hospital. l&#8217;\u00c0rea que m\u00e9s refor\u00e7ada s&#8217;ha vist ha estat la dels professionals d&#8217;infermeria que ha augmentat en 36 professionals.<\/p>\n\n\n\n<p class=\"wp-block-paragraph\">A m\u00e9s, &#8220;aquest refor\u00e7 a la plantilla de professionals sanitaris ha perm\u00e8s que es puga complir amb les mesures de seguretat i prevenci\u00f3 recomanades per les autoritats sanit\u00e0ries com el doble circuit per a pacients Covid positius i Covid negatius garantint aix\u00ed la seguretat de tots&#8221;, conclou Trujillo.<\/p>\n","protected":false},"excerpt":{"rendered":"<div class=\"mh-excerpt\">Tant en Atenci\u00f3 Prim\u00e0ria com en Especialitats s&#8217;ha augmentat el nombre de professionals sanitaris per a garantir una atenci\u00f3 segura durant la crisi del coronavirus Des de l&#8217;inici de l&#8217;Estat d&#8217;Alarma, s&#8217;han augmentat en m\u00e9s <a class=\"mh-excerpt-more\" href=\"https:\/\/tucomarca.whitekongsoftware.com\/ca\/lhospital-de-manises-reforca-un-76-la-plantilla-durant-la-covid-19-per-a-garantir-la-qualitat-assistencial\/\" title=\"L&#8217;Hospital de Manises refor\u00e7a un 7,6% la plantilla durant la Covid-19 per a garantir la qualitat assistencial\">[+] <\/a><\/div>\n","protected":false},"author":12,"featured_media":96654,"comment_status":"open","ping_status":"open","sticky":false,"template":"","format":"standard","meta":{"footnotes":""},"categories":[10973,10911,10892,11010,12202,10898,10977,10980,10948,10894,10912,10902,10931,10978,10903,10906,10896,10897,11047,10974,10975],"tags":[11939,11940,11952,11092],"class_list":["post-110185","post","type-post","status-publish","format-standard","has-post-thumbnail","category-alborache-ca","category-bunol-ca","category-camp-de-turia-ca","category-canal-salud","category-covid-19-ca","category-ventana-ca","category-godelleta-ca","category-yatova-ca","category-infraestructuras-ca","category-la-comarca-ca","category-la-hoya-ca","category-la-ribera-ca","category-loriguilla-ca","category-macastre-ca","category-medio-ambiente-la-comarca-ca","category-riba-roja-ca","category-seccion-ca","category-sucesos-la-comarca-ca","category-turis-ca","category-cheste-ca","category-chiva-ca","tag-coronavirus-ca","tag-covid-19-ca","tag-covid2019-ca","tag-hospital-de-manises-ca"],"_links":{"self":[{"href":"https:\/\/tucomarca.whitekongsoftware.com\/ca\/wp-json\/wp\/v2\/posts\/110185","targetHints":{"allow":["GET"]}}],"collection":[{"href":"https:\/\/tucomarca.whitekongsoftware.com\/ca\/wp-json\/wp\/v2\/posts"}],"about":[{"href":"https:\/\/tucomarca.whitekongsoftware.com\/ca\/wp-json\/wp\/v2\/types\/post"}],"author":[{"embeddable":true,"href":"https:\/\/tucomarca.whitekongsoftware.com\/ca\/wp-json\/wp\/v2\/users\/12"}],"replies":[{"embeddable":true,"href":"https:\/\/tucomarca.whitekongsoftware.com\/ca\/wp-json\/wp\/v2\/comments?post=110185"}],"version-history":[{"count":0,"href":"https:\/\/tucomarca.whitekongsoftware.com\/ca\/wp-json\/wp\/v2\/posts\/110185\/revisions"}],"wp:featuredmedia":[{"embeddable":true,"href":"https:\/\/tucomarca.whitekongsoftware.com\/ca\/wp-json\/wp\/v2\/media\/96654"}],"wp:attachment":[{"href":"https:\/\/tucomarca.whitekongsoftware.com\/ca\/wp-json\/wp\/v2\/media?parent=110185"}],"wp:term":[{"taxonomy":"category","embeddable":true,"href":"https:\/\/tucomarca.whitekongsoftware.com\/ca\/wp-json\/wp\/v2\/categories?post=110185"},{"taxonomy":"post_tag","embeddable":true,"href":"https:\/\/tucomarca.whitekongsoftware.com\/ca\/wp-json\/wp\/v2\/tags?post=110185"}],"curies":[{"name":"wp","href":"https:\/\/api.w.org\/{rel}","templated":true}]}}