{"id":110085,"date":"2020-07-10T18:00:28","date_gmt":"2020-07-10T16:00:28","guid":{"rendered":"http:\/\/www.tucomarca.com\/wordpress\/segunda\/?p=110085"},"modified":"2020-07-10T21:54:56","modified_gmt":"2020-07-10T19:54:56","slug":"terra-bobal-mostra-el-seu-potencial-turistic-en-la-campanya-el-turisme-que-volem","status":"publish","type":"post","link":"https:\/\/tucomarca.whitekongsoftware.com\/ca\/terra-bobal-mostra-el-seu-potencial-turistic-en-la-campanya-el-turisme-que-volem\/","title":{"rendered":"Terra Bobal mostra el seu potencial tur\u00edstic en la campanya &#8216;El turisme que volem&#8217;"},"content":{"rendered":"\n<p class=\"wp-block-paragraph\">Els projectes d&#8217;ocupaci\u00f3 i de dinamitzaci\u00f3 i governan\u00e7a tur\u00edstica impulsats des de la Mancomunitat de l&#8217;Interior Terra de el Vi han unit forces per desenvolupar i finan\u00e7ar la promoci\u00f3 de la marca de destinaci\u00f3 Terra Boval durant la campanya d&#8217;estiu, amb l&#8217;objectiu de donar suport als municipis ia les empreses tur\u00edstiques de la comarca.<\/p>\n\n\n\n<p class=\"wp-block-paragraph\">&#8216;El turisme que volem&#8217; \u00e9s una campanya desenvolupada per l&#8217;Ag\u00e8ncia Val\u00e8ncia de Turisme, per impulsar el turisme intern de la Comunitat Valenciana, promocionant les principals destinacions tur\u00edstiques del territori com a resposta a la situaci\u00f3 que ha deixat la crisi sanit\u00e0ria de la Covid-19.<\/p>\n\n\n\n<p class=\"wp-block-paragraph\">La campanya compta tant amb contingut offline com online. D&#8217;una banda, a trav\u00e9s d&#8217;articles en diversos suplements especials; i de l&#8217;altra, la campanya compta amb la creaci\u00f3 d&#8217;una p\u00e0gina web (www.elturismoquequeremos.com) que alberga informaci\u00f3 sobre diversos destins tur\u00edstics de tota la Comunitat Val\u00e8ncia; aix\u00ed com la seua difusi\u00f3 en xarxes socials.<\/p>\n\n\n\n<p class=\"wp-block-paragraph\">La pres\u00e8ncia de Terra Boval dins d&#8217;aquesta campanya es tradueix en la publicaci\u00f3 de contingut de marca i diversos monogr\u00e0fics especials, tant en paper com en digital, que parlen de les particulars del territori dins de l&#8217;enoturisme, el turisme de natura i el turisme cultural i patrimonial. Tota la informaci\u00f3 compta amb enlla\u00e7os que permeten connectar als lectors amb els recursos i serveis de turisme de cada un dels nou municipis de la comarca, aix\u00ed com a Consell Regulador de la DO Utiel-Requena o a la Ruta el Vi. A m\u00e9s de la difusi\u00f3 que faran els mitjans de la campanya, el contingut ser\u00e0 compartit des de les xarxes socials de la Mancomunitat de l&#8217;Interior (@mitierradelvino) amb cada nova entrega. Actualment ja es pot consultar la informaci\u00f3 com a dest\u00ed enotur\u00edstic i de natura.<\/p>\n\n\n\n<p class=\"wp-block-paragraph\">Aquesta acci\u00f3 se suma a les ja impulsades pel Projecte Experimental d&#8217;Ocupaci\u00f3 ADAPT @ + T 2019 i el Pla de Dinamitzaci\u00f3 i Governan\u00e7a Tur\u00edstica de la Mancomunitat de l&#8217;Interior Terra de el Vi des de finals de maig, a trav\u00e9s de la campanya #TuComarcaTuFuturo #TierraBobal, destinada a la promoci\u00f3 de la qualitat i varietat de comer\u00e7os i serveis que hi ha a la comarca, aix\u00ed com l&#8217;important potencial tur\u00edstic amb qu\u00e8 compta, tenint present la seua perspectiva laboral.<\/p>\n\n\n\n<p class=\"wp-block-paragraph\">ADAPT @ + T 2019 \u00e9s un projecte subvencionat per LABORA dins de la iniciativa Avalem Territori, que va suposar la signatura a la nostra comarca d&#8217;un Acord Territorial per l&#8217;Ocupaci\u00f3 i el Desenvolupament Comarcal amb l&#8217;objectiu de fer pol\u00edtiques territorials per a l&#8217;ocupaci\u00f3 adaptades a les seues necessitats reals.<\/p>\n","protected":false},"excerpt":{"rendered":"<div class=\"mh-excerpt\">Els projectes d&#8217;ocupaci\u00f3 i de dinamitzaci\u00f3 i governan\u00e7a tur\u00edstica impulsats des de la Mancomunitat de l&#8217;Interior Terra de el Vi han unit forces per desenvolupar i finan\u00e7ar la promoci\u00f3 de la marca de destinaci\u00f3 Terra <a class=\"mh-excerpt-more\" href=\"https:\/\/tucomarca.whitekongsoftware.com\/ca\/terra-bobal-mostra-el-seu-potencial-turistic-en-la-campanya-el-turisme-que-volem\/\" title=\"Terra Bobal mostra el seu potencial tur\u00edstic en la campanya &#8216;El turisme que volem&#8217;\">[+] <\/a><\/div>\n","protected":false},"author":12,"featured_media":110083,"comment_status":"open","ping_status":"open","sticky":false,"template":"","format":"standard","meta":{"footnotes":""},"categories":[11006,12202,10948,10894,11007,10908,10909,10896,11059],"tags":[12385,10387,12386],"class_list":["post-110085","post","type-post","status-publish","format-standard","has-post-thumbnail","category-canal-vinos","category-covid-19-ca","category-infraestructuras-ca","category-la-comarca-ca","category-ocio-y-cultura-ca","category-requena-ca","category-requena-utiel-ca","category-seccion-ca","category-utiel-ca","tag-mancomunidad-del-interior-tierra-del-vino","tag-requena-utiel","tag-tierra-bobal"],"_links":{"self":[{"href":"https:\/\/tucomarca.whitekongsoftware.com\/ca\/wp-json\/wp\/v2\/posts\/110085","targetHints":{"allow":["GET"]}}],"collection":[{"href":"https:\/\/tucomarca.whitekongsoftware.com\/ca\/wp-json\/wp\/v2\/posts"}],"about":[{"href":"https:\/\/tucomarca.whitekongsoftware.com\/ca\/wp-json\/wp\/v2\/types\/post"}],"author":[{"embeddable":true,"href":"https:\/\/tucomarca.whitekongsoftware.com\/ca\/wp-json\/wp\/v2\/users\/12"}],"replies":[{"embeddable":true,"href":"https:\/\/tucomarca.whitekongsoftware.com\/ca\/wp-json\/wp\/v2\/comments?post=110085"}],"version-history":[{"count":0,"href":"https:\/\/tucomarca.whitekongsoftware.com\/ca\/wp-json\/wp\/v2\/posts\/110085\/revisions"}],"wp:featuredmedia":[{"embeddable":true,"href":"https:\/\/tucomarca.whitekongsoftware.com\/ca\/wp-json\/wp\/v2\/media\/110083"}],"wp:attachment":[{"href":"https:\/\/tucomarca.whitekongsoftware.com\/ca\/wp-json\/wp\/v2\/media?parent=110085"}],"wp:term":[{"taxonomy":"category","embeddable":true,"href":"https:\/\/tucomarca.whitekongsoftware.com\/ca\/wp-json\/wp\/v2\/categories?post=110085"},{"taxonomy":"post_tag","embeddable":true,"href":"https:\/\/tucomarca.whitekongsoftware.com\/ca\/wp-json\/wp\/v2\/tags?post=110085"}],"curies":[{"name":"wp","href":"https:\/\/api.w.org\/{rel}","templated":true}]}}