{"id":110053,"date":"2020-07-10T14:14:58","date_gmt":"2020-07-10T12:14:58","guid":{"rendered":"http:\/\/www.tucomarca.com\/wordpress\/segunda\/?p=110053"},"modified":"2020-07-10T14:15:23","modified_gmt":"2020-07-10T12:15:23","slug":"turis-anuncia-oficialment-la-suspensio-de-les-seues-festes-patronals-dagost","status":"publish","type":"post","link":"https:\/\/tucomarca.whitekongsoftware.com\/ca\/turis-anuncia-oficialment-la-suspensio-de-les-seues-festes-patronals-dagost\/","title":{"rendered":"Tur\u00eds anuncia oficialment la suspensi\u00f3 de les seues festes patronals d&#8217;agost"},"content":{"rendered":"\n<p class=\"wp-block-paragraph\">El avan\u00e7at en la v\u00eddeo entrevista mantinguda per tucomarca televisi\u00f3 amb l&#8217;alcalde de Tur\u00eds, Eugenio Forta\u00f1a, aquest dijous passat s&#8217;ha comunicat oficialment aquest divendres: Tor\u00eds no tindr\u00e0 aquest any festes patronals d&#8217;agost.<\/p>\n\n\n\n<p class=\"wp-block-paragraph\">&#8220;El passat 8 de maig f\u00e8iem p\u00fablic un comunicat, amb el consens de les festeres d&#8217;agost, pel qual s&#8217;informava de l&#8217;trasllat de la Cort d&#8217;Honor i la Reina de 2020 per a les festes de 2021, el que suposava endarrerir un any les properes convocat\u00f2ries per a ser festera a Tur\u00eds&#8221;, han informat des del consistori de Tur\u00eds.<\/p>\n\n\n\n<p class=\"wp-block-paragraph\">Es tractava d\u2019una decisi\u00f3 de les que mai pens\u00e0vem que haur\u00edem de prendre, per\u00f2 a la que ens obligaven les circumst\u00e0ncies originades per la pand\u00e8mia de la COVID-19 davant la incertesa de poder celebrar unes festes amb la normalitat que es mereixen.<\/p>\n\n\n\n<p class=\"wp-block-paragraph\">En la l\u00ednia de precauci\u00f3, cautela i prevenci\u00f3 que hem seguit des dels primers dies de la pand\u00e8mia, no hem volgut precipitar la decisi\u00f3 respecte a la suspensi\u00f3 total de festejos, a l\u2019espera de com anava evolucionant la situaci\u00f3 sanit\u00e0ria i del que anaven indicant les inst\u00e0ncies administratives superiors.<\/p>\n\n\n\n<p class=\"wp-block-paragraph\">Per\u00f2 arribat&nbsp;este&nbsp;punt, i tenint en compte el context social i sanitari a hores d\u2019ara, el m\u00e9s recomanable per a garantir la salut de tot el ve\u00efnat i de les persones que ens pogueren visitar estos dies \u00e9s suspendre definitivament les festes d\u2019agost de 2020.<\/p>\n\n\n\n<p class=\"wp-block-paragraph\">Assistim, sens dubte, a moments hist\u00f2rics que ens estan posant a prova com a societat, amb una situaci\u00f3 extraordin\u00e0ria que ens obliga a prendre decisions i a actuar amb responsabilitat personal i col\u00b7lectiva.<\/p>\n\n\n\n<p class=\"wp-block-paragraph\">&#8220;Hem d&#8217;afrontar els propers mesos com mai pens\u00e0vem que ho far\u00edem, per\u00f2 si actuem amb la prevenci\u00f3 i precauci\u00f3 requerida, i els aven\u00e7os sanitaris aix\u00ed ho permeten, segur que aquest esfor\u00e7 com\u00fa ens permet tornar a viure les festes com les coneguem, amb carrers i places al m\u00e0xim gaudint i vibrant amb les nostres tradicions i, sobretot, amb la germanor i alegria que ens caracteritza&#8221;, han finalitzat des del consistori turisano.<\/p>\n","protected":false},"excerpt":{"rendered":"<div class=\"mh-excerpt\">El avan\u00e7at en la v\u00eddeo entrevista mantinguda per tucomarca televisi\u00f3 amb l&#8217;alcalde de Tur\u00eds, Eugenio Forta\u00f1a, aquest dijous passat s&#8217;ha comunicat oficialment aquest divendres: Tor\u00eds no tindr\u00e0 aquest any festes patronals d&#8217;agost. &#8220;El passat 8 <a class=\"mh-excerpt-more\" href=\"https:\/\/tucomarca.whitekongsoftware.com\/ca\/turis-anuncia-oficialment-la-suspensio-de-les-seues-festes-patronals-dagost\/\" title=\"Tur\u00eds anuncia oficialment la suspensi\u00f3 de les seues festes patronals d&#8217;agost\">[+] <\/a><\/div>\n","protected":false},"author":1,"featured_media":110051,"comment_status":"open","ping_status":"open","sticky":false,"template":"","format":"standard","meta":{"footnotes":""},"categories":[11010,12202,10894,10902,11004,11008,10896,10897,11047],"tags":[11939,11940,11952,11077,11093],"class_list":["post-110053","post","type-post","status-publish","format-standard","has-post-thumbnail","category-canal-salud","category-covid-19-ca","category-la-comarca-ca","category-la-ribera-ca","category-la-semana-en-imagenes-ca","category-pueblos-en-fiestas-ca","category-seccion-ca","category-sucesos-la-comarca-ca","category-turis-ca","tag-coronavirus-ca","tag-covid-19-ca","tag-covid2019-ca","tag-la-ribera-alta-ca","tag-turis-ca"],"_links":{"self":[{"href":"https:\/\/tucomarca.whitekongsoftware.com\/ca\/wp-json\/wp\/v2\/posts\/110053","targetHints":{"allow":["GET"]}}],"collection":[{"href":"https:\/\/tucomarca.whitekongsoftware.com\/ca\/wp-json\/wp\/v2\/posts"}],"about":[{"href":"https:\/\/tucomarca.whitekongsoftware.com\/ca\/wp-json\/wp\/v2\/types\/post"}],"author":[{"embeddable":true,"href":"https:\/\/tucomarca.whitekongsoftware.com\/ca\/wp-json\/wp\/v2\/users\/1"}],"replies":[{"embeddable":true,"href":"https:\/\/tucomarca.whitekongsoftware.com\/ca\/wp-json\/wp\/v2\/comments?post=110053"}],"version-history":[{"count":0,"href":"https:\/\/tucomarca.whitekongsoftware.com\/ca\/wp-json\/wp\/v2\/posts\/110053\/revisions"}],"wp:featuredmedia":[{"embeddable":true,"href":"https:\/\/tucomarca.whitekongsoftware.com\/ca\/wp-json\/wp\/v2\/media\/110051"}],"wp:attachment":[{"href":"https:\/\/tucomarca.whitekongsoftware.com\/ca\/wp-json\/wp\/v2\/media?parent=110053"}],"wp:term":[{"taxonomy":"category","embeddable":true,"href":"https:\/\/tucomarca.whitekongsoftware.com\/ca\/wp-json\/wp\/v2\/categories?post=110053"},{"taxonomy":"post_tag","embeddable":true,"href":"https:\/\/tucomarca.whitekongsoftware.com\/ca\/wp-json\/wp\/v2\/tags?post=110053"}],"curies":[{"name":"wp","href":"https:\/\/api.w.org\/{rel}","templated":true}]}}