{"id":110020,"date":"2020-07-09T15:35:03","date_gmt":"2020-07-09T13:35:03","guid":{"rendered":"http:\/\/www.tucomarca.com\/wordpress\/segunda\/?p=110020"},"modified":"2020-07-09T15:35:05","modified_gmt":"2020-07-09T13:35:05","slug":"turisme-utiel-reobri-els-cellers-subterranis-previs-reserva-i-amb-aforament-limitat","status":"publish","type":"post","link":"https:\/\/tucomarca.whitekongsoftware.com\/ca\/turisme-utiel-reobri-els-cellers-subterranis-previs-reserva-i-amb-aforament-limitat\/","title":{"rendered":"Turisme Utiel reobri els cellers subterranis previs reserva i amb aforament limitat"},"content":{"rendered":"\n<p class=\"wp-block-paragraph\"><strong>Es reprenen els recorreguts tur\u00edstics als cellers de Puerta Nova, Oficina de Turisme i Ajuntament adequant-los als protocols Covid-19<\/strong><\/p>\n\n\n\n<p class=\"wp-block-paragraph\">Hui l&#8217;Oficina de Turisme d&#8217;Utiel torna a obrir les portes i restableix les visites guiades a un dels principals recursos patrimonials del municipi, els cellers subterr\u00e0nies.<\/p>\n\n\n\n<p class=\"wp-block-paragraph\">El gran tresor amagat de la ciutat de nou es mostra a el p\u00fablic amb algunes adaptacions Covid-19 que permetran el gaudi del ric patrimoni etnol\u00f2gic d&#8217;Utiel garantint al seu torn la seguretat dels visitants.<\/p>\n\n\n\n<p class=\"wp-block-paragraph\">Reducci\u00f3 d&#8217;aforament<\/p>\n\n\n\n<p class=\"wp-block-paragraph\">Les pr\u00f2pies caracter\u00edstiques d&#8217;aquests cellers, que ocupen una xarxa de passadissos d&#8217;origen medieval i per tant compten amb accessos de redu\u00efdes dimensions, obliguen a reduir l&#8217;aforament per grup a 8 persones tant en els cellers &#8220;Porta Nova&#8221; com a les ubicades a Oficina de Turisme ia l&#8217;Ajuntament d&#8217;Utiel.<\/p>\n\n\n\n<p class=\"wp-block-paragraph\">En tot moment, els guies tur\u00edstics garantiran la seguretat dels visitants escalonant l&#8217;acc\u00e9s a aquells espais en qu\u00e8 siga necessari per mantenir el distanciament social.<\/p>\n\n\n\n<p class=\"wp-block-paragraph\">A aquestes mesures se suma l&#8217;\u00fas obligatori de m\u00e0scara, aix\u00ed com la desinfecci\u00f3 amb gel hidroalcoh\u00f3lico a l&#8217;accedir al recinte tal com marquen els protocols de les administracions sanit\u00e0ries.<\/p>\n\n\n\n<p class=\"wp-block-paragraph\"><strong>Visites amb reserva pr\u00e8via<\/strong><\/p>\n\n\n\n<p class=\"wp-block-paragraph\">Per visitar els cellers subterr\u00e0nies cal concertar cita pr\u00e8via a trav\u00e9s de l&#8217;Oficina de Turisme d&#8217;Utiel cridant a al tel\u00e8fon 96.217 22 feb o via mail a <em>turismo@utiel.es<\/em><\/p>\n\n\n\n<p class=\"wp-block-paragraph\">L&#8217;oficina est\u00e0 oberta a el p\u00fablic de dimecres a diumenge en horari de 10 a 14 i de 17 a 20 hores.<\/p>\n","protected":false},"excerpt":{"rendered":"<div class=\"mh-excerpt\">Es reprenen els recorreguts tur\u00edstics als cellers de Puerta Nova, Oficina de Turisme i Ajuntament adequant-los als protocols Covid-19 Hui l&#8217;Oficina de Turisme d&#8217;Utiel torna a obrir les portes i restableix les visites guiades a <a class=\"mh-excerpt-more\" href=\"https:\/\/tucomarca.whitekongsoftware.com\/ca\/turisme-utiel-reobri-els-cellers-subterranis-previs-reserva-i-amb-aforament-limitat\/\" title=\"Turisme Utiel reobri els cellers subterranis previs reserva i amb aforament limitat\">[+] <\/a><\/div>\n","protected":false},"author":12,"featured_media":110019,"comment_status":"open","ping_status":"open","sticky":false,"template":"","format":"standard","meta":{"footnotes":""},"categories":[11010,11006,12202,10948,10894,10903,11007,10947,10909,10896,11059],"tags":[12107,11255,11939,11940,11666],"class_list":["post-110020","post","type-post","status-publish","format-standard","has-post-thumbnail","category-canal-salud","category-canal-vinos","category-covid-19-ca","category-infraestructuras-ca","category-la-comarca-ca","category-medio-ambiente-la-comarca-ca","category-ocio-y-cultura-ca","category-politica","category-requena-utiel-ca","category-seccion-ca","category-utiel-ca","tag-ayuntamiento-utiel-ca","tag-comarca-requena-utiel-ca","tag-coronavirus-ca","tag-covid-19-ca","tag-d-o-requena-utiel-ca"],"_links":{"self":[{"href":"https:\/\/tucomarca.whitekongsoftware.com\/ca\/wp-json\/wp\/v2\/posts\/110020","targetHints":{"allow":["GET"]}}],"collection":[{"href":"https:\/\/tucomarca.whitekongsoftware.com\/ca\/wp-json\/wp\/v2\/posts"}],"about":[{"href":"https:\/\/tucomarca.whitekongsoftware.com\/ca\/wp-json\/wp\/v2\/types\/post"}],"author":[{"embeddable":true,"href":"https:\/\/tucomarca.whitekongsoftware.com\/ca\/wp-json\/wp\/v2\/users\/12"}],"replies":[{"embeddable":true,"href":"https:\/\/tucomarca.whitekongsoftware.com\/ca\/wp-json\/wp\/v2\/comments?post=110020"}],"version-history":[{"count":0,"href":"https:\/\/tucomarca.whitekongsoftware.com\/ca\/wp-json\/wp\/v2\/posts\/110020\/revisions"}],"wp:featuredmedia":[{"embeddable":true,"href":"https:\/\/tucomarca.whitekongsoftware.com\/ca\/wp-json\/wp\/v2\/media\/110019"}],"wp:attachment":[{"href":"https:\/\/tucomarca.whitekongsoftware.com\/ca\/wp-json\/wp\/v2\/media?parent=110020"}],"wp:term":[{"taxonomy":"category","embeddable":true,"href":"https:\/\/tucomarca.whitekongsoftware.com\/ca\/wp-json\/wp\/v2\/categories?post=110020"},{"taxonomy":"post_tag","embeddable":true,"href":"https:\/\/tucomarca.whitekongsoftware.com\/ca\/wp-json\/wp\/v2\/tags?post=110020"}],"curies":[{"name":"wp","href":"https:\/\/api.w.org\/{rel}","templated":true}]}}