{"id":110014,"date":"2020-07-09T15:32:25","date_gmt":"2020-07-09T13:32:25","guid":{"rendered":"http:\/\/www.tucomarca.com\/wordpress\/segunda\/?p=110014"},"modified":"2020-07-09T15:32:46","modified_gmt":"2020-07-09T13:32:46","slug":"ana-barcelo-hem-adaptat-els-centres-de-salut-per-reforcar-la-tasca-de-contencio-del-coronavirus","status":"publish","type":"post","link":"https:\/\/tucomarca.whitekongsoftware.com\/ca\/ana-barcelo-hem-adaptat-els-centres-de-salut-per-reforcar-la-tasca-de-contencio-del-coronavirus\/","title":{"rendered":"Ana Barcel\u00f3: &#8220;Hem adaptat els centres de salut per refor\u00e7ar la tasca de contenci\u00f3 del coronavirus&#8221;"},"content":{"rendered":"\n<p class=\"wp-block-paragraph\">La consellera de Sanitat Universal i Salut P\u00fablica, Ana Barcel\u00f3, ha comparegut en roda de premsa per informar sobre les mesures de prevenci\u00f3 que es van a dur a terme en els centres de salut amb la finalitat de refor\u00e7ar la tasca que s&#8217;est\u00e0 realitzant des Atenci\u00f3 Prim\u00e0ria per contenir el coronavirus a la Comunitat Valenciana.<\/p>\n\n\n\n<p class=\"wp-block-paragraph\">La consellera de Sanitat ha destacat que &#8220;la Comunitat Valenciana \u00e9s la cinquena autonomia amb menys incid\u00e8ncia acumulada, en concret, 1,72 casos per cada 100.000 habitants en els \u00faltims set dies, mentre que la mitjana d&#8217;Espanya se situa en el 4 , 99 &#8220;.<\/p>\n\n\n\n<p class=\"wp-block-paragraph\">A m\u00e9s, en els \u00faltims 14 dies, la incid\u00e8ncia acumulada a la Comunitat Valenciana \u00e9s de 3,40 casos per cada 100.000 habitants i la mitjana nacional \u00e9s de 9,89 per cada 100.000 habitants.<\/p>\n\n\n\n<p class=\"wp-block-paragraph\">En aquest sentit, Barcel\u00f3 ha destacat que &#8220;aquesta incid\u00e8ncia acumulada indica que la Comunitat Valenciana es troba en un moment de contenci\u00f3&#8221;.<\/p>\n\n\n\n<p class=\"wp-block-paragraph\">D&#8217;altra banda, en Atenci\u00f3 Prim\u00e0ria s&#8217;han detectat 22.438 possibles casos de coronavirus a la Comunitat Valenciana des del 11 de maig fins al 5 de juliol. D&#8217;aquests casos, se li ha realitzat la PCR a el 92,4% de les quals han donat positives un 1%, el que suposa un \u00edndex molt baix.<\/p>\n\n\n\n<p class=\"wp-block-paragraph\">Per prov\u00edncies, a Castell\u00f3 s&#8217;han detectat 2.988 possibles casos en atenci\u00f3 prim\u00e0ria, i s&#8217;ha realitzat PCR a l&#8217;93,1%, dels quals el 1,8% ha resultat positiu. A la prov\u00edncia de Val\u00e8ncia s&#8217;han detectat 11.811 possibles casos i s&#8217;ha realitzat la PCR a el 92,5% dels casos, dels quals un 1% ha resultat positiu. A Alacant, els possibles casos detectats han estat 7.639, realitzant la prova a el 91,8%, de les quals el 0,7% ha donat positiu.<\/p>\n\n\n\n<p class=\"wp-block-paragraph\">Finalment, en el cas de pacients que ingressen i als quals se&#8217;ls fa la PCR s&#8217;han registrat 127 casos possibles i positius un 1,6%. Aix\u00ed mateix, de les PCR en els serveis d&#8217;Urg\u00e8ncies, en concret 896 des del 11 de maig fins al 5 de juliol, han donat positives un 0,9%. A m\u00e9s, en hospital\u00e0ria i urg\u00e8ncies s&#8217;han realitzat 1.023 PCR, de les quals un 1% han donat positiu.<\/p>\n\n\n\n<p class=\"wp-block-paragraph\"><strong>Atenci\u00f3 Primaria<\/strong><\/p>\n\n\n\n<p class=\"wp-block-paragraph\">Segons ha explicat Barcel\u00f3, &#8220;hem adoptat una s\u00e8rie de mesures preventives en els centres de salut que estan orientades a contenir la pres\u00e8ncia de virus en la nostra Comunitat a el temps que es recupera la normalitat en l&#8217;assist\u00e8ncia sanit\u00e0ria. L&#8217;objectiu \u00e9s atendre la demanda assistencial durant aquesta \u00e8poca estival i, al seu torn, facilitar la tasca dels professionals sanitaris &#8220;.<\/p>\n\n\n\n<p class=\"wp-block-paragraph\">Entre les mesures preventives que ha implantat la Conselleria de Sanitat per tal d&#8217;evitar contagis hi ha la limitaci\u00f3 de l&#8217;aforament en els centres de salut per seguretat de pacients i de professionals. Aix\u00ed mateix, s&#8217;han establert dos circuits diferenciats, un COVID i un altre no COVID, per separar pacients, tot aix\u00f2 despr\u00e9s de la revisi\u00f3 que han portat a terme els serveis de prevenci\u00f3 de riscos laborals en cada centre.<\/p>\n\n\n\n<p class=\"wp-block-paragraph\">D&#8217;altra banda, alguns centres de la Comunitat Valenciana amplien els seus horaris i atenen pacients en horaris de tarda. D&#8217;aquesta manera, el que es pret\u00e9n evitar \u00e9s l&#8217;exc\u00e9s de consultes concentrades als matins i proporcionar una amplitud d&#8217;horari als usuaris. Sobre aquest aspecte, Barcel\u00f3 ha indicat que &#8220;la planificaci\u00f3 dels centres s&#8217;ha dut a terme atenent les necessitats de les direccions de prim\u00e0ria. De fet, en relaci\u00f3 amb l&#8217;horari s&#8217;ha conjugat la necessitat d&#8217;atenci\u00f3 als pacients amb el descans de els professionals &#8220;.<\/p>\n\n\n\n<p class=\"wp-block-paragraph\">&#8220;Som conscients l&#8217;esfor\u00e7 que han dut a terme els professionals en tot aquest temps de pand\u00e8mia. Per aix\u00f2, hem planificat l&#8217;atenci\u00f3 sanit\u00e0ria durant aquesta fase de nova normalitat atenent les necessitats, tant dels pacients com dels propis professionals&#8221;, ha afegit .<\/p>\n\n\n\n<p class=\"wp-block-paragraph\"><strong>Cita pr\u00e8via telef\u00f2nica a trav\u00e9s de GVA + Salut<\/strong><\/p>\n\n\n\n<p class=\"wp-block-paragraph\">Barcel\u00f3 ha indicat que &#8220;si un ciutad\u00e0 necessita trucar al seu centre de salut i posar-se en contacte amb el seu metge per qualsevol problema que necessiti i que no requereixi visita, ha de trucar a el centre&#8221;. Per a aix\u00f2, s&#8217;aconsella la utilitzaci\u00f3 de franges hor\u00e0ries m\u00e9s enll\u00e0 de la primera hora, on es detecta una gran concentraci\u00f3 en el nombre de trucades.<\/p>\n\n\n\n<p class=\"wp-block-paragraph\">A m\u00e9s, des de la Conselleria de Sanitat s&#8217;han pres mesures com l&#8217;opci\u00f3 de cita pr\u00e8via telef\u00f2nica amb el o la professional a trav\u00e9s de l&#8217;APP GVA + Salut, una mesura que estar\u00e0 implantada en breu.<\/p>\n\n\n\n<p class=\"wp-block-paragraph\">En tot cas, si un ciutad\u00e0 requereix d&#8217;atenci\u00f3 no demorable en Atenci\u00f3 prim\u00e0ria, ha d&#8217;acudir al seu centre de salut o PAC \/ PAS fora de l&#8217;horari d&#8217;obertura.<\/p>\n\n\n\n<p class=\"wp-block-paragraph\"><strong>Dispensaci\u00f3 de tractaments sense recepta de paper<\/strong><\/p>\n\n\n\n<p class=\"wp-block-paragraph\">Les mesures que s&#8217;han adoptat en l&#8217;\u00e0mbit farmac\u00e8utic durant l&#8217;estat d&#8217;alarma van a romandre de moment per tal de reduir la c\u00e0rrega administrativa dels i les professionals d&#8217;Atenci\u00f3 Prim\u00e0ria i contribuir a la disponibilitat de determinats productes sanitaris. Per aix\u00f2, es mant\u00e9 en molts tractaments la prescripci\u00f3 sense necessitat d&#8217;haver d&#8217;acudir a centre de salut.<\/p>\n\n\n\n<p class=\"wp-block-paragraph\">A m\u00e9s, seguir\u00e0 disponible la dispensaci\u00f3 de medicaments a les farm\u00e0cies sense necessitat de la recepta en paper, de manera que l&#8217;usuari o usu\u00e0ria pugui retirar la seva medicaci\u00f3 amb la seva targeta SIP.<\/p>\n\n\n\n<p class=\"wp-block-paragraph\">Pel que fa a tractaments cr\u00f2nics, s&#8217;ha procedit a la prolongaci\u00f3 autom\u00e0tica i, segons ha manifestat Barcel\u00f3, &#8220;aquesta mesura ha evitat un mili\u00f3 de visites als centres de salut&#8221;.<\/p>\n\n\n\n<p class=\"wp-block-paragraph\">Una altra de les mesures que es mant\u00e9 \u00e9s la prescripci\u00f3 electr\u00f2nica a funcionaris mutualistes amb assist\u00e8ncia p\u00fablica (Muface, Isfas, Mugeju) i la planificaci\u00f3 flexible de retirada de tractaments, de manera que el pacient acudeix a retirar la seva medicaci\u00f3 quan se li hagi acabat, evitant acumulaci\u00f3 de medicaments sense utilitzar.<\/p>\n","protected":false},"excerpt":{"rendered":"<div class=\"mh-excerpt\">La consellera de Sanitat Universal i Salut P\u00fablica, Ana Barcel\u00f3, ha comparegut en roda de premsa per informar sobre les mesures de prevenci\u00f3 que es van a dur a terme en els centres de salut <a class=\"mh-excerpt-more\" href=\"https:\/\/tucomarca.whitekongsoftware.com\/ca\/ana-barcelo-hem-adaptat-els-centres-de-salut-per-reforcar-la-tasca-de-contencio-del-coronavirus\/\" title=\"Ana Barcel\u00f3: &#8220;Hem adaptat els centres de salut per refor\u00e7ar la tasca de contenci\u00f3 del coronavirus&#8221;\">[+] <\/a><\/div>\n","protected":false},"author":1,"featured_media":110011,"comment_status":"open","ping_status":"open","sticky":false,"template":"","format":"standard","meta":{"footnotes":""},"categories":[11010,12202,10898,10948,10894,10904,10903,10947,10896,10897],"tags":[11939,11940,11952],"class_list":["post-110014","post","type-post","status-publish","format-standard","has-post-thumbnail","category-canal-salud","category-covid-19-ca","category-ventana-ca","category-infraestructuras-ca","category-la-comarca-ca","category-sin-categorizar-ca","category-medio-ambiente-la-comarca-ca","category-politica","category-seccion-ca","category-sucesos-la-comarca-ca","tag-coronavirus-ca","tag-covid-19-ca","tag-covid2019-ca"],"_links":{"self":[{"href":"https:\/\/tucomarca.whitekongsoftware.com\/ca\/wp-json\/wp\/v2\/posts\/110014","targetHints":{"allow":["GET"]}}],"collection":[{"href":"https:\/\/tucomarca.whitekongsoftware.com\/ca\/wp-json\/wp\/v2\/posts"}],"about":[{"href":"https:\/\/tucomarca.whitekongsoftware.com\/ca\/wp-json\/wp\/v2\/types\/post"}],"author":[{"embeddable":true,"href":"https:\/\/tucomarca.whitekongsoftware.com\/ca\/wp-json\/wp\/v2\/users\/1"}],"replies":[{"embeddable":true,"href":"https:\/\/tucomarca.whitekongsoftware.com\/ca\/wp-json\/wp\/v2\/comments?post=110014"}],"version-history":[{"count":0,"href":"https:\/\/tucomarca.whitekongsoftware.com\/ca\/wp-json\/wp\/v2\/posts\/110014\/revisions"}],"wp:featuredmedia":[{"embeddable":true,"href":"https:\/\/tucomarca.whitekongsoftware.com\/ca\/wp-json\/wp\/v2\/media\/110011"}],"wp:attachment":[{"href":"https:\/\/tucomarca.whitekongsoftware.com\/ca\/wp-json\/wp\/v2\/media?parent=110014"}],"wp:term":[{"taxonomy":"category","embeddable":true,"href":"https:\/\/tucomarca.whitekongsoftware.com\/ca\/wp-json\/wp\/v2\/categories?post=110014"},{"taxonomy":"post_tag","embeddable":true,"href":"https:\/\/tucomarca.whitekongsoftware.com\/ca\/wp-json\/wp\/v2\/tags?post=110014"}],"curies":[{"name":"wp","href":"https:\/\/api.w.org\/{rel}","templated":true}]}}