{"id":109771,"date":"2020-07-05T12:27:01","date_gmt":"2020-07-05T10:27:01","guid":{"rendered":"http:\/\/www.tucomarca.com\/wordpress\/segunda\/?p=109771"},"modified":"2020-07-06T12:43:42","modified_gmt":"2020-07-06T10:43:42","slug":"el-departament-de-salut-de-requena-comptara-a-partir-de-setembre-amb-maquina-de-ressonancia-magnetica","status":"publish","type":"post","link":"https:\/\/tucomarca.whitekongsoftware.com\/ca\/el-departament-de-salut-de-requena-comptara-a-partir-de-setembre-amb-maquina-de-ressonancia-magnetica\/","title":{"rendered":"El Departament de Salut de Requena comptar\u00e0 a partir de setembre amb m\u00e0quina de resson\u00e0ncia magn\u00e8tica"},"content":{"rendered":"\n<p class=\"wp-block-paragraph\"><strong>L&#8217;equipament evitar\u00e0 llargs despla\u00e7aments a les m\u00e9s de 53.000 persones adscrites al departament, el de major dispersi\u00f3 geogr\u00e0fica<\/strong><\/p>\n\n\n\n<p class=\"wp-block-paragraph\"><strong>La m\u00e0quina permetr\u00e0 realitzar unes 1.700 proves diagn\u00f2stiques de patologies neurol\u00f2giques, oncol\u00f2giques o musculoesquel\u00e9ticas<\/strong><\/p>\n\n\n\n<p class=\"wp-block-paragraph\">El Departament de Salut de Requena comptar\u00e0 a partir del mes de setembre amb una nova m\u00e0quina de resson\u00e0ncia magn\u00e8tica de la qual es podran beneficiar prop de 53.000 pacients.<\/p>\n\n\n\n<p class=\"wp-block-paragraph\">L&#8217;equipament permetr\u00e0 realitzar cada any 1.700 proves i evitar\u00e0 llargs despla\u00e7aments a habitants de Requena, Utiel i de la resta de municipis de l&#8217;departament, els que fins ara havien de despla\u00e7ar-se a Val\u00e8ncia per a aquest tipus d&#8217;exploracions.<\/p>\n\n\n\n<p class=\"wp-block-paragraph\">Aquesta tecnologia, de fabricaci\u00f3 holandesa, permet realitzar proves diagn\u00f2stiques de patologies neurol\u00f2giques, oncol\u00f2giques o musculoesquel\u00e8tiques, entre d&#8217;altres.<\/p>\n\n\n\n<p class=\"wp-block-paragraph\">L&#8217;Hospital de Requena ha habilitat un espai espec\u00edfic en un edifici de 200 metres quadrats per instal\u00b7lar la m\u00e0quina de resson\u00e0ncia magn\u00e8tica. Es tracta d&#8217;una sala de 30 metres quadrats allunyada de l&#8217;vial exterior per evitar interfer\u00e8ncies met\u00e0l\u00b7liques i vibracions de el pas rodat.<\/p>\n\n\n\n<p class=\"wp-block-paragraph\">Aquest espai compta a m\u00e9s amb totes les instal\u00b7lacions el\u00e8ctriques i de climatitzaci\u00f3 preceptives, i est\u00e0 dotat amb preses per a gasos medicinals.<\/p>\n\n\n\n<p class=\"wp-block-paragraph\">Els i les professionals de Servei de Radiologia de Departament han rebut formaci\u00f3 te\u00f2rica espec\u00edfica per al maneig de l&#8217;equip, i durant l&#8217;estiu assistiran a sessions pr\u00e0ctiques.<\/p>\n\n\n\n<p class=\"wp-block-paragraph\">El Departament de Salut de Requena ha pogut accedir a aquesta tecnologia d&#8217;alta precisi\u00f3, amb un cost de 585.000 euros, gr\u00e0cies a la donaci\u00f3 realitzada per la Fundaci\u00f3 d&#8217;Amancio Ortega destinada a la millora dels tractaments enfront de el c\u00e0ncer.<\/p>\n\n\n\n<p class=\"wp-block-paragraph\"><strong>Poblaci\u00f3 de 18 municipis<\/strong><\/p>\n\n\n\n<p class=\"wp-block-paragraph\">El Departament de Salut de Requena ofereix assist\u00e8ncia sanit\u00e0ria a 18 municipis que tenen a l&#8217;Hospital General de Requena com a hospital de refer\u00e8ncia.<\/p>\n\n\n\n<p class=\"wp-block-paragraph\">\u00c9s el departament amb m\u00e9s dispersi\u00f3 de tots els que formen el mapa sanitari de la Comunitat Valenciana, encara que, en contraposici\u00f3, \u00e9s el m\u00e9s despoblat, amb nom\u00e9s dos municipis amb m\u00e9s de 10.000 habitants: Requena i Utiel.<\/p>\n\n\n\n<p class=\"wp-block-paragraph\">La poblaci\u00f3 fixa de el departament \u00e9s aproximadament de 46.000 habitants, als quals cal sumar els aproximadament 7.000 pacients provinents de municipis propers de Conca atesos a l&#8217;Hospital de Requena en virtut d&#8217;un acord que en el seu dia es va subscriure amb l&#8217;Insalud, a m\u00e9s de una considerable poblaci\u00f3 flotant.<\/p>\n","protected":false},"excerpt":{"rendered":"<div class=\"mh-excerpt\">L&#8217;equipament evitar\u00e0 llargs despla\u00e7aments a les m\u00e9s de 53.000 persones adscrites al departament, el de major dispersi\u00f3 geogr\u00e0fica La m\u00e0quina permetr\u00e0 realitzar unes 1.700 proves diagn\u00f2stiques de patologies neurol\u00f2giques, oncol\u00f2giques o musculoesquel\u00e9ticas El Departament de <a class=\"mh-excerpt-more\" href=\"https:\/\/tucomarca.whitekongsoftware.com\/ca\/el-departament-de-salut-de-requena-comptara-a-partir-de-setembre-amb-maquina-de-ressonancia-magnetica\/\" title=\"El Departament de Salut de Requena comptar\u00e0 a partir de setembre amb m\u00e0quina de resson\u00e0ncia magn\u00e8tica\">[+] <\/a><\/div>\n","protected":false},"author":12,"featured_media":109770,"comment_status":"open","ping_status":"open","sticky":false,"template":"","format":"standard","meta":{"footnotes":""},"categories":[11010,10898,10948,10894,10908,10909,10896,10897],"tags":[11937,11938,11951],"class_list":["post-109771","post","type-post","status-publish","format-standard","has-post-thumbnail","category-canal-salud","category-ventana-ca","category-infraestructuras-ca","category-la-comarca-ca","category-requena-ca","category-requena-utiel-ca","category-seccion-ca","category-sucesos-la-comarca-ca","tag-coronavirus","tag-covid-19","tag-covid2019"],"_links":{"self":[{"href":"https:\/\/tucomarca.whitekongsoftware.com\/ca\/wp-json\/wp\/v2\/posts\/109771","targetHints":{"allow":["GET"]}}],"collection":[{"href":"https:\/\/tucomarca.whitekongsoftware.com\/ca\/wp-json\/wp\/v2\/posts"}],"about":[{"href":"https:\/\/tucomarca.whitekongsoftware.com\/ca\/wp-json\/wp\/v2\/types\/post"}],"author":[{"embeddable":true,"href":"https:\/\/tucomarca.whitekongsoftware.com\/ca\/wp-json\/wp\/v2\/users\/12"}],"replies":[{"embeddable":true,"href":"https:\/\/tucomarca.whitekongsoftware.com\/ca\/wp-json\/wp\/v2\/comments?post=109771"}],"version-history":[{"count":0,"href":"https:\/\/tucomarca.whitekongsoftware.com\/ca\/wp-json\/wp\/v2\/posts\/109771\/revisions"}],"wp:featuredmedia":[{"embeddable":true,"href":"https:\/\/tucomarca.whitekongsoftware.com\/ca\/wp-json\/wp\/v2\/media\/109770"}],"wp:attachment":[{"href":"https:\/\/tucomarca.whitekongsoftware.com\/ca\/wp-json\/wp\/v2\/media?parent=109771"}],"wp:term":[{"taxonomy":"category","embeddable":true,"href":"https:\/\/tucomarca.whitekongsoftware.com\/ca\/wp-json\/wp\/v2\/categories?post=109771"},{"taxonomy":"post_tag","embeddable":true,"href":"https:\/\/tucomarca.whitekongsoftware.com\/ca\/wp-json\/wp\/v2\/tags?post=109771"}],"curies":[{"name":"wp","href":"https:\/\/api.w.org\/{rel}","templated":true}]}}