{"id":109708,"date":"2020-07-02T19:04:51","date_gmt":"2020-07-02T17:04:51","guid":{"rendered":"http:\/\/www.tucomarca.com\/wordpress\/segunda\/?p=109708"},"modified":"2020-07-02T19:04:53","modified_gmt":"2020-07-02T17:04:53","slug":"la-comunitat-valenciana-registra-21-nous-contagis-en-el-seu-segon-dia-sense-morts-per-coronavirus","status":"publish","type":"post","link":"https:\/\/tucomarca.whitekongsoftware.com\/ca\/la-comunitat-valenciana-registra-21-nous-contagis-en-el-seu-segon-dia-sense-morts-per-coronavirus\/","title":{"rendered":"La Comunitat Valenciana registra 21 nous contagis en el seu segon dia sense morts per coronavirus"},"content":{"rendered":"\n<p class=\"wp-block-paragraph\">Per segon dia consecutiu no s&#8217;ha notificat cap mort per coronavirus a la Comunitat Valenciana, per la qual cosa el nombre total segueix en 1.475 persones.<\/p>\n\n\n\n<p class=\"wp-block-paragraph\">D&#8217;altra banda, el nombre de persones ingressades als hospitals valencians continua en descens, i en aquests moments \u00e9s de 52 pacients. En la mateixa l\u00ednia, queden 5 pacients a les Unitats de Cures Intensives, cap d&#8217;ells a la prov\u00edncia de Castell\u00f3. Per prov\u00edncies: 5 a la prov\u00edncia de Castell\u00f3, sense pacients en UCI; 23 a la prov\u00edncia d&#8217;Alacant, d&#8217;ells 3 a la UCI; i 24 a la prov\u00edncia de Val\u00e8ncia, d&#8217;ells 2 a la UCI.<\/p>\n\n\n\n<p class=\"wp-block-paragraph\">A el mateix temps, cal comptabilitzar 101 altes, que s&#8217;eleven ja a 16.817 el nombre de persones curades des de l&#8217;inici de la pand\u00e8mia: 2.357 a Castell\u00f3, 5.652 a Alacant i 8.802 a Val\u00e8ncia, als quals cal sumar 6 altes a persones despla\u00e7ades.<\/p>\n\n\n\n<p class=\"wp-block-paragraph\">D&#8217;altra banda, aquest dijous s&#8217;han confirmat 21 casos nous de coronavirus: 3 a Castell\u00f3 (1.632 en total); 2 a la prov\u00edncia d&#8217;Alacant (3.976 en total); i 16 a la prov\u00edncia de Val\u00e8ncia (6.008 en total). A m\u00e9s, cal sumar 3 no assignats anteriors.<\/p>\n\n\n\n<p class=\"wp-block-paragraph\">D&#8217;aquesta manera, a hores d&#8217;ara queden actius 308 casos, el que suposa un 1,6% de l&#8217;total de positius.<\/p>\n\n\n\n<p class=\"wp-block-paragraph\">El nombre total de proves dutes a terme per a la detecci\u00f3 de l&#8217;coronavirus ha estat de 459.989, de les quals 335.928 han estat a trav\u00e9s de PCR i 124.061 a trav\u00e9s de test r\u00e0pid.<\/p>\n\n\n\n<p class=\"wp-block-paragraph\"><strong>Actualitzaci\u00f3 de la situaci\u00f3 en resid\u00e8ncies<\/strong><\/p>\n\n\n\n<p class=\"wp-block-paragraph\">Actualment hi ha algun cas positiu en 7 centres: 0 a la prov\u00edncia de Castell\u00f3, 1 a la d&#8217;Alacant i 6 a la prov\u00edncia de Val\u00e8ncia.<\/p>\n\n\n\n<p class=\"wp-block-paragraph\">\u00b7 Residents nous positius: 0<\/p>\n\n\n\n<p class=\"wp-block-paragraph\">\u00b7 Treballadors nous positius: 0<\/p>\n\n\n\n<p class=\"wp-block-paragraph\">\u00b7 Residents morts: 0<\/p>\n\n\n\n<p class=\"wp-block-paragraph\">A hores d&#8217;ara, es troben sota vigil\u00e0ncia activa de control sanitari 4 resid\u00e8ncies a la Comunitat Valenciana: 0 a la prov\u00edncia de Castell\u00f3, 1 a la prov\u00edncia d&#8217;Alacant i 3 a la prov\u00edncia de Val\u00e8ncia.<\/p>\n","protected":false},"excerpt":{"rendered":"<div class=\"mh-excerpt\">Per segon dia consecutiu no s&#8217;ha notificat cap mort per coronavirus a la Comunitat Valenciana, per la qual cosa el nombre total segueix en 1.475 persones. D&#8217;altra banda, el nombre de persones ingressades als hospitals <a class=\"mh-excerpt-more\" href=\"https:\/\/tucomarca.whitekongsoftware.com\/ca\/la-comunitat-valenciana-registra-21-nous-contagis-en-el-seu-segon-dia-sense-morts-per-coronavirus\/\" title=\"La Comunitat Valenciana registra 21 nous contagis en el seu segon dia sense morts per coronavirus\">[+] <\/a><\/div>\n","protected":false},"author":1,"featured_media":103668,"comment_status":"open","ping_status":"open","sticky":false,"template":"","format":"standard","meta":{"footnotes":""},"categories":[11010,12202,10898,10948,10894,10904,10903,10947,10896,10897],"tags":[11939,11940,11952],"class_list":["post-109708","post","type-post","status-publish","format-standard","has-post-thumbnail","category-canal-salud","category-covid-19-ca","category-ventana-ca","category-infraestructuras-ca","category-la-comarca-ca","category-sin-categorizar-ca","category-medio-ambiente-la-comarca-ca","category-politica","category-seccion-ca","category-sucesos-la-comarca-ca","tag-coronavirus-ca","tag-covid-19-ca","tag-covid2019-ca"],"_links":{"self":[{"href":"https:\/\/tucomarca.whitekongsoftware.com\/ca\/wp-json\/wp\/v2\/posts\/109708","targetHints":{"allow":["GET"]}}],"collection":[{"href":"https:\/\/tucomarca.whitekongsoftware.com\/ca\/wp-json\/wp\/v2\/posts"}],"about":[{"href":"https:\/\/tucomarca.whitekongsoftware.com\/ca\/wp-json\/wp\/v2\/types\/post"}],"author":[{"embeddable":true,"href":"https:\/\/tucomarca.whitekongsoftware.com\/ca\/wp-json\/wp\/v2\/users\/1"}],"replies":[{"embeddable":true,"href":"https:\/\/tucomarca.whitekongsoftware.com\/ca\/wp-json\/wp\/v2\/comments?post=109708"}],"version-history":[{"count":0,"href":"https:\/\/tucomarca.whitekongsoftware.com\/ca\/wp-json\/wp\/v2\/posts\/109708\/revisions"}],"wp:featuredmedia":[{"embeddable":true,"href":"https:\/\/tucomarca.whitekongsoftware.com\/ca\/wp-json\/wp\/v2\/media\/103668"}],"wp:attachment":[{"href":"https:\/\/tucomarca.whitekongsoftware.com\/ca\/wp-json\/wp\/v2\/media?parent=109708"}],"wp:term":[{"taxonomy":"category","embeddable":true,"href":"https:\/\/tucomarca.whitekongsoftware.com\/ca\/wp-json\/wp\/v2\/categories?post=109708"},{"taxonomy":"post_tag","embeddable":true,"href":"https:\/\/tucomarca.whitekongsoftware.com\/ca\/wp-json\/wp\/v2\/tags?post=109708"}],"curies":[{"name":"wp","href":"https:\/\/api.w.org\/{rel}","templated":true}]}}