{"id":109628,"date":"2020-07-01T21:16:07","date_gmt":"2020-07-01T19:16:07","guid":{"rendered":"http:\/\/www.tucomarca.com\/wordpress\/segunda\/?p=109628"},"modified":"2020-07-01T21:16:10","modified_gmt":"2020-07-01T19:16:10","slug":"el-cim-santa-cecilia-de-iatova-tanca-els-seus-trobades-digitals-amb-una-xarrada-colloqui-amb-el-compositor-manuel-morales","status":"publish","type":"post","link":"https:\/\/tucomarca.whitekongsoftware.com\/ca\/el-cim-santa-cecilia-de-iatova-tanca-els-seus-trobades-digitals-amb-una-xarrada-colloqui-amb-el-compositor-manuel-morales\/","title":{"rendered":"El CIM &#8220;Santa Cec\u00edlia&#8221; de I\u00e0tova tanca els seus trobades digitals amb una xarrada-col\u00b7loqui amb el compositor Manuel Morales"},"content":{"rendered":"\n<p class=\"wp-block-paragraph\"><strong>Amb la volta a la nova normalitat i la reactivaci\u00f3 assajos presencials a partir del 3 de juliol, el CIM ha clausurat el seu projecte &#8220;Encuentros CIM des de casa&#8221; amb una xarrada-col\u00b7loqui amb el compositor xivano Manuel Morales.<\/strong><\/p>\n\n\n\n<ul class=\"wp-block-gallery columns-0 is-cropped wp-block-gallery-1 is-layout-flex wp-block-gallery-is-layout-flex\"><li class=\"blocks-gallery-item\"><figure><img loading=\"lazy\" decoding=\"async\" width=\"787\" height=\"406\" src=\"http:\/\/www.tucomarca.com\/wordpress\/segunda\/wp-content\/uploads\/2020\/07\/01santacecilia-1.jpg\" alt=\"\" data-id=\"109625\" data-link=\"http:\/\/www.tucomarca.com\/wordpress\/segunda\/?attachment_id=109625\" class=\"wp-image-109625\" srcset=\"https:\/\/tucomarca.whitekongsoftware.com\/wp-content\/uploads\/2020\/07\/01santacecilia-1.jpg 787w, https:\/\/tucomarca.whitekongsoftware.com\/wp-content\/uploads\/2020\/07\/01santacecilia-1-300x155.jpg 300w, https:\/\/tucomarca.whitekongsoftware.com\/wp-content\/uploads\/2020\/07\/01santacecilia-1-768x396.jpg 768w\" sizes=\"auto, (max-width: 787px) 100vw, 787px\" \/><\/figure><\/li><li class=\"blocks-gallery-item\"><figure><img loading=\"lazy\" decoding=\"async\" width=\"787\" height=\"642\" src=\"http:\/\/www.tucomarca.com\/wordpress\/segunda\/wp-content\/uploads\/2020\/07\/04santacecilia.jpg\" alt=\"\" data-id=\"109623\" data-link=\"http:\/\/www.tucomarca.com\/wordpress\/segunda\/?attachment_id=109623\" class=\"wp-image-109623\" srcset=\"https:\/\/tucomarca.whitekongsoftware.com\/wp-content\/uploads\/2020\/07\/04santacecilia.jpg 787w, https:\/\/tucomarca.whitekongsoftware.com\/wp-content\/uploads\/2020\/07\/04santacecilia-300x245.jpg 300w, https:\/\/tucomarca.whitekongsoftware.com\/wp-content\/uploads\/2020\/07\/04santacecilia-768x627.jpg 768w\" sizes=\"auto, (max-width: 787px) 100vw, 787px\" \/><\/figure><\/li><li class=\"blocks-gallery-item\"><figure><img loading=\"lazy\" decoding=\"async\" width=\"787\" height=\"590\" src=\"http:\/\/www.tucomarca.com\/wordpress\/segunda\/wp-content\/uploads\/2020\/07\/03santacecilia.jpg\" alt=\"\" data-id=\"109621\" data-link=\"http:\/\/www.tucomarca.com\/wordpress\/segunda\/?attachment_id=109621\" class=\"wp-image-109621\" srcset=\"https:\/\/tucomarca.whitekongsoftware.com\/wp-content\/uploads\/2020\/07\/03santacecilia.jpg 787w, https:\/\/tucomarca.whitekongsoftware.com\/wp-content\/uploads\/2020\/07\/03santacecilia-300x225.jpg 300w, https:\/\/tucomarca.whitekongsoftware.com\/wp-content\/uploads\/2020\/07\/03santacecilia-768x576.jpg 768w, https:\/\/tucomarca.whitekongsoftware.com\/wp-content\/uploads\/2020\/07\/03santacecilia-678x509.jpg 678w, https:\/\/tucomarca.whitekongsoftware.com\/wp-content\/uploads\/2020\/07\/03santacecilia-326x245.jpg 326w, https:\/\/tucomarca.whitekongsoftware.com\/wp-content\/uploads\/2020\/07\/03santacecilia-80x60.jpg 80w\" sizes=\"auto, (max-width: 787px) 100vw, 787px\" \/><\/figure><\/li><li class=\"blocks-gallery-item\"><figure><img loading=\"lazy\" decoding=\"async\" width=\"787\" height=\"593\" src=\"http:\/\/www.tucomarca.com\/wordpress\/segunda\/wp-content\/uploads\/2020\/07\/02santacecilia.jpg\" alt=\"\" data-id=\"109619\" data-link=\"http:\/\/www.tucomarca.com\/wordpress\/segunda\/?attachment_id=109619\" class=\"wp-image-109619\" srcset=\"https:\/\/tucomarca.whitekongsoftware.com\/wp-content\/uploads\/2020\/07\/02santacecilia.jpg 787w, https:\/\/tucomarca.whitekongsoftware.com\/wp-content\/uploads\/2020\/07\/02santacecilia-300x226.jpg 300w, https:\/\/tucomarca.whitekongsoftware.com\/wp-content\/uploads\/2020\/07\/02santacecilia-768x579.jpg 768w, https:\/\/tucomarca.whitekongsoftware.com\/wp-content\/uploads\/2020\/07\/02santacecilia-326x245.jpg 326w, https:\/\/tucomarca.whitekongsoftware.com\/wp-content\/uploads\/2020\/07\/02santacecilia-80x60.jpg 80w\" sizes=\"auto, (max-width: 787px) 100vw, 787px\" \/><\/figure><\/li><\/ul>\n\n\n\n<p class=\"wp-block-paragraph\">La trobada, oberta a m\u00fasics, directiva i alumnat de l&#8217;escola de m\u00fasica, va comptar amb una gran aflu\u00e8ncia i va ser condu\u00eft pel director de la societat, Juan Manuel Alarc\u00f3n, qui va fer un recorregut per l&#8217;obra de compositor. A m\u00e9s, es van escoltar diversos pasdobles com &#8220;Les Arenes&#8221; o &#8220;M\u00fasica i vins&#8221;, que va ser el pasdoble elegit pel CIM Santa Cecilia al Certamen de Bandes de M\u00fasica de la Comunitat Valenciana l&#8217;any passat, en qu\u00e8 la banda de Y\u00e1tova va obtenir el primer premi i menci\u00f3 d&#8217;honor. &#8220;Una magn\u00edfica versi\u00f3 que b\u00e9 va mer\u00e8ixer el premi&#8221;, ha apuntat a l&#8217;respecte el compositor a l&#8217;escoltar la interpretaci\u00f3.<\/p>\n\n\n\n<p class=\"wp-block-paragraph\">Una altra interpretaci\u00f3 emotiva per al CIM Santa Cec\u00edlia va ser l&#8217;enregistrament del pasdoble &#8220;A mi abuelo Leandro&#8221; per part de la societat l&#8217;Art\u00edstica de Xiva, dirigida pel m\u00fasic del CIM Miguel P\u00e9rez i com a solista el seu fill Jordi P\u00e9rez, actual director de l&#8217;Escola d&#8217;educands Miguel P\u00e9rez Ricarte del Cim Santa Cec\u00edlia. Finalment s&#8217;ha escoltat &#8220;Marina Civera&#8221;, composici\u00f3 per enc\u00e0rrec a la Fallera Major de Val\u00e8ncia, i &#8220;Somieu el mar&#8221;, amb comentaris de propi compositor.<\/p>\n\n\n\n<p class=\"wp-block-paragraph\">A continuaci\u00f3 es va obrir un torn de preguntes dels assistents a l&#8217;compositor a trav\u00e9s de les quals els assistents van poder con\u00e8ixer la seva forma de compondre, dades curioses de les seues composicions i els seus nous projectes. En aquest sentit, Manuel Morales va confessar que li agradaria &#8220;compondre altres formes musicals diferents a l&#8217;pasdoble, tot i que la composici\u00f3 suposa un gran esfor\u00e7 i dedicaci\u00f3, moltes vegades incompatible amb el meu treball de professor al Conservatori de Requena&#8221; i va recon\u00e8ixer l&#8217;orgull que suposa que seus pasdobles &#8220;formen part del repertori de bandes de tot Espanya i d&#8217;altres pa\u00efsos&#8221;.<\/p>\n\n\n\n<p class=\"wp-block-paragraph\">Manuel Morales va relatar que es va iniciar en el m\u00f3n de la composici\u00f3 quan estudiava el grau superior de m\u00fasica al Conservatori i que normalment compon assegut a piano, de vegades sense cap idea preconcebuda. A m\u00e9s, va contestar a totes les preguntes que se li van formular i la trobada va finalitzar amb un llarg aplaudiment pels assistents al compositor i aquest amb el seu agra\u00efment a l&#8217;CIM per la invitaci\u00f3 i pel format, en el qual s&#8217;havia sentit molt c\u00f2mode.<\/p>\n\n\n\n<p class=\"wp-block-paragraph\">Tant el president Joaqu\u00edn Ortiz com el director Juan Manuel Alarc\u00f3n estan molt agra\u00efts amb la resposta dels m\u00fasics a l&#8217;cicle de trobades virtuals, que han perm\u00e8s durant el confinament poder mantenir el contacte, informar en tot moment de la situaci\u00f3 i iniciar nous projectes musicals que aviat donaran a llum amb la tornada del CIM als concerts.<\/p>\n\n\n\n<p class=\"wp-block-paragraph\">El director Juan Manuel Alarc\u00f3n ha assegurat que el projecte &#8220;Trobades CIM des de casa&#8221; no podia tenir millor cloenda, a c\u00e0rrec de Manuel Morales, amb el qual, avan\u00e7a, segurament el CIM es torne a trobar molt aviat.<\/p>\n","protected":false},"excerpt":{"rendered":"<div class=\"mh-excerpt\">Amb la volta a la nova normalitat i la reactivaci\u00f3 assajos presencials a partir del 3 de juliol, el CIM ha clausurat el seu projecte &#8220;Encuentros CIM des de casa&#8221; amb una xarrada-col\u00b7loqui amb el <a class=\"mh-excerpt-more\" href=\"https:\/\/tucomarca.whitekongsoftware.com\/ca\/el-cim-santa-cecilia-de-iatova-tanca-els-seus-trobades-digitals-amb-una-xarrada-colloqui-amb-el-compositor-manuel-morales\/\" title=\"El CIM &#8220;Santa Cec\u00edlia&#8221; de I\u00e0tova tanca els seus trobades digitals amb una xarrada-col\u00b7loqui amb el compositor Manuel Morales\">[+] <\/a><\/div>\n","protected":false},"author":12,"featured_media":109616,"comment_status":"open","ping_status":"open","sticky":false,"template":"","format":"gallery","meta":{"footnotes":""},"categories":[11005,10980,10894,10912,11007,10896],"tags":[10690,5952,10380],"class_list":["post-109628","post","type-post","status-publish","format-gallery","has-post-thumbnail","category-canal-musica","category-yatova-ca","category-la-comarca-ca","category-la-hoya-ca","category-ocio-y-cultura-ca","category-seccion-ca","tag-cim-santa-cecilia-yatova","tag-la-hoya-de-bunol-chiva","tag-yatova","post_format-post-format-gallery"],"_links":{"self":[{"href":"https:\/\/tucomarca.whitekongsoftware.com\/ca\/wp-json\/wp\/v2\/posts\/109628","targetHints":{"allow":["GET"]}}],"collection":[{"href":"https:\/\/tucomarca.whitekongsoftware.com\/ca\/wp-json\/wp\/v2\/posts"}],"about":[{"href":"https:\/\/tucomarca.whitekongsoftware.com\/ca\/wp-json\/wp\/v2\/types\/post"}],"author":[{"embeddable":true,"href":"https:\/\/tucomarca.whitekongsoftware.com\/ca\/wp-json\/wp\/v2\/users\/12"}],"replies":[{"embeddable":true,"href":"https:\/\/tucomarca.whitekongsoftware.com\/ca\/wp-json\/wp\/v2\/comments?post=109628"}],"version-history":[{"count":0,"href":"https:\/\/tucomarca.whitekongsoftware.com\/ca\/wp-json\/wp\/v2\/posts\/109628\/revisions"}],"wp:featuredmedia":[{"embeddable":true,"href":"https:\/\/tucomarca.whitekongsoftware.com\/ca\/wp-json\/wp\/v2\/media\/109616"}],"wp:attachment":[{"href":"https:\/\/tucomarca.whitekongsoftware.com\/ca\/wp-json\/wp\/v2\/media?parent=109628"}],"wp:term":[{"taxonomy":"category","embeddable":true,"href":"https:\/\/tucomarca.whitekongsoftware.com\/ca\/wp-json\/wp\/v2\/categories?post=109628"},{"taxonomy":"post_tag","embeddable":true,"href":"https:\/\/tucomarca.whitekongsoftware.com\/ca\/wp-json\/wp\/v2\/tags?post=109628"}],"curies":[{"name":"wp","href":"https:\/\/api.w.org\/{rel}","templated":true}]}}