{"id":109581,"date":"2020-07-01T14:45:10","date_gmt":"2020-07-01T12:45:10","guid":{"rendered":"http:\/\/www.tucomarca.com\/wordpress\/segunda\/?p=109581"},"modified":"2020-07-01T14:46:06","modified_gmt":"2020-07-01T12:46:06","slug":"la-regidoria-de-servicis-demana-collaboracio-a-la-ciutadania-de-xest-per-a-mantindre-el-municipi-net","status":"publish","type":"post","link":"https:\/\/tucomarca.whitekongsoftware.com\/ca\/la-regidoria-de-servicis-demana-collaboracio-a-la-ciutadania-de-xest-per-a-mantindre-el-municipi-net\/","title":{"rendered":"La regidoria de Servicis demana col\u00b7laboraci\u00f3 a la ciutadania de Xest per a mantindre el municipi net"},"content":{"rendered":"\n<ul class=\"wp-block-gallery columns-2 is-cropped wp-block-gallery-1 is-layout-flex wp-block-gallery-is-layout-flex\"><li class=\"blocks-gallery-item\"><figure><img loading=\"lazy\" decoding=\"async\" width=\"787\" height=\"591\" src=\"http:\/\/www.tucomarca.com\/wordpress\/segunda\/wp-content\/uploads\/2020\/07\/chestelimpieza1.jpg\" alt=\"\" data-id=\"109574\" data-link=\"http:\/\/www.tucomarca.com\/wordpress\/segunda\/?attachment_id=109574\" class=\"wp-image-109574\" srcset=\"https:\/\/tucomarca.whitekongsoftware.com\/wp-content\/uploads\/2020\/07\/chestelimpieza1.jpg 787w, https:\/\/tucomarca.whitekongsoftware.com\/wp-content\/uploads\/2020\/07\/chestelimpieza1-300x225.jpg 300w, https:\/\/tucomarca.whitekongsoftware.com\/wp-content\/uploads\/2020\/07\/chestelimpieza1-768x577.jpg 768w, https:\/\/tucomarca.whitekongsoftware.com\/wp-content\/uploads\/2020\/07\/chestelimpieza1-678x509.jpg 678w, https:\/\/tucomarca.whitekongsoftware.com\/wp-content\/uploads\/2020\/07\/chestelimpieza1-326x245.jpg 326w, https:\/\/tucomarca.whitekongsoftware.com\/wp-content\/uploads\/2020\/07\/chestelimpieza1-80x60.jpg 80w\" sizes=\"auto, (max-width: 787px) 100vw, 787px\" \/><\/figure><\/li><li class=\"blocks-gallery-item\"><figure><img loading=\"lazy\" decoding=\"async\" width=\"787\" height=\"591\" src=\"http:\/\/www.tucomarca.com\/wordpress\/segunda\/wp-content\/uploads\/2020\/07\/chestelimpieza3.jpg\" alt=\"\" data-id=\"109576\" data-link=\"http:\/\/www.tucomarca.com\/wordpress\/segunda\/?attachment_id=109576\" class=\"wp-image-109576\" srcset=\"https:\/\/tucomarca.whitekongsoftware.com\/wp-content\/uploads\/2020\/07\/chestelimpieza3.jpg 787w, https:\/\/tucomarca.whitekongsoftware.com\/wp-content\/uploads\/2020\/07\/chestelimpieza3-300x225.jpg 300w, https:\/\/tucomarca.whitekongsoftware.com\/wp-content\/uploads\/2020\/07\/chestelimpieza3-768x577.jpg 768w, https:\/\/tucomarca.whitekongsoftware.com\/wp-content\/uploads\/2020\/07\/chestelimpieza3-678x509.jpg 678w, https:\/\/tucomarca.whitekongsoftware.com\/wp-content\/uploads\/2020\/07\/chestelimpieza3-326x245.jpg 326w, https:\/\/tucomarca.whitekongsoftware.com\/wp-content\/uploads\/2020\/07\/chestelimpieza3-80x60.jpg 80w\" sizes=\"auto, (max-width: 787px) 100vw, 787px\" \/><\/figure><\/li><li class=\"blocks-gallery-item\"><figure><img loading=\"lazy\" decoding=\"async\" width=\"787\" height=\"590\" src=\"http:\/\/www.tucomarca.com\/wordpress\/segunda\/wp-content\/uploads\/2020\/07\/chestelimpieza4.jpg\" alt=\"\" data-id=\"109578\" data-link=\"http:\/\/www.tucomarca.com\/wordpress\/segunda\/?attachment_id=109578\" class=\"wp-image-109578\" srcset=\"https:\/\/tucomarca.whitekongsoftware.com\/wp-content\/uploads\/2020\/07\/chestelimpieza4.jpg 787w, https:\/\/tucomarca.whitekongsoftware.com\/wp-content\/uploads\/2020\/07\/chestelimpieza4-300x225.jpg 300w, https:\/\/tucomarca.whitekongsoftware.com\/wp-content\/uploads\/2020\/07\/chestelimpieza4-768x576.jpg 768w, https:\/\/tucomarca.whitekongsoftware.com\/wp-content\/uploads\/2020\/07\/chestelimpieza4-678x509.jpg 678w, https:\/\/tucomarca.whitekongsoftware.com\/wp-content\/uploads\/2020\/07\/chestelimpieza4-326x245.jpg 326w, https:\/\/tucomarca.whitekongsoftware.com\/wp-content\/uploads\/2020\/07\/chestelimpieza4-80x60.jpg 80w\" sizes=\"auto, (max-width: 787px) 100vw, 787px\" \/><\/figure><\/li><\/ul>\n\n\n\n<p class=\"wp-block-paragraph\">Tal com ha informat el regidor de Serveis, Jos\u00e9 Vicente Guijarro, coincidint amb la finalitat de l&#8217;estat d&#8217;alarma han tornat a detectar punts amb abocadors incontrolats.<\/p>\n\n\n\n<p class=\"wp-block-paragraph\">&#8220;Demane a la ciutadania col\u00b7laboraci\u00f3 i civisme; hi ha un servei de recollida d&#8217;efectes a domicili gratu\u00eft, amb av\u00eds previ al tel\u00e8fon de l&#8217;Ajuntament, i en cas de no voler rec\u00f3rrer a aquest servei, hem informat en repetides ocasions que aquest tipus de residus s&#8217;ha de dur a l&#8217;ecoparc i en cap cas dipositar-se en els contenidors grisos o abandonar-se en qualsevol punt &#8220;, ha declarat el regidor. &#8220;Estem davant d&#8217;un problema que es repetix: recollim punts amb abocaments incontrolats i a l&#8217;endem\u00e0 tornen a estar plens. Al nucli urb\u00e0 tenim una situaci\u00f3 similar, ja que als carrers hi ha guants, m\u00e0scaretes, paquets de tabac, burilles, llaunes i altres residus que no han de llan\u00e7ar-se a la via p\u00fablica. L&#8217;espai p\u00fablic \u00e9s de tots i totes i hem de respectar-lo i respectar-nos &#8220;.<\/p>\n\n\n\n<p class=\"wp-block-paragraph\">Guijarro ha recordat que les restes de podes tamb\u00e9 s&#8217;han de dur a l&#8217;ecoparc i ha subratllat la import\u00e0ncia de respectar els horaris per llen\u00e7ar les escombraries, de 20 a 22 hores. &#8220;Aquest horari respon a la necessitat de tenir els contenidors buits durant el dia, d&#8217;una banda per evitar que, a causa de la calor, es maximitzen les males olors; i de l&#8217;altra, perqu\u00e8 mantenint els contenidors buits durant el dia facilitem la feina de neteja i desinfecci\u00f3 dels mateixos, ja que l&#8217;empresa encarregada de realitzar aquesta tasca, Fovasa, no pot dur-la a terme amb els contenidors plens de bosses d&#8217;escombraries &#8220;, ha explicat el regidor. &#8220;Des de la regidoria de Serveis estem treballant per donar un bon servei de neteja, per\u00f2 \u00e9s necess\u00e0ria la col\u00b7laboraci\u00f3 de tota la poblaci\u00f3. Durant aquests dies es va a ampliar el nombre de contenidors d&#8217;envasos, per evitar el sobreeiximent i tamb\u00e9 hem sol\u00b7licitat a el Consorci que la recollida de residus reciclables, com paper, cart\u00f3 i pl\u00e0stic, es realitze amb m\u00e9s freq\u00fc\u00e8ncia, passant a fer-la cada 5 dies , en lloc de cada 8 com era habitual &#8220;.<\/p>\n\n\n\n<p class=\"wp-block-paragraph\">Per la seua banda, tant el personal de la brigada municipal com de Fovasa continua realitzant la neteja de carrers di\u00e0riament, sent m\u00e9s exhaustiva a les zones de terrasses, on la concentraci\u00f3 de persones \u00e9s m\u00e9s gran. A m\u00e9s, es mant\u00e9 la desinfecci\u00f3 vi\u00e0ria utilitzant el tractor i el polvoritzador que recentment ha adquirit l&#8217;Ajuntament, diverses vegades per setmana.<\/p>\n","protected":false},"excerpt":{"rendered":"<div class=\"mh-excerpt\">Tal com ha informat el regidor de Serveis, Jos\u00e9 Vicente Guijarro, coincidint amb la finalitat de l&#8217;estat d&#8217;alarma han tornat a detectar punts amb abocadors incontrolats. &#8220;Demane a la ciutadania col\u00b7laboraci\u00f3 i civisme; hi ha <a class=\"mh-excerpt-more\" href=\"https:\/\/tucomarca.whitekongsoftware.com\/ca\/la-regidoria-de-servicis-demana-collaboracio-a-la-ciutadania-de-xest-per-a-mantindre-el-municipi-net\/\" title=\"La regidoria de Servicis demana col\u00b7laboraci\u00f3 a la ciutadania de Xest per a mantindre el municipi net\">[+] <\/a><\/div>\n","protected":false},"author":12,"featured_media":109573,"comment_status":"open","ping_status":"open","sticky":false,"template":"","format":"gallery","meta":{"footnotes":""},"categories":[11010,12202,10948,10894,10912,10903,10947,10896,10897,10974],"tags":[11222,11939,11940,11952,10914],"class_list":["post-109581","post","type-post","status-publish","format-gallery","has-post-thumbnail","category-canal-salud","category-covid-19-ca","category-infraestructuras-ca","category-la-comarca-ca","category-la-hoya-ca","category-medio-ambiente-la-comarca-ca","category-politica","category-seccion-ca","category-sucesos-la-comarca-ca","category-cheste-ca","tag-ayuntamiento-de-cheste-ca","tag-coronavirus-ca","tag-covid-19-ca","tag-covid2019-ca","tag-la-hoya-de-bunol-chiva-ca","post_format-post-format-gallery"],"_links":{"self":[{"href":"https:\/\/tucomarca.whitekongsoftware.com\/ca\/wp-json\/wp\/v2\/posts\/109581","targetHints":{"allow":["GET"]}}],"collection":[{"href":"https:\/\/tucomarca.whitekongsoftware.com\/ca\/wp-json\/wp\/v2\/posts"}],"about":[{"href":"https:\/\/tucomarca.whitekongsoftware.com\/ca\/wp-json\/wp\/v2\/types\/post"}],"author":[{"embeddable":true,"href":"https:\/\/tucomarca.whitekongsoftware.com\/ca\/wp-json\/wp\/v2\/users\/12"}],"replies":[{"embeddable":true,"href":"https:\/\/tucomarca.whitekongsoftware.com\/ca\/wp-json\/wp\/v2\/comments?post=109581"}],"version-history":[{"count":0,"href":"https:\/\/tucomarca.whitekongsoftware.com\/ca\/wp-json\/wp\/v2\/posts\/109581\/revisions"}],"wp:featuredmedia":[{"embeddable":true,"href":"https:\/\/tucomarca.whitekongsoftware.com\/ca\/wp-json\/wp\/v2\/media\/109573"}],"wp:attachment":[{"href":"https:\/\/tucomarca.whitekongsoftware.com\/ca\/wp-json\/wp\/v2\/media?parent=109581"}],"wp:term":[{"taxonomy":"category","embeddable":true,"href":"https:\/\/tucomarca.whitekongsoftware.com\/ca\/wp-json\/wp\/v2\/categories?post=109581"},{"taxonomy":"post_tag","embeddable":true,"href":"https:\/\/tucomarca.whitekongsoftware.com\/ca\/wp-json\/wp\/v2\/tags?post=109581"}],"curies":[{"name":"wp","href":"https:\/\/api.w.org\/{rel}","templated":true}]}}