{"id":109524,"date":"2020-06-30T12:30:49","date_gmt":"2020-06-30T10:30:49","guid":{"rendered":"http:\/\/www.tucomarca.com\/wordpress\/segunda\/?p=109524"},"modified":"2020-06-30T15:24:38","modified_gmt":"2020-06-30T13:24:38","slug":"els-parcs-infantils-dutiel-reobrin-amb-cartells-informatius-sobre-normes-dus","status":"publish","type":"post","link":"https:\/\/tucomarca.whitekongsoftware.com\/ca\/els-parcs-infantils-dutiel-reobrin-amb-cartells-informatius-sobre-normes-dus\/","title":{"rendered":"Els parcs infantils d&#8217;Utiel reobrin amb cartells informatius sobre normes d&#8217;\u00fas"},"content":{"rendered":"\n<p class=\"wp-block-paragraph\"><strong>Les instal\u00b7lacions es desinfectaran dos vegades al dia i hauran de complir-se les mesures sanit\u00e0ries establides en estos recintes infantils<\/strong><\/p>\n\n\n\n<p class=\"wp-block-paragraph\">L&#8217;Ajuntament d&#8217;Utiel ha procedit hui a la reobertura dels parcs infantils del municipi instal\u00b7lant panells informatius en qu\u00e8 s&#8217;indiquen les mesures d&#8217;higiene i seguretat establertes per les administracions sanit\u00e0ries per prevenir possibles contagis.<\/p>\n\n\n\n<p class=\"wp-block-paragraph\"><strong>Normes d&#8217;\u00fas de parcs infantils<\/strong><\/p>\n\n\n\n<p class=\"wp-block-paragraph\">Tenint en compte la situaci\u00f3 actual d&#8217;alerta sanit\u00e0ria generada per la Covid-19, la utilitzaci\u00f3 de mascareta ser\u00e0 obligat\u00f2ria per als m\u00e9s grans de sis anys, s&#8217;haur\u00e0 de mantenir una dist\u00e0ncia de seguretat m\u00ednima de 1,5 metres tant entre fam\u00edlies com entre xiquets i xiquetes i l&#8217;\u00fas dels jocs es realitzar\u00e0 de forma individualitzada.<\/p>\n\n\n\n<p class=\"wp-block-paragraph\">Aix\u00ed mateix, es recomana el rentat freq\u00fcent de mans o la desinfecci\u00f3 amb solucions hidroalcoh\u00f2liques<\/p>\n\n\n\n<p class=\"wp-block-paragraph\">El consistori utielano desinfectar les instal\u00b7lacions dues vegades a el dia, a primera hora del mat\u00ed i de la tarda, per mantenir les condicions d&#8217;higiene i salubritat en aquests espais en qu\u00e8 cal tenir especial precauci\u00f3 a l&#8217;comptar amb aflu\u00e8ncia de poblaci\u00f3 infantil.<\/p>\n\n\n\n<p class=\"wp-block-paragraph\"><strong>Responsabilitat ciutadana<\/strong><\/p>\n\n\n\n<p class=\"wp-block-paragraph\">L&#8217;Ajuntament d&#8217;Utiel fa una crida a la responsabilitat ciutadana perqu\u00e8 es respecten les mesures establertes en els parcs infantils pel b\u00e9 de tots i en particular dels m\u00e9s petits.<\/p>\n\n\n\n<p class=\"wp-block-paragraph\">Els adults hauran de controlar que els xiquets i xiquetes al seu c\u00e0rrec no compartisquen l&#8217;\u00fas de jocs i mantinguen la dist\u00e0ncia de seguretat establerta per evitar possibles contagis per contacte directe.<\/p>\n","protected":false},"excerpt":{"rendered":"<div class=\"mh-excerpt\">Les instal\u00b7lacions es desinfectaran dos vegades al dia i hauran de complir-se les mesures sanit\u00e0ries establides en estos recintes infantils L&#8217;Ajuntament d&#8217;Utiel ha procedit hui a la reobertura dels parcs infantils del municipi instal\u00b7lant panells <a class=\"mh-excerpt-more\" href=\"https:\/\/tucomarca.whitekongsoftware.com\/ca\/els-parcs-infantils-dutiel-reobrin-amb-cartells-informatius-sobre-normes-dus\/\" title=\"Els parcs infantils d&#8217;Utiel reobrin amb cartells informatius sobre normes d&#8217;\u00fas\">[+] <\/a><\/div>\n","protected":false},"author":12,"featured_media":109523,"comment_status":"open","ping_status":"open","sticky":false,"template":"","format":"standard","meta":{"footnotes":""},"categories":[11010,12202,10948,10894,10947,10909,10896,11059],"tags":[11456,11939,11940,10910],"class_list":["post-109524","post","type-post","status-publish","format-standard","has-post-thumbnail","category-canal-salud","category-covid-19-ca","category-infraestructuras-ca","category-la-comarca-ca","category-politica","category-requena-utiel-ca","category-seccion-ca","category-utiel-ca","tag-ayuntamiento-de-utiel-ca","tag-coronavirus-ca","tag-covid-19-ca","tag-requena-utiel-ca"],"_links":{"self":[{"href":"https:\/\/tucomarca.whitekongsoftware.com\/ca\/wp-json\/wp\/v2\/posts\/109524","targetHints":{"allow":["GET"]}}],"collection":[{"href":"https:\/\/tucomarca.whitekongsoftware.com\/ca\/wp-json\/wp\/v2\/posts"}],"about":[{"href":"https:\/\/tucomarca.whitekongsoftware.com\/ca\/wp-json\/wp\/v2\/types\/post"}],"author":[{"embeddable":true,"href":"https:\/\/tucomarca.whitekongsoftware.com\/ca\/wp-json\/wp\/v2\/users\/12"}],"replies":[{"embeddable":true,"href":"https:\/\/tucomarca.whitekongsoftware.com\/ca\/wp-json\/wp\/v2\/comments?post=109524"}],"version-history":[{"count":0,"href":"https:\/\/tucomarca.whitekongsoftware.com\/ca\/wp-json\/wp\/v2\/posts\/109524\/revisions"}],"wp:featuredmedia":[{"embeddable":true,"href":"https:\/\/tucomarca.whitekongsoftware.com\/ca\/wp-json\/wp\/v2\/media\/109523"}],"wp:attachment":[{"href":"https:\/\/tucomarca.whitekongsoftware.com\/ca\/wp-json\/wp\/v2\/media?parent=109524"}],"wp:term":[{"taxonomy":"category","embeddable":true,"href":"https:\/\/tucomarca.whitekongsoftware.com\/ca\/wp-json\/wp\/v2\/categories?post=109524"},{"taxonomy":"post_tag","embeddable":true,"href":"https:\/\/tucomarca.whitekongsoftware.com\/ca\/wp-json\/wp\/v2\/tags?post=109524"}],"curies":[{"name":"wp","href":"https:\/\/api.w.org\/{rel}","templated":true}]}}