{"id":109415,"date":"2020-06-26T21:10:42","date_gmt":"2020-06-26T19:10:42","guid":{"rendered":"http:\/\/www.tucomarca.com\/wordpress\/segunda\/?p=109415"},"modified":"2020-06-27T01:54:26","modified_gmt":"2020-06-26T23:54:26","slug":"lajuntament-de-bunyol-oferira-en-directe-una-nova-sessio-plenaria-sense-public","status":"publish","type":"post","link":"https:\/\/tucomarca.whitekongsoftware.com\/ca\/lajuntament-de-bunyol-oferira-en-directe-una-nova-sessio-plenaria-sense-public\/","title":{"rendered":"L&#8217;Ajuntament de Bunyol oferir\u00e0 en directe una nova sessi\u00f3 plen\u00e0ria sense p\u00fablic"},"content":{"rendered":"\n<p class=\"wp-block-paragraph\"><strong>Tots els ve\u00efns que desitgin traslladar algun prec o pregunta a regidors o alcaldessa poden tornar a fer-ho enviant un mail a la r\u00e0dio municipal<\/strong><\/p>\n\n\n\n<p class=\"wp-block-paragraph\">Aquest dilluns a les 18.40h tindr\u00e0 lloc a la sala de plens de l&#8217;consistori bu\u00f1olense una nova sessi\u00f3 plen\u00e0ria que ser\u00e0 novament retransmesa per l&#8217;emissora municipal per apropar en rigor\u00f3s directe a tots els ve\u00efns del municipi tot el que passi.<\/p>\n\n\n\n<p class=\"wp-block-paragraph\">En l&#8217;ordre del dia destaca l&#8217;aprovaci\u00f3 de la modificaci\u00f3 de l&#8217;ordenan\u00e7a reguladora de les bases per a la concessi\u00f3 d&#8217;ajudes per a l&#8217;adquisici\u00f3 de llibres escolars i material escolar. Tamb\u00e9 es proposa per part de el grup municipal d&#8217;Esquerra Unida a Vicent Albert Gavarda Cedell\u00e1n com a candidat per a la propera edici\u00f3 dels premis 9 d&#8217;octubre de la Generalitat Valenciana. Finalment, aquest mateix grup tamb\u00e9 presentar\u00e0 la proposta del dia de l&#8217;Orgull LGTBI, que se celebra aquest diumenge 28 de juny.<\/p>\n\n\n\n<p class=\"wp-block-paragraph\">Despr\u00e9s de les resolucions adoptades per alcaldia i regidors i informar de la distinci\u00f3 concedida per l&#8217;Acad\u00e8mia de la M\u00fasica Valenciana es procedir\u00e0 als precs i preguntes dels regidors.<\/p>\n\n\n\n<p class=\"wp-block-paragraph\">Abans de ple ordinari es procedir\u00e0 a ple de BUINSA, que arrencar\u00e0 a les 18.30h. S&#8217;hi presentaran, per a la seva aprovaci\u00f3, els comptes anuals de 2019, l&#8217;informe de gesti\u00f3 de l&#8217;exercici econ\u00f2mic de l&#8217;any passat i l&#8217;aplicaci\u00f3 de resultats d&#8217;aquest exercici. Es finalitzar\u00e0 amb precs i preguntes.<\/p>\n\n\n\n<p class=\"wp-block-paragraph\">A m\u00e9s, en aquesta sessi\u00f3 plen\u00e0ria, que encara ser\u00e0 a porta tancada, tot el municipi pot participar activament, com ja ho van fer en el ple de l&#8217;passat mes de maig. Els ve\u00efns poden traslladar les seves precs i preguntes als regidors per mitj\u00e0 de l&#8217;correu radiobunyol@gmail.com o per missatge de text o de Whatsapp a l&#8217;600442657 i la periodista de la r\u00e0dio municipal, Pilar Criado, les exposar\u00e0 als regidors, sempre que es hagin efectuat des del respecte i amb la identificaci\u00f3 del nom i cognoms de l&#8217;ve\u00ed de la localitat que ho formule.<\/p>\n","protected":false},"excerpt":{"rendered":"<div class=\"mh-excerpt\">Tots els ve\u00efns que desitgin traslladar algun prec o pregunta a regidors o alcaldessa poden tornar a fer-ho enviant un mail a la r\u00e0dio municipal Aquest dilluns a les 18.40h tindr\u00e0 lloc a la sala <a class=\"mh-excerpt-more\" href=\"https:\/\/tucomarca.whitekongsoftware.com\/ca\/lajuntament-de-bunyol-oferira-en-directe-una-nova-sessio-plenaria-sense-public\/\" title=\"L&#8217;Ajuntament de Bunyol oferir\u00e0 en directe una nova sessi\u00f3 plen\u00e0ria sense p\u00fablic\">[+] <\/a><\/div>\n","protected":false},"author":12,"featured_media":105460,"comment_status":"open","ping_status":"open","sticky":false,"template":"","format":"standard","meta":{"footnotes":""},"categories":[10911,12202,10948,10894,10912,10947,10896,10897],"tags":[11158,5335,5952,10914,2830,12323],"class_list":["post-109415","post","type-post","status-publish","format-standard","has-post-thumbnail","category-bunol-ca","category-covid-19-ca","category-infraestructuras-ca","category-la-comarca-ca","category-la-hoya-ca","category-politica","category-seccion-ca","category-sucesos-la-comarca-ca","tag-ayuntamiento-de-bunol-ca","tag-ayuntamiento-de-bunol","tag-la-hoya-de-bunol-chiva","tag-la-hoya-de-bunol-chiva-ca","tag-pleno-bunol","tag-pleno-bunol-ca"],"_links":{"self":[{"href":"https:\/\/tucomarca.whitekongsoftware.com\/ca\/wp-json\/wp\/v2\/posts\/109415","targetHints":{"allow":["GET"]}}],"collection":[{"href":"https:\/\/tucomarca.whitekongsoftware.com\/ca\/wp-json\/wp\/v2\/posts"}],"about":[{"href":"https:\/\/tucomarca.whitekongsoftware.com\/ca\/wp-json\/wp\/v2\/types\/post"}],"author":[{"embeddable":true,"href":"https:\/\/tucomarca.whitekongsoftware.com\/ca\/wp-json\/wp\/v2\/users\/12"}],"replies":[{"embeddable":true,"href":"https:\/\/tucomarca.whitekongsoftware.com\/ca\/wp-json\/wp\/v2\/comments?post=109415"}],"version-history":[{"count":0,"href":"https:\/\/tucomarca.whitekongsoftware.com\/ca\/wp-json\/wp\/v2\/posts\/109415\/revisions"}],"wp:featuredmedia":[{"embeddable":true,"href":"https:\/\/tucomarca.whitekongsoftware.com\/ca\/wp-json\/wp\/v2\/media\/105460"}],"wp:attachment":[{"href":"https:\/\/tucomarca.whitekongsoftware.com\/ca\/wp-json\/wp\/v2\/media?parent=109415"}],"wp:term":[{"taxonomy":"category","embeddable":true,"href":"https:\/\/tucomarca.whitekongsoftware.com\/ca\/wp-json\/wp\/v2\/categories?post=109415"},{"taxonomy":"post_tag","embeddable":true,"href":"https:\/\/tucomarca.whitekongsoftware.com\/ca\/wp-json\/wp\/v2\/tags?post=109415"}],"curies":[{"name":"wp","href":"https:\/\/api.w.org\/{rel}","templated":true}]}}