{"id":109405,"date":"2020-06-26T21:45:34","date_gmt":"2020-06-26T19:45:34","guid":{"rendered":"http:\/\/www.tucomarca.com\/wordpress\/segunda\/?p=109405"},"modified":"2020-06-27T01:59:24","modified_gmt":"2020-06-26T23:59:24","slug":"requena-contractara-desocupats-majors-de-30-anys-dins-del-programa-emcorp-de-labora","status":"publish","type":"post","link":"https:\/\/tucomarca.whitekongsoftware.com\/ca\/requena-contractara-desocupats-majors-de-30-anys-dins-del-programa-emcorp-de-labora\/","title":{"rendered":"Requena contractar\u00e0 desocupats majors de 30 anys dins del programa EMCORP de LABORA"},"content":{"rendered":"\n<p class=\"wp-block-paragraph\"><strong>La selecci\u00f3 d&#8217;estes persones es far\u00e0 d&#8217;entre les inscrites en LABORA sense que estes hagen de fer cap tr\u00e0mit, i els posats a cobrir s\u00f3n dels \u00e0mbits de consergeria, neteja vi\u00e0ria i administraci\u00f3<\/strong><\/p>\n\n\n\n<p class=\"wp-block-paragraph\">L&#8217;Ajuntament de Requena contractar\u00e0 a desocupats majors de 30 anys, a trav\u00e9s d&#8217;una subvenci\u00f3 rebuda de el pla EMCORP de LABORA, amb un import de 51.000 euros.<\/p>\n\n\n\n<p class=\"wp-block-paragraph\">El programa EMCORP est\u00e0 convocat pel Servei Valenci\u00e0 d&#8217;Ocupaci\u00f3 i Formaci\u00f3 (LABORA).<br> Aix\u00f2 permetr\u00e0 donar feina a tres persones per un per\u00edode superior a vuit mesos.<\/p>\n\n\n\n<p class=\"wp-block-paragraph\">Els llocs a cobrir s\u00f3n dels \u00e0mbits de consergeria, neteja vi\u00e0ria i administraci\u00f3.<\/p>\n\n\n\n<p class=\"wp-block-paragraph\">Per optar a aquests treballs, les persones interessades nom\u00e9s han d&#8217;estar inscrites en LABORA, sent per tant demandants d&#8217;ocupaci\u00f3, sense haver de fer cap tr\u00e0mit addicional.<\/p>\n\n\n\n<p class=\"wp-block-paragraph\">Aquestes persones seran preseleccionades pel LABORA, i el programa t\u00e9 com a finalitat fomentar la seva integraci\u00f3 sociolaboral.<br> Per optar a aquests llocs hauran d&#8217;estar inscrites com a demandants d&#8217;ocupaci\u00f3 durant al menys 360 dies en un per\u00edode de 540 dies.<\/p>\n\n\n\n<p class=\"wp-block-paragraph\">Amb iniciatives com aquesta, el consistori de la localitat pret\u00e9n oferir treball i donar aix\u00ed un mitj\u00e0 de subsist\u00e8ncia a aquelles persones que tinguin m\u00e9s dif\u00edcil accedir a l&#8217;actual mercat laboral, que es torna cada vegada m\u00e9s complicat a causa de les actuals circumst\u00e0ncies que estem travessant.<\/p>\n","protected":false},"excerpt":{"rendered":"<div class=\"mh-excerpt\">La selecci\u00f3 d&#8217;estes persones es far\u00e0 d&#8217;entre les inscrites en LABORA sense que estes hagen de fer cap tr\u00e0mit, i els posats a cobrir s\u00f3n dels \u00e0mbits de consergeria, neteja vi\u00e0ria i administraci\u00f3 L&#8217;Ajuntament de <a class=\"mh-excerpt-more\" href=\"https:\/\/tucomarca.whitekongsoftware.com\/ca\/requena-contractara-desocupats-majors-de-30-anys-dins-del-programa-emcorp-de-labora\/\" title=\"Requena contractar\u00e0 desocupats majors de 30 anys dins del programa EMCORP de LABORA\">[+] <\/a><\/div>\n","protected":false},"author":12,"featured_media":104873,"comment_status":"open","ping_status":"open","sticky":false,"template":"","format":"standard","meta":{"footnotes":""},"categories":[10948,10894,10947,10908,10909,10896],"tags":[2850,11484,10387],"class_list":["post-109405","post","type-post","status-publish","format-standard","has-post-thumbnail","category-infraestructuras-ca","category-la-comarca-ca","category-politica","category-requena-ca","category-requena-utiel-ca","category-seccion-ca","tag-ayuntamiento-de-requena","tag-labora","tag-requena-utiel"],"_links":{"self":[{"href":"https:\/\/tucomarca.whitekongsoftware.com\/ca\/wp-json\/wp\/v2\/posts\/109405","targetHints":{"allow":["GET"]}}],"collection":[{"href":"https:\/\/tucomarca.whitekongsoftware.com\/ca\/wp-json\/wp\/v2\/posts"}],"about":[{"href":"https:\/\/tucomarca.whitekongsoftware.com\/ca\/wp-json\/wp\/v2\/types\/post"}],"author":[{"embeddable":true,"href":"https:\/\/tucomarca.whitekongsoftware.com\/ca\/wp-json\/wp\/v2\/users\/12"}],"replies":[{"embeddable":true,"href":"https:\/\/tucomarca.whitekongsoftware.com\/ca\/wp-json\/wp\/v2\/comments?post=109405"}],"version-history":[{"count":0,"href":"https:\/\/tucomarca.whitekongsoftware.com\/ca\/wp-json\/wp\/v2\/posts\/109405\/revisions"}],"wp:featuredmedia":[{"embeddable":true,"href":"https:\/\/tucomarca.whitekongsoftware.com\/ca\/wp-json\/wp\/v2\/media\/104873"}],"wp:attachment":[{"href":"https:\/\/tucomarca.whitekongsoftware.com\/ca\/wp-json\/wp\/v2\/media?parent=109405"}],"wp:term":[{"taxonomy":"category","embeddable":true,"href":"https:\/\/tucomarca.whitekongsoftware.com\/ca\/wp-json\/wp\/v2\/categories?post=109405"},{"taxonomy":"post_tag","embeddable":true,"href":"https:\/\/tucomarca.whitekongsoftware.com\/ca\/wp-json\/wp\/v2\/tags?post=109405"}],"curies":[{"name":"wp","href":"https:\/\/api.w.org\/{rel}","templated":true}]}}