{"id":109395,"date":"2020-06-26T20:51:09","date_gmt":"2020-06-26T18:51:09","guid":{"rendered":"http:\/\/www.tucomarca.com\/wordpress\/segunda\/?p=109395"},"modified":"2020-06-26T20:51:10","modified_gmt":"2020-06-26T18:51:10","slug":"les-upcca-de-xest-i-requena-suneixen-a-la-resta-unitats-de-la-comunitat-en-la-campanya-contagiat-de-prevencio","status":"publish","type":"post","link":"https:\/\/tucomarca.whitekongsoftware.com\/ca\/les-upcca-de-xest-i-requena-suneixen-a-la-resta-unitats-de-la-comunitat-en-la-campanya-contagiat-de-prevencio\/","title":{"rendered":"Les UPCCA de Xest i Requena s&#8217;uneixen a la resta unitats de la Comunitat en la campanya &#8220;Contagia&#8217;t de Prevenci\u00f3&#8221;"},"content":{"rendered":"\n<p class=\"wp-block-paragraph\"><strong>Amb motiu del &#8220;Dia internacional de lluita contra l&#8217;\u00fas indegut i el tr\u00e0fic il\u00b7l\u00edcit de drogues&#8221; que se celebra aquest divendres 26 de juny<\/strong><\/p>\n\n\n\n<p class=\"wp-block-paragraph\">Amb motiu del Dia Internacional de Lluita Contra l&#8217;\u00das Indegut i el Tr\u00e0fic Il\u00b7l\u00edcit de Drogues, que se celebra hui, 26 de juny, la Unitat de Prevenci\u00f3 Comunit\u00e0ria de Conductes Addictives (UPCCA) de Xest s&#8217;ha unit a la campanya &#8220;Contagia&#8217;t de Prevenci\u00f3 &#8220;, al costat de diferents UPCCA de la Comunitat Valenciana.<\/p>\n\n\n\n<p class=\"wp-block-paragraph\">La finalitat d&#8217;aquesta acci\u00f3 \u00e9s informar la ciutadania de les implicacions i la import\u00e0ncia de la prevenci\u00f3 local. La campanya inclou un v\u00eddeo realitzat de forma conjunta per les Unitats de Prevenci\u00f3 Comunit\u00e0ria de Conductes Addictives en el qual es presenten com un servei professional i acreditat per la Conselleria de Sanitat i Salut P\u00fablica per informar, orientar i treballar amb les fam\u00edlies, les escoles i les comunitats, donant suport especialment a la joventut per prevenir el consum de drogues i portar una vida saludable.<\/p>\n\n\n\n<p class=\"wp-block-paragraph\">La celebraci\u00f3 del Dia Internacional de Lluita Contra l&#8217;\u00das Indegut i el Tr\u00e0fic Il\u00b7l\u00edcit de Drogues sorgeix a proposta de l&#8217;ONU amb l&#8217;objectiu de refor\u00e7ar l&#8217;acci\u00f3 i la cooperaci\u00f3 per aconseguir una societat lliure de l&#8217;consum de drogues, i \u00e9s una oportunitat per conscienciar sobre la import\u00e0ncia de la prevenci\u00f3 local en conductes addictives i visibilitzar la tasca que realitzen les 86 UPCCA de la Comunitat Valenciana, amb els seus m\u00e9s de 100 professionals.<\/p>\n\n\n\n<p class=\"wp-block-paragraph\">La campanya de l&#8217;ONU d&#8217;aquest any 2020 es desenvolupa sota el lema &#8220;Millor coneixement per a un millor cura&#8221;, fent refer\u00e8ncia a el fet que el consum de drogues sempre ha estat intervingut per informaci\u00f3 err\u00f2nia, un inconvenient per poder resoldre el problema. Les UPCCA de la Comunitat Valenciana, com a serveis locals competents per al desenvolupament d&#8217;actuacions encaminades a eliminar o modificar els factors de risc associats a el consum de drogues o altres conductes addictives, treballen activament per dotar d&#8217;informaci\u00f3 efectiva a la poblaci\u00f3 sobre els riscos de l&#8217;consum de drogues i el desenvolupament de conductes addictives. Aix\u00ed com per a generar capacitats i destreses que permeti a les persones ser reflexives i actuar en benefici de la seua pr\u00f2pia salut.<\/p>\n\n\n\n<p class=\"wp-block-paragraph\">En aquest sentit, totes les UPCCA han manifestat que donen suport plenament la commemoraci\u00f3 d&#8217;aquest dia i s&#8217;apliquen de forma real i efectiva el lema de l&#8217;ONU seleccionat per a aquest any. Aquestes unitats realitzen una intensa i variada tasca en els \u00e0mbits educatiu, sanitari, social i comunitari. Des de diferents perfils professionals i als diferents nivells de prevenci\u00f3. Desenvolupant i coordinant plans municipals de drogues i altres actuacions de forma transversal i amb l&#8217;objectiu com\u00fa de reduir o evitar l&#8217;\u00fas i \/ o ab\u00fas de drogues i altres conductes addictives, aix\u00ed com promoure h\u00e0bits de vida saludables. Tal com han expressat les UPCCA en un comunicat, la diversitat, transversalitat i amplitud de les seves funcions i actuacions &#8220;s\u00f3n una fortalesa indiscutible&#8221; de el servei que presten. Tamb\u00e9 han expressat el seu desig de &#8220;seguir sent l&#8217;instrument per promoure que la poblaci\u00f3 s&#8217;encomani de prevenci\u00f3 i conjuntament s&#8217;evitin problemes de salut relacionats amb les addiccions&#8221;.<\/p>\n\n\n\n<p class=\"wp-block-paragraph\"><strong>Requena<\/strong><\/p>\n\n\n\n<p class=\"wp-block-paragraph\">Aquest dia celebrat a proposta de l&#8217;ONU amb l&#8217;objectiu de refor\u00e7ar l&#8217;acci\u00f3 i la cooperaci\u00f3 per aconseguir una societat lliure de l&#8217;consum de drogues, aquest dia \u00e9s una oportunitat per a conscienciar sobre la import\u00e0ncia de la prevenci\u00f3 local en conductes addictives visibilitzant la tasca que realitzen les Unitats de Prevenci\u00f3 Comunit\u00e0ria en Conductes Addictives (UPCCA) de la Comunitat Valenciana com a actius clau de la salut local, al costat de les fam\u00edlies, les escoles i les comunitats en la lluita contra les addiccions.<\/p>\n\n\n\n<p class=\"wp-block-paragraph\">La Comunitat Valenciana compta amb 86 UPCCA, que sumen m\u00e9s de 100 professionals experts en prevenci\u00f3 de conductes addictives.<\/p>\n\n\n\n<p class=\"wp-block-paragraph\">La campanya de l&#8217;ONU d&#8217;aquest any 2020, es desenvolupa sota el lema &#8220;MILLOR CONEIXEMENT PER A UN MILLOR CURA&#8221; fent refer\u00e8ncia a el fet que el consum de drogues sempre ha estat intervingut per informaci\u00f3 err\u00f2nia, un inconvenient per poder resoldre el problema.<\/p>\n\n\n\n<p class=\"wp-block-paragraph\">Les UPCCAS de la Comunitat Valenciana, com a serveis locals competents per al desenvolupament d&#8217;actuacions encaminades a eliminar o modificar els factors de risc associats a el consum de drogues o altres conductes addictives, treballen activament per dotar d&#8217;informaci\u00f3 efectiva a la poblaci\u00f3 sobre els riscos de l&#8217;consum de drogues i el desenvolupament de conductes addictives, i per generar capacitats i destreses que permetin a les persones ser reflexives i actuar en benefici de la seva pr\u00f2pia salut.<\/p>\n\n\n\n<p class=\"wp-block-paragraph\">En aquest sentit totes les UPCCAS donen suport plenament la commemoraci\u00f3 d&#8217;aquest dia i s&#8217;apliquen de forma real i efectiva el lema de l&#8217;ONU seleccionat per a aquest any; realitzant l&#8217;esfor\u00e7 quotidi\u00e0 des de les diferents institucions, en les seves compet\u00e8ncies, per aconseguir els objectius que representen.<\/p>\n\n\n\n<p class=\"wp-block-paragraph\">Per commemorar Aquest 26 de Juny de 2020, la UPCCA de l&#8217;Ajuntament de Requena, participa al costat de les diferents UPCCAS de la Comunitat Valenciana, en la campanya &#8220;Contagia&#8217;t de prevenci\u00f3&#8221; per informar la ciutadania de forma clara i propera de les implicacions i import\u00e0ncia de la prevenci\u00f3 local.<\/p>\n\n\n\n<p class=\"wp-block-paragraph\">La campanya Contagia&#8217;t de Prevenci\u00f3, inclou un v\u00eddeo realitzat de forma conjunta i amb un missatge un\u00edvoc: Les Unitats de Prevenci\u00f3 Comunit\u00e0ria en Conductes Addictives s\u00f3n els serveis professionals i acreditats per la Conselleria de Sanitat i Salut P\u00fablica per informar, orientar i treballar amb les fam\u00edlies , les escoles i les comunitats, donant suport especialment a la joventut, a fi de, en paraules del secretari general de l&#8217;ONU, Antonio Guterres: &#8220;prevenir el consum de drogues i ajudar a les noves generacions a portar una vida m\u00e9s sana ia triar el seu cam\u00ed amb for\u00e7a i resili\u00e8ncia. &#8220;<\/p>\n\n\n\n<p class=\"wp-block-paragraph\">Les UPCCAS realitzen una intensa i variada tasca en els \u00e0mbits educatiu, sanitari, social i comunitari, des de diferents perfils professionals ia diferents nivells de prevenci\u00f3, desenvolupant i coordinant plans municipals de drogues i altres actuacions de forma transversal i amb un nexe com\u00fa: reduir o evitar l&#8217;\u00fas i \/ o ab\u00fas de drogues i altres conductes addictives, aix\u00ed com promoure h\u00e0bits de vida saludables.<\/p>\n\n\n\n<p class=\"wp-block-paragraph\">La diversitat, transversalitat i amplitud de les seues funcions i actuacions s\u00f3n una fortalesa indiscutible d&#8217;aquests serveis, i desitgen, en definitiva, seguir sent l&#8217;instrument per promoure que la poblaci\u00f3 s&#8217;encomani de Prevenci\u00f3 i entre tots \/ es evitem problemes de salut relacionats amb les addiccions.<\/p>\n","protected":false},"excerpt":{"rendered":"<div class=\"mh-excerpt\">Amb motiu del &#8220;Dia internacional de lluita contra l&#8217;\u00fas indegut i el tr\u00e0fic il\u00b7l\u00edcit de drogues&#8221; que se celebra aquest divendres 26 de juny Amb motiu del Dia Internacional de Lluita Contra l&#8217;\u00das Indegut i <a class=\"mh-excerpt-more\" href=\"https:\/\/tucomarca.whitekongsoftware.com\/ca\/les-upcca-de-xest-i-requena-suneixen-a-la-resta-unitats-de-la-comunitat-en-la-campanya-contagiat-de-prevencio\/\" title=\"Les UPCCA de Xest i Requena s&#8217;uneixen a la resta unitats de la Comunitat en la campanya &#8220;Contagia&#8217;t de Prevenci\u00f3&#8221;\">[+] <\/a><\/div>\n","protected":false},"author":12,"featured_media":109393,"comment_status":"open","ping_status":"open","sticky":false,"template":"","format":"standard","meta":{"footnotes":""},"categories":[11010,12202,10948,10894,10912,10947,10908,10909,10896,10897,10974],"tags":[10470,2850,11937,11938,11951,5952,10387,9315],"class_list":["post-109395","post","type-post","status-publish","format-standard","has-post-thumbnail","category-canal-salud","category-covid-19-ca","category-infraestructuras-ca","category-la-comarca-ca","category-la-hoya-ca","category-politica","category-requena-ca","category-requena-utiel-ca","category-seccion-ca","category-sucesos-la-comarca-ca","category-cheste-ca","tag-ayuntamiento-de-cheste","tag-ayuntamiento-de-requena","tag-coronavirus","tag-covid-19","tag-covid2019","tag-la-hoya-de-bunol-chiva","tag-requena-utiel","tag-upcca"],"_links":{"self":[{"href":"https:\/\/tucomarca.whitekongsoftware.com\/ca\/wp-json\/wp\/v2\/posts\/109395","targetHints":{"allow":["GET"]}}],"collection":[{"href":"https:\/\/tucomarca.whitekongsoftware.com\/ca\/wp-json\/wp\/v2\/posts"}],"about":[{"href":"https:\/\/tucomarca.whitekongsoftware.com\/ca\/wp-json\/wp\/v2\/types\/post"}],"author":[{"embeddable":true,"href":"https:\/\/tucomarca.whitekongsoftware.com\/ca\/wp-json\/wp\/v2\/users\/12"}],"replies":[{"embeddable":true,"href":"https:\/\/tucomarca.whitekongsoftware.com\/ca\/wp-json\/wp\/v2\/comments?post=109395"}],"version-history":[{"count":0,"href":"https:\/\/tucomarca.whitekongsoftware.com\/ca\/wp-json\/wp\/v2\/posts\/109395\/revisions"}],"wp:featuredmedia":[{"embeddable":true,"href":"https:\/\/tucomarca.whitekongsoftware.com\/ca\/wp-json\/wp\/v2\/media\/109393"}],"wp:attachment":[{"href":"https:\/\/tucomarca.whitekongsoftware.com\/ca\/wp-json\/wp\/v2\/media?parent=109395"}],"wp:term":[{"taxonomy":"category","embeddable":true,"href":"https:\/\/tucomarca.whitekongsoftware.com\/ca\/wp-json\/wp\/v2\/categories?post=109395"},{"taxonomy":"post_tag","embeddable":true,"href":"https:\/\/tucomarca.whitekongsoftware.com\/ca\/wp-json\/wp\/v2\/tags?post=109395"}],"curies":[{"name":"wp","href":"https:\/\/api.w.org\/{rel}","templated":true}]}}