{"id":109377,"date":"2020-06-26T21:35:55","date_gmt":"2020-06-26T19:35:55","guid":{"rendered":"http:\/\/www.tucomarca.com\/wordpress\/segunda\/?p=109377"},"modified":"2020-06-27T01:46:22","modified_gmt":"2020-06-26T23:46:22","slug":"lajuntament-de-turis-destina-fins-a-25-000-euros-en-ajudes-per-als-comercos-i-empreses-de-la-localitat","status":"publish","type":"post","link":"https:\/\/tucomarca.whitekongsoftware.com\/ca\/lajuntament-de-turis-destina-fins-a-25-000-euros-en-ajudes-per-als-comercos-i-empreses-de-la-localitat\/","title":{"rendered":"L\u2019Ajuntament de Tur\u00eds destina fins a 25.000 euros en ajudes per als comer\u00e7os i empreses de la localitat"},"content":{"rendered":"\n<p class=\"wp-block-paragraph\">L\u2019ajuntament de&nbsp;Tur\u00eds&nbsp;ha publicat les bases reguladores per a la concessi\u00f3 d\u2019ajudes al comer\u00e7 local incloses al Pla de conting\u00e8ncia i desenvolupament local i destinades \u201ca pal\u00b7liar els efectes adversos originats per les mesures decretades arran de la Covid-19\u201d.<\/p>\n\n\n\n<p class=\"wp-block-paragraph\">Estes&nbsp;ajudes consisteixen a atorgar una subvenci\u00f3 equivalent a l&#8217;import de la taxa de recollida i transport de Residus S\u00f2lids Urbans de l&#8217;exercici 2020 m\u00e9s la part fixa del rebut del subministrament d&#8217;aigua potable de dos trimestres de l&#8217;exercici. L&#8217;import global al qual ascendeixen&nbsp;estes&nbsp;ajudes \u00e9s de 25.000 euros finan\u00e7ats a c\u00e0rrec de l\u2019aplicaci\u00f3 pressupost\u00e0ria creada per generaci\u00f3 de cr\u00e8dit amb l\u2019increment del Fons de Cooperaci\u00f3 Municipal.<\/p>\n\n\n\n<p class=\"wp-block-paragraph\">\u201c\u00c9s evident que el municipi com a entitat local t\u00e9 un \u00e0mbit competencial territorial&nbsp;y&nbsp;funcional perfectament definit que el limita en les possibilitats d\u2019actuaci\u00f3, per\u00f2 dins d\u2019eixes possibilitats pretenem reduir la c\u00e0rrega impositiva de negocis o activitats locals que han vist afectada la seua activitat normal a conseq\u00fc\u00e8ncia d\u2019esta&nbsp;situaci\u00f3\u201d, explica l\u2019alcalde de&nbsp;Tur\u00eds,&nbsp;Eugenio&nbsp;Forta\u00f1a.<\/p>\n\n\n\n<p class=\"wp-block-paragraph\">Tant les bases de la convocat\u00f2ria com l\u2019impr\u00e9s de sol\u00b7licitud ja estan disponibles per a la seua consulta a les oficines de l\u2019ajuntament, a la seua electr\u00f2nica i al web municipal. Podran presentar-se amb la documentaci\u00f3 requerida tant per registre electr\u00f2nic com presencialment a les oficines municipals.<\/p>\n\n\n\n<p class=\"wp-block-paragraph\">Estes&nbsp;subvencions s\u00f3n compatibles amb altres destinades per a la mateixa finalitat procedents de les diferents&nbsp;administracions o estaments p\u00fablics o privats.<\/p>\n","protected":false},"excerpt":{"rendered":"<div class=\"mh-excerpt\">L\u2019ajuntament de&nbsp;Tur\u00eds&nbsp;ha publicat les bases reguladores per a la concessi\u00f3 d\u2019ajudes al comer\u00e7 local incloses al Pla de conting\u00e8ncia i desenvolupament local i destinades \u201ca pal\u00b7liar els efectes adversos originats per les mesures decretades arran <a class=\"mh-excerpt-more\" href=\"https:\/\/tucomarca.whitekongsoftware.com\/ca\/lajuntament-de-turis-destina-fins-a-25-000-euros-en-ajudes-per-als-comercos-i-empreses-de-la-localitat\/\" title=\"L\u2019Ajuntament de Tur\u00eds destina fins a 25.000 euros en ajudes per als comer\u00e7os i empreses de la localitat\">[+] <\/a><\/div>\n","protected":false},"author":12,"featured_media":109376,"comment_status":"open","ping_status":"open","sticky":false,"template":"","format":"standard","meta":{"footnotes":""},"categories":[11010,12202,10948,10894,10902,10947,10896,10897,11047],"tags":[11103,12314,11939,11940,11077],"class_list":["post-109377","post","type-post","status-publish","format-standard","has-post-thumbnail","category-canal-salud","category-covid-19-ca","category-infraestructuras-ca","category-la-comarca-ca","category-la-ribera-ca","category-politica","category-seccion-ca","category-sucesos-la-comarca-ca","category-turis-ca","tag-ajuntament-de-turis-ca","tag-comercio-local-ca","tag-coronavirus-ca","tag-covid-19-ca","tag-la-ribera-alta-ca"],"_links":{"self":[{"href":"https:\/\/tucomarca.whitekongsoftware.com\/ca\/wp-json\/wp\/v2\/posts\/109377","targetHints":{"allow":["GET"]}}],"collection":[{"href":"https:\/\/tucomarca.whitekongsoftware.com\/ca\/wp-json\/wp\/v2\/posts"}],"about":[{"href":"https:\/\/tucomarca.whitekongsoftware.com\/ca\/wp-json\/wp\/v2\/types\/post"}],"author":[{"embeddable":true,"href":"https:\/\/tucomarca.whitekongsoftware.com\/ca\/wp-json\/wp\/v2\/users\/12"}],"replies":[{"embeddable":true,"href":"https:\/\/tucomarca.whitekongsoftware.com\/ca\/wp-json\/wp\/v2\/comments?post=109377"}],"version-history":[{"count":0,"href":"https:\/\/tucomarca.whitekongsoftware.com\/ca\/wp-json\/wp\/v2\/posts\/109377\/revisions"}],"wp:featuredmedia":[{"embeddable":true,"href":"https:\/\/tucomarca.whitekongsoftware.com\/ca\/wp-json\/wp\/v2\/media\/109376"}],"wp:attachment":[{"href":"https:\/\/tucomarca.whitekongsoftware.com\/ca\/wp-json\/wp\/v2\/media?parent=109377"}],"wp:term":[{"taxonomy":"category","embeddable":true,"href":"https:\/\/tucomarca.whitekongsoftware.com\/ca\/wp-json\/wp\/v2\/categories?post=109377"},{"taxonomy":"post_tag","embeddable":true,"href":"https:\/\/tucomarca.whitekongsoftware.com\/ca\/wp-json\/wp\/v2\/tags?post=109377"}],"curies":[{"name":"wp","href":"https:\/\/api.w.org\/{rel}","templated":true}]}}