{"id":109364,"date":"2020-06-26T20:42:59","date_gmt":"2020-06-26T18:42:59","guid":{"rendered":"http:\/\/www.tucomarca.com\/wordpress\/segunda\/?p=109364"},"modified":"2020-06-26T20:43:01","modified_gmt":"2020-06-26T18:43:01","slug":"la-piscina-municipal-de-requena-obri-este-dissabte-amb-mesures-especials-per-a-la-temporada-de-bany","status":"publish","type":"post","link":"https:\/\/tucomarca.whitekongsoftware.com\/ca\/la-piscina-municipal-de-requena-obri-este-dissabte-amb-mesures-especials-per-a-la-temporada-de-bany\/","title":{"rendered":"La piscina municipal de Requena obri este dissabte amb mesures especials per a la temporada de bany"},"content":{"rendered":"\n<p class=\"wp-block-paragraph\"><strong>A fi de garantir la seguretat, ser\u00e0 amb dos franges hor\u00e0ries distintes i amb un m\u00e0xim de 200 persones en cada franja<\/strong><\/p>\n\n\n\n<p class=\"wp-block-paragraph\">Des de l&#8217;Ajuntament de Requena s&#8217;informa que l&#8217;obertura de la piscina de Requena est\u00e0 prevista per a aquest dissabte 27 de juny.<br>Per tal de garantir la seguretat de l&#8217;servei, hi haur\u00e0 dos torns de bany (mat\u00ed i vesprada).<br> Aix\u00ed doncs, l&#8217;entrada nom\u00e9s donar\u00e0 acc\u00e9s a un torn (mat\u00ed o vesprada).<br> A m\u00e9s l&#8217;aforament de la instal\u00b7laci\u00f3 es veur\u00e0 redu\u00eft a un m\u00e0xim de 200 entrades en cada franja.<br>Per tot aix\u00f2, aquest any no hi haur\u00e0 cap tipus d&#8217;abonament, ja que impossibilitaria poder garantir el control de l&#8217;aforament.<br> Aix\u00ed mateix, no es podran utilitzar els tobogans ni els jocs de la piscina de xapoteig.<br>D&#8217;aquesta manera, l&#8217;horari d&#8217;torn de mat\u00ed ser\u00e0 de 11:00 a 14:30 hores i el de tarda de 15:30 a 19:00 hores.<br>La piscina romandr\u00e0 tancada des de les 14:30 fins les 15:30 per a la seua neteja i desinfecci\u00f3, de manera que aquest proc\u00e9s es dur\u00e0 a terme aix\u00ed un total de 3 vegades a el dia.<\/p>\n\n\n\n<p class=\"wp-block-paragraph\">Els preus de les entrades seran els seg\u00fcents:<\/p>\n\n\n\n<ul class=\"wp-block-list\"><li>De 6 a 14 anys: 1,65 \u20ac, i 1,30 \u20ac l&#8217;entrada redu\u00efda per fam\u00edlia nombrosa, carnet jove i pensionistes.<\/li><li>M\u00e9s de 14 anys: 2,50 \u20ac, i 2 \u20ac l&#8217;entrada redu\u00efda per fam\u00edlia nombrosa, carnet jove, majors de 60 anys, jubilats i pensionistes.<\/li><li>Una persona podr\u00e0 reservar com a m\u00e0xim 5 entrades. Si el preu de les mateixes \u00e9s redu\u00eft, haur\u00e0 de presentar documentaci\u00f3 justificativa a l&#8217;entrar a la instal\u00b7laci\u00f3.<\/li><\/ul>\n\n\n\n<p class=\"wp-block-paragraph\">La reserva es podr\u00e0 efectuar a trav\u00e9s del seg\u00fcent n\u00famero de tel\u00e8fon: 96.230 13 maig.<br>Els horaris per reservar entrades coincideixen amb els torns d&#8217;obertura de la piscina.<br>L&#8217;entrada es pagar\u00e0 amb targeta a l&#8217;accedir a la instal\u00b7laci\u00f3.<br>D&#8217;altra banda, les persones interessades en els cursos de nataci\u00f3 i aquagym poden trobar m\u00e9s informaci\u00f3 en els documents PDF adjunts.<\/p>\n\n\n\n<p class=\"wp-block-paragraph\">Respecte a les piscines de les aldees, el proper 27 de juny s&#8217;obriran les piscines de Los Isidros i El Rebollar, i la piscina d&#8217;Els Ducs obrir\u00e0 l&#8217;1 de juliol.<br>Per a m\u00e9s informaci\u00f3 sobre aquestes piscines es pot contactar amb les mateixes a trav\u00e9s dels seg\u00fcents correus electr\u00f2nics:<\/p>\n\n\n\n<ul class=\"wp-block-list\"><li>Los Duques: asociacionlosduques2016@gmail.com<\/li><li> Los Isidros: ardoisidro@gmail.com<\/li><li> El Rebollar: asociacionispar@gmail.com<\/li><\/ul>\n\n\n\n<p class=\"wp-block-paragraph\">Finalment, \u00e9s important recalcar que els usuaris de les piscines hauran de respectar totes les mesures higi\u00e8nic sanit\u00e0ries indicades.<\/p>\n\n\n\n<ul class=\"wp-block-gallery columns-2 is-cropped wp-block-gallery-1 is-layout-flex wp-block-gallery-is-layout-flex\"><li class=\"blocks-gallery-item\"><figure><img loading=\"lazy\" decoding=\"async\" width=\"723\" height=\"1024\" src=\"http:\/\/www.tucomarca.com\/wordpress\/segunda\/wp-content\/uploads\/2020\/06\/Natacion2020Requena2-723x1024.jpg\" alt=\"\" data-id=\"109365\" data-link=\"http:\/\/www.tucomarca.com\/wordpress\/segunda\/?attachment_id=109365\" class=\"wp-image-109365\" srcset=\"https:\/\/tucomarca.whitekongsoftware.com\/wp-content\/uploads\/2020\/06\/Natacion2020Requena2.jpg 723w, https:\/\/tucomarca.whitekongsoftware.com\/wp-content\/uploads\/2020\/06\/Natacion2020Requena2-212x300.jpg 212w\" sizes=\"auto, (max-width: 723px) 100vw, 723px\" \/><\/figure><\/li><li class=\"blocks-gallery-item\"><figure><img loading=\"lazy\" decoding=\"async\" width=\"695\" height=\"984\" src=\"http:\/\/www.tucomarca.com\/wordpress\/segunda\/wp-content\/uploads\/2020\/06\/Natacion2020Requena1.jpg\" alt=\"\" data-id=\"109367\" data-link=\"http:\/\/www.tucomarca.com\/wordpress\/segunda\/?attachment_id=109367\" class=\"wp-image-109367\" srcset=\"https:\/\/tucomarca.whitekongsoftware.com\/wp-content\/uploads\/2020\/06\/Natacion2020Requena1.jpg 695w, https:\/\/tucomarca.whitekongsoftware.com\/wp-content\/uploads\/2020\/06\/Natacion2020Requena1-212x300.jpg 212w\" sizes=\"auto, (max-width: 695px) 100vw, 695px\" \/><\/figure><\/li><\/ul>\n","protected":false},"excerpt":{"rendered":"<div class=\"mh-excerpt\">A fi de garantir la seguretat, ser\u00e0 amb dos franges hor\u00e0ries distintes i amb un m\u00e0xim de 200 persones en cada franja Des de l&#8217;Ajuntament de Requena s&#8217;informa que l&#8217;obertura de la piscina de Requena <a class=\"mh-excerpt-more\" href=\"https:\/\/tucomarca.whitekongsoftware.com\/ca\/la-piscina-municipal-de-requena-obri-este-dissabte-amb-mesures-especials-per-a-la-temporada-de-bany\/\" title=\"La piscina municipal de Requena obri este dissabte amb mesures especials per a la temporada de bany\">[+] <\/a><\/div>\n","protected":false},"author":12,"featured_media":109363,"comment_status":"open","ping_status":"open","sticky":false,"template":"","format":"standard","meta":{"footnotes":""},"categories":[11010,12202,10948,10894,10903,10947,10908,10909,10896,10897],"tags":[2850,11937,11938,10878,10387],"class_list":["post-109364","post","type-post","status-publish","format-standard","has-post-thumbnail","category-canal-salud","category-covid-19-ca","category-infraestructuras-ca","category-la-comarca-ca","category-medio-ambiente-la-comarca-ca","category-politica","category-requena-ca","category-requena-utiel-ca","category-seccion-ca","category-sucesos-la-comarca-ca","tag-ayuntamiento-de-requena","tag-coronavirus","tag-covid-19","tag-piscina-municipal-requena","tag-requena-utiel"],"_links":{"self":[{"href":"https:\/\/tucomarca.whitekongsoftware.com\/ca\/wp-json\/wp\/v2\/posts\/109364","targetHints":{"allow":["GET"]}}],"collection":[{"href":"https:\/\/tucomarca.whitekongsoftware.com\/ca\/wp-json\/wp\/v2\/posts"}],"about":[{"href":"https:\/\/tucomarca.whitekongsoftware.com\/ca\/wp-json\/wp\/v2\/types\/post"}],"author":[{"embeddable":true,"href":"https:\/\/tucomarca.whitekongsoftware.com\/ca\/wp-json\/wp\/v2\/users\/12"}],"replies":[{"embeddable":true,"href":"https:\/\/tucomarca.whitekongsoftware.com\/ca\/wp-json\/wp\/v2\/comments?post=109364"}],"version-history":[{"count":0,"href":"https:\/\/tucomarca.whitekongsoftware.com\/ca\/wp-json\/wp\/v2\/posts\/109364\/revisions"}],"wp:featuredmedia":[{"embeddable":true,"href":"https:\/\/tucomarca.whitekongsoftware.com\/ca\/wp-json\/wp\/v2\/media\/109363"}],"wp:attachment":[{"href":"https:\/\/tucomarca.whitekongsoftware.com\/ca\/wp-json\/wp\/v2\/media?parent=109364"}],"wp:term":[{"taxonomy":"category","embeddable":true,"href":"https:\/\/tucomarca.whitekongsoftware.com\/ca\/wp-json\/wp\/v2\/categories?post=109364"},{"taxonomy":"post_tag","embeddable":true,"href":"https:\/\/tucomarca.whitekongsoftware.com\/ca\/wp-json\/wp\/v2\/tags?post=109364"}],"curies":[{"name":"wp","href":"https:\/\/api.w.org\/{rel}","templated":true}]}}