{"id":109316,"date":"2020-06-25T21:18:08","date_gmt":"2020-06-25T19:18:08","guid":{"rendered":"http:\/\/www.tucomarca.com\/wordpress\/segunda\/?p=109316"},"modified":"2020-06-25T21:18:11","modified_gmt":"2020-06-25T19:18:11","slug":"la-comunitat-no-registra-persones-mortes-per-coronavirus-en-lultima-jornada-i-suma-38-altes-i-8-positius","status":"publish","type":"post","link":"https:\/\/tucomarca.whitekongsoftware.com\/ca\/la-comunitat-no-registra-persones-mortes-per-coronavirus-en-lultima-jornada-i-suma-38-altes-i-8-positius\/","title":{"rendered":"La Comunitat no registra persones mortes per coronavirus en l&#8217;\u00faltima jornada i suma 38 altes i 8 positius"},"content":{"rendered":"\n<p class=\"wp-block-paragraph\">La Comunitat Valenciana no ha registrat cap defunci\u00f3 per coronavirus en les \u00faltimes 24 hores, de manera que el total continua en 1.470 persones.<\/p>\n\n\n\n<p class=\"wp-block-paragraph\">Per la seva banda, les altes continuen en ascens i s&#8217;han registrat 38 des de l&#8217;actualitzaci\u00f3 d&#8217;aquest dimecres. En total s\u00f3n ja 14.558 les persones que s&#8217;han curat des que va comen\u00e7ar la pand\u00e8mia: 1.705 a la prov\u00edncia de Castell\u00f3, 4.986 a la d&#8217;Alacant i 7.862 a la de Val\u00e8ncia. A elles cal sumar unes altres 5 corresponents a persones despla\u00e7ades.<\/p>\n\n\n\n<p class=\"wp-block-paragraph\">El nombre de pacients ingressats als hospitals valencians per coronavirus tamb\u00e9 t\u00e9 una evoluci\u00f3 positiva i es redueix dia a dia. En aquests moments hi ha 62 persones ingressades per coronavirus, 7 d&#8217;elles en les Unitats de Cures Intensives de la Comunitat: 4 a la prov\u00edncia de Castell\u00f3, sense pacients en UCI; 28 a la prov\u00edncia d&#8217;Alacant, d&#8217;ells 4 a la UCI; i 30 a la prov\u00edncia de Val\u00e8ncia, d&#8217;ells 3 a la UCI.<\/p>\n\n\n\n<p class=\"wp-block-paragraph\">Pel que fa a casos positius nous, des de l&#8217;\u00faltima actualitzaci\u00f3 s&#8217;han detectat 8 casos a trav\u00e9s de PCR, que eleven a 11.509 el total de positius des que va comen\u00e7ar la pand\u00e8mia. La distribuci\u00f3 per prov\u00edncies \u00e9s la seg\u00fcent:<\/p>\n\n\n\n<p class=\"wp-block-paragraph\">\u00b7 0 a Castell\u00f3 (1.603 en total)<\/p>\n\n\n\n<p class=\"wp-block-paragraph\">\u00b7 1 a la prov\u00edncia d&#8217;Alacant (3.958 en total)<\/p>\n\n\n\n<p class=\"wp-block-paragraph\">\u00b7 7 a la prov\u00edncia de Val\u00e8ncia (5.941 en total)<\/p>\n\n\n\n<p class=\"wp-block-paragraph\">\u00b7 7 no assignats (no nous)<\/p>\n\n\n\n<p class=\"wp-block-paragraph\">Es tracta del segon dia consecutiu en qu\u00e8 no es registren nous casos a la prov\u00edncia de Castell\u00f3. La consellera de Sanitat Universal i Salut P\u00fablica, Ana Barcel\u00f3, ha destacat que &#8220;les dades de Castell\u00f3 s\u00f3n esperan\u00e7adors per a tota la Comunitat Valenciana&#8221;, cosa que &#8220;ens anima a seguir treballant per a v\u00e8ncer, tots junts, a l&#8217;virus&#8221;.<\/p>\n\n\n\n<p class=\"wp-block-paragraph\">A hores d&#8217;ara queden actius 2.049 casos, fet que suposa un 11,3% de l&#8217;total de positius.<\/p>\n\n\n\n<p class=\"wp-block-paragraph\">El nombre d&#8217;altes de professionals sanitaris \u00e9s de 2.281 i el nombre total de positius en professionals a hores d&#8217;ara \u00e9s de 496.<\/p>\n\n\n\n<p class=\"wp-block-paragraph\">El nombre total de proves dutes a terme per a la detecci\u00f3 de l&#8217;coronavirus ha estat de 431.433, de les quals 311.127 han estat a trav\u00e9s de PCR i 120.306 a trav\u00e9s de test r\u00e0pid.<\/p>\n\n\n\n<p class=\"wp-block-paragraph\">Actualitzaci\u00f3 de la situaci\u00f3 en resid\u00e8ncies<\/p>\n\n\n\n<p class=\"wp-block-paragraph\">Actualment hi ha algun cas positiu en 13 centres: 0 a la prov\u00edncia de Castell\u00f3, 2 a la d&#8217;Alacant i 11 a la de Val\u00e8ncia.<\/p>\n\n\n\n<p class=\"wp-block-paragraph\">\u00b7 Residents nous positius: 4<\/p>\n\n\n\n<p class=\"wp-block-paragraph\">\u00b7 Treballadors nous positius: 0<\/p>\n\n\n\n<p class=\"wp-block-paragraph\">\u00b7 Residents morts: 0<\/p>\n\n\n\n<p class=\"wp-block-paragraph\">A hores d&#8217;ara, es troben sota vigil\u00e0ncia activa de control sanitari 8 resid\u00e8ncies a la Comunitat Valenciana: 0 a la prov\u00edncia de Castell\u00f3, 2 a la prov\u00edncia d&#8217;Alacant i 6 a la prov\u00edncia de Val\u00e8ncia.<\/p>\n","protected":false},"excerpt":{"rendered":"<div class=\"mh-excerpt\">La Comunitat Valenciana no ha registrat cap defunci\u00f3 per coronavirus en les \u00faltimes 24 hores, de manera que el total continua en 1.470 persones. Per la seva banda, les altes continuen en ascens i s&#8217;han <a class=\"mh-excerpt-more\" href=\"https:\/\/tucomarca.whitekongsoftware.com\/ca\/la-comunitat-no-registra-persones-mortes-per-coronavirus-en-lultima-jornada-i-suma-38-altes-i-8-positius\/\" title=\"La Comunitat no registra persones mortes per coronavirus en l&#8217;\u00faltima jornada i suma 38 altes i 8 positius\">[+] <\/a><\/div>\n","protected":false},"author":1,"featured_media":108110,"comment_status":"open","ping_status":"open","sticky":false,"template":"","format":"standard","meta":{"footnotes":""},"categories":[11010,12202,10898,10948,10894,10904,10903,10947,10896,10897],"tags":[11939,11937,11940,11938,11952,11951],"class_list":["post-109316","post","type-post","status-publish","format-standard","has-post-thumbnail","category-canal-salud","category-covid-19-ca","category-ventana-ca","category-infraestructuras-ca","category-la-comarca-ca","category-sin-categorizar-ca","category-medio-ambiente-la-comarca-ca","category-politica","category-seccion-ca","category-sucesos-la-comarca-ca","tag-coronavirus-ca","tag-coronavirus","tag-covid-19-ca","tag-covid-19","tag-covid2019-ca","tag-covid2019"],"_links":{"self":[{"href":"https:\/\/tucomarca.whitekongsoftware.com\/ca\/wp-json\/wp\/v2\/posts\/109316","targetHints":{"allow":["GET"]}}],"collection":[{"href":"https:\/\/tucomarca.whitekongsoftware.com\/ca\/wp-json\/wp\/v2\/posts"}],"about":[{"href":"https:\/\/tucomarca.whitekongsoftware.com\/ca\/wp-json\/wp\/v2\/types\/post"}],"author":[{"embeddable":true,"href":"https:\/\/tucomarca.whitekongsoftware.com\/ca\/wp-json\/wp\/v2\/users\/1"}],"replies":[{"embeddable":true,"href":"https:\/\/tucomarca.whitekongsoftware.com\/ca\/wp-json\/wp\/v2\/comments?post=109316"}],"version-history":[{"count":0,"href":"https:\/\/tucomarca.whitekongsoftware.com\/ca\/wp-json\/wp\/v2\/posts\/109316\/revisions"}],"wp:featuredmedia":[{"embeddable":true,"href":"https:\/\/tucomarca.whitekongsoftware.com\/ca\/wp-json\/wp\/v2\/media\/108110"}],"wp:attachment":[{"href":"https:\/\/tucomarca.whitekongsoftware.com\/ca\/wp-json\/wp\/v2\/media?parent=109316"}],"wp:term":[{"taxonomy":"category","embeddable":true,"href":"https:\/\/tucomarca.whitekongsoftware.com\/ca\/wp-json\/wp\/v2\/categories?post=109316"},{"taxonomy":"post_tag","embeddable":true,"href":"https:\/\/tucomarca.whitekongsoftware.com\/ca\/wp-json\/wp\/v2\/tags?post=109316"}],"curies":[{"name":"wp","href":"https:\/\/api.w.org\/{rel}","templated":true}]}}