{"id":109312,"date":"2020-06-25T21:20:53","date_gmt":"2020-06-25T19:20:53","guid":{"rendered":"http:\/\/www.tucomarca.com\/wordpress\/segunda\/?p=109312"},"modified":"2020-06-25T21:20:56","modified_gmt":"2020-06-25T19:20:56","slug":"sobri-el-termini-de-sollicitud-o-renovacio-del-bono-metro-anual-per-a-jubilats-i-pensionistes-de-leliana","status":"publish","type":"post","link":"https:\/\/tucomarca.whitekongsoftware.com\/ca\/sobri-el-termini-de-sollicitud-o-renovacio-del-bono-metro-anual-per-a-jubilats-i-pensionistes-de-leliana\/","title":{"rendered":"S&#8217;obri el termini de sol\u00b7licitud o renovaci\u00f3 del bono metro anual per a jubilats i pensionistes de l&#8217;Eliana"},"content":{"rendered":"\n<p class=\"wp-block-paragraph\">Les persones jubilades, pensionistes o amb una discapacitat igual o superior al 65 per cent empadronades a l&#8217;Eliana podran sol\u00b7licitar o renovar el seu t\u00edtol de transport en virtut del conveni existent entre l&#8217;Ajuntament i Ferrocarrils de la Generalitat Valenciana. La mesura proporcionar\u00e0 als beneficiaris un preu anual redu\u00eft el que suposa un important avantatge econ\u00f2mic.<\/p>\n\n\n\n<p class=\"wp-block-paragraph\">Les sol\u00b7licituds es podran fer entre el 29 de juny i el 13 de juliol tots dos inclusivament, en horari de 10.30 a 13.30, els dies 29 i 30 de juny i 1, 2, 3 i 13 de juliol en les oficines del Centre Sociocultural i els dies 6, 7, 8, 9 i 10 de juliol en les depend\u00e8ncies de Benestar Social.<\/p>\n\n\n\n<p class=\"wp-block-paragraph\">Les persones que desitgen fer la seua sol\u00b7licitud, hauran de completar el formulari i abonar l&#8217;autoliquidaci\u00f3 que es posar\u00e0 a la disposici\u00f3 de l&#8217;interessat i aportar fotoc\u00f2pia del document de n\u00famero de compte, perqu\u00e8 en el seu cas s&#8217;abone el reintegrament, i una justificaci\u00f3 que acredite la seua condici\u00f3 de jubilat, pensionista o discapacitat igual o superior al 65 per cent (nom\u00e9s en altes noves o renovacions de persones la situaci\u00f3 de les quals haja canviat), a m\u00e9s del DNI original en cas de noves altes. Tamb\u00e9 cal una fotografia personal grand\u00e0ria carnet, que realitzar\u00e0 el personal de l&#8217;Ajuntament a cada ve\u00ed o ve\u00efna en el moment d&#8217;entregar la documentaci\u00f3<\/p>\n\n\n\n<p class=\"wp-block-paragraph\">Segons la regidora de Benestar Social, Mar\u00eda Jos\u00e9 Valenzuela, <em>\u201camb aquesta mesura s&#8217;afavoreix un any m\u00e9s la mobilitat de les persones majors quant al mig ferroviari es refereix, facilitant els seus t\u00edtols de transport a uns preus molt avantatjosos\u201d.<\/em><\/p>\n","protected":false},"excerpt":{"rendered":"<div class=\"mh-excerpt\">Les persones jubilades, pensionistes o amb una discapacitat igual o superior al 65 per cent empadronades a l&#8217;Eliana podran sol\u00b7licitar o renovar el seu t\u00edtol de transport en virtut del conveni existent entre l&#8217;Ajuntament i <a class=\"mh-excerpt-more\" href=\"https:\/\/tucomarca.whitekongsoftware.com\/ca\/sobri-el-termini-de-sollicitud-o-renovacio-del-bono-metro-anual-per-a-jubilats-i-pensionistes-de-leliana\/\" title=\"S&#8217;obri el termini de sol\u00b7licitud o renovaci\u00f3 del bono metro anual per a jubilats i pensionistes de l&#8217;Eliana\">[+] <\/a><\/div>\n","protected":false},"author":12,"featured_media":104979,"comment_status":"open","ping_status":"open","sticky":false,"template":"","format":"standard","meta":{"footnotes":""},"categories":[10892,11010,12202,10948,10894,10893,10947,10896],"tags":[10535,12311,10395],"class_list":["post-109312","post","type-post","status-publish","format-standard","has-post-thumbnail","category-camp-de-turia-ca","category-canal-salud","category-covid-19-ca","category-infraestructuras-ca","category-la-comarca-ca","category-leliana-ca","category-politica","category-seccion-ca","tag-ajuntament-de-leliana","tag-bono-metro","tag-camp-de-turia"],"_links":{"self":[{"href":"https:\/\/tucomarca.whitekongsoftware.com\/ca\/wp-json\/wp\/v2\/posts\/109312","targetHints":{"allow":["GET"]}}],"collection":[{"href":"https:\/\/tucomarca.whitekongsoftware.com\/ca\/wp-json\/wp\/v2\/posts"}],"about":[{"href":"https:\/\/tucomarca.whitekongsoftware.com\/ca\/wp-json\/wp\/v2\/types\/post"}],"author":[{"embeddable":true,"href":"https:\/\/tucomarca.whitekongsoftware.com\/ca\/wp-json\/wp\/v2\/users\/12"}],"replies":[{"embeddable":true,"href":"https:\/\/tucomarca.whitekongsoftware.com\/ca\/wp-json\/wp\/v2\/comments?post=109312"}],"version-history":[{"count":0,"href":"https:\/\/tucomarca.whitekongsoftware.com\/ca\/wp-json\/wp\/v2\/posts\/109312\/revisions"}],"wp:featuredmedia":[{"embeddable":true,"href":"https:\/\/tucomarca.whitekongsoftware.com\/ca\/wp-json\/wp\/v2\/media\/104979"}],"wp:attachment":[{"href":"https:\/\/tucomarca.whitekongsoftware.com\/ca\/wp-json\/wp\/v2\/media?parent=109312"}],"wp:term":[{"taxonomy":"category","embeddable":true,"href":"https:\/\/tucomarca.whitekongsoftware.com\/ca\/wp-json\/wp\/v2\/categories?post=109312"},{"taxonomy":"post_tag","embeddable":true,"href":"https:\/\/tucomarca.whitekongsoftware.com\/ca\/wp-json\/wp\/v2\/tags?post=109312"}],"curies":[{"name":"wp","href":"https:\/\/api.w.org\/{rel}","templated":true}]}}