{"id":109241,"date":"2020-06-24T23:08:03","date_gmt":"2020-06-24T21:08:03","guid":{"rendered":"http:\/\/www.tucomarca.com\/wordpress\/segunda\/?p=109241"},"modified":"2020-06-24T23:08:26","modified_gmt":"2020-06-24T21:08:26","slug":"girsa-presenta-uns-comptes-sanejats-amb-un-benefici-de-vora-500-000-euros","status":"publish","type":"post","link":"https:\/\/tucomarca.whitekongsoftware.com\/ca\/girsa-presenta-uns-comptes-sanejats-amb-un-benefici-de-vora-500-000-euros\/","title":{"rendered":"Girsa presenta uns comptes sanejats amb un benefici de vora 500.000 euros"},"content":{"rendered":"\n<p class=\"wp-block-paragraph\"><strong>La presidenta del consell d\u2019administraci\u00f3, la diputada Mentxu Balaguer, destaca l\u2019inici de noves l\u00ednies d\u2019actuaci\u00f3 amb benefici social i els bons resultats de l\u2019empresa amb majoria de la Diputaci\u00f3<\/strong><\/p>\n\n\n\n<p class=\"wp-block-paragraph\">L&#8217;empresa mixta Girsa, amb majoria de capital de la Diputaci\u00f3 de Val\u00e8ncia i participada per FCC, dedicada a la gesti\u00f3 integral de residus s\u00f2lids, ha presentat uns comptes sanejats amb vora 500.000 euros de benefici gr\u00e0cies, com explica la diputada i presidenta del consell d\u2019administraci\u00f3, Mentxu Balaguer, al control de les despeses i a l&#8217;increment de la producci\u00f3 dirigida al benefici social.<\/p>\n\n\n\n<p class=\"wp-block-paragraph\">La formulaci\u00f3 dels comptes va tenir lloc en l&#8217;\u00faltim consell d\u2019administraci\u00f3 i, segons explica la seua presidenta, &#8220;la progressi\u00f3 en la millora dels resultats es va iniciar en 2016 fins a arribar a les bones dades presentades en l\u2019\u00faltim consell d\u2019administraci\u00f3 referides a l&#8217;any 2019, amb un augment de les \u00e0rees d&#8217;actuaci\u00f3 dirigides, principalment, a manteniment mediambiental, demostrant que l\u2019empresa est\u00e0 sanejada i \u00e9s totalment solvent\u201d.&nbsp;<\/p>\n\n\n\n<p class=\"wp-block-paragraph\">D&#8217;esta manera cal destacar que des de 2016 s&#8217;han duplicat les entrades per tractament i valoritzaci\u00f3 dels residus i s&#8217;han triplicat els serveis d&#8217;eliminaci\u00f3 d&#8217;abocadors.&nbsp;<\/p>\n\n\n\n<p class=\"wp-block-paragraph\">Aix\u00ed mateix s&#8217;ha introdu\u00eft, en estos \u00faltims anys, noves l\u00ednies d\u2019actuaci\u00f3, com s\u00f3n els manteniments integrals als municipis i els serveis mediambientals (com per exemple les actuacions de neteja de la Muntanyeta dels Sants o la recuperaci\u00f3 de platges fluvials), continuant els serveis de neteja i recollida de residus com el principal actiu de l&#8217;empresa.<\/p>\n\n\n\n<p class=\"wp-block-paragraph\"><strong>La prioritat s\u00f3n les persones<\/strong><\/p>\n\n\n\n<p class=\"wp-block-paragraph\">En el mateix consell d&#8217;administraci\u00f3 es va informar de les mesures adoptades per fer front a l&#8217;estat d&#8217;alarma, amb la creaci\u00f3 d&#8217;un comit\u00e9 de crisi per implementar protocols de treball amb la protecci\u00f3 de les persones com a objectiu prioritari.<\/p>\n\n\n\n<p class=\"wp-block-paragraph\">Amb Mentxu Balaguer com a presidenta, s\u00f3n membres del Consell d\u2019administraci\u00f3 la consellera delegada, vicepresidenta de la Diputaci\u00f3 i responsable de Medi Ambient, M\u00aa Josep Amig\u00f3, el vicepresident i diputat de Cooperaci\u00f3 Municipal, Carlos Fern\u00e1ndez Bielsa, i els diputats Carlos Gil i Roc\u00edo Gil.<\/p>\n\n\n\n<p class=\"wp-block-paragraph\">Girsa, Gesti\u00f3 Integral de Residus S\u00f2lids S.A., naix l&#8217;any 1993 de la m\u00e0 de la Diputaci\u00f3 de Val\u00e8ncia, amb clara vocaci\u00f3 de servei als ajuntaments en el sector mediambiental. Amb este objecte va desenvolupar un pla provincial que va dotar a la pr\u00e0ctica totalitat de la prov\u00edncia de Val\u00e8ncia d&#8217;infraestructures adequades per a la gesti\u00f3 de residus urbans.<\/p>\n\n\n\n<p class=\"wp-block-paragraph\">Des de 1999, l&#8217;empresa Foment de Construccions i Contrates, S.A. (FCC), participa en un 49% en el capital social de GIRSA.<\/p>\n","protected":false},"excerpt":{"rendered":"<div class=\"mh-excerpt\">La presidenta del consell d\u2019administraci\u00f3, la diputada Mentxu Balaguer, destaca l\u2019inici de noves l\u00ednies d\u2019actuaci\u00f3 amb benefici social i els bons resultats de l\u2019empresa amb majoria de la Diputaci\u00f3 L&#8217;empresa mixta Girsa, amb majoria de <a class=\"mh-excerpt-more\" href=\"https:\/\/tucomarca.whitekongsoftware.com\/ca\/girsa-presenta-uns-comptes-sanejats-amb-un-benefici-de-vora-500-000-euros\/\" title=\"Girsa presenta uns comptes sanejats amb un benefici de vora 500.000 euros\">[+] <\/a><\/div>\n","protected":false},"author":12,"featured_media":109240,"comment_status":"open","ping_status":"open","sticky":false,"template":"","format":"standard","meta":{"footnotes":""},"categories":[12202,10948,10894,10904,10912,10903,10947,10896,10897],"tags":[11937,11938,11951,3677,4013,5819],"class_list":["post-109241","post","type-post","status-publish","format-standard","has-post-thumbnail","category-covid-19-ca","category-infraestructuras-ca","category-la-comarca-ca","category-sin-categorizar-ca","category-la-hoya-ca","category-medio-ambiente-la-comarca-ca","category-politica","category-seccion-ca","category-sucesos-la-comarca-ca","tag-coronavirus","tag-covid-19","tag-covid2019","tag-diputacio-de-valencia","tag-diputacion-de-valencia","tag-empresa-girsa"],"_links":{"self":[{"href":"https:\/\/tucomarca.whitekongsoftware.com\/ca\/wp-json\/wp\/v2\/posts\/109241","targetHints":{"allow":["GET"]}}],"collection":[{"href":"https:\/\/tucomarca.whitekongsoftware.com\/ca\/wp-json\/wp\/v2\/posts"}],"about":[{"href":"https:\/\/tucomarca.whitekongsoftware.com\/ca\/wp-json\/wp\/v2\/types\/post"}],"author":[{"embeddable":true,"href":"https:\/\/tucomarca.whitekongsoftware.com\/ca\/wp-json\/wp\/v2\/users\/12"}],"replies":[{"embeddable":true,"href":"https:\/\/tucomarca.whitekongsoftware.com\/ca\/wp-json\/wp\/v2\/comments?post=109241"}],"version-history":[{"count":0,"href":"https:\/\/tucomarca.whitekongsoftware.com\/ca\/wp-json\/wp\/v2\/posts\/109241\/revisions"}],"wp:featuredmedia":[{"embeddable":true,"href":"https:\/\/tucomarca.whitekongsoftware.com\/ca\/wp-json\/wp\/v2\/media\/109240"}],"wp:attachment":[{"href":"https:\/\/tucomarca.whitekongsoftware.com\/ca\/wp-json\/wp\/v2\/media?parent=109241"}],"wp:term":[{"taxonomy":"category","embeddable":true,"href":"https:\/\/tucomarca.whitekongsoftware.com\/ca\/wp-json\/wp\/v2\/categories?post=109241"},{"taxonomy":"post_tag","embeddable":true,"href":"https:\/\/tucomarca.whitekongsoftware.com\/ca\/wp-json\/wp\/v2\/tags?post=109241"}],"curies":[{"name":"wp","href":"https:\/\/api.w.org\/{rel}","templated":true}]}}