{"id":109228,"date":"2020-06-24T23:17:23","date_gmt":"2020-06-24T21:17:23","guid":{"rendered":"http:\/\/www.tucomarca.com\/wordpress\/segunda\/?p=109228"},"modified":"2020-06-24T23:17:57","modified_gmt":"2020-06-24T21:17:57","slug":"gaspar-anuncia-una-nova-estructura-dorganitzacio-de-personal-per-a-la-diputacio-consensuada-i-adequada-al-segle-xxi","status":"publish","type":"post","link":"https:\/\/tucomarca.whitekongsoftware.com\/ca\/gaspar-anuncia-una-nova-estructura-dorganitzacio-de-personal-per-a-la-diputacio-consensuada-i-adequada-al-segle-xxi\/","title":{"rendered":"Gaspar anuncia una nova estructura d&#8217;organitzaci\u00f3 de personal per a la Diputaci\u00f3 consensuada i adequada al segle XXI"},"content":{"rendered":"\n<p class=\"wp-block-paragraph\"><strong>El president de la Diputaci\u00f3 de Val\u00e8ncia fa part\u00edcips a oposici\u00f3, sindicats i treballadors de la seua aposta per una sola Relaci\u00f3 de Llocs de treball a l&#8217;any: \u201c\u00c9s moment de passar del qu\u00e8 hi ha del meu al qu\u00e8 hi ha del nostre\u201d<\/strong><\/p>\n\n\n\n<p class=\"wp-block-paragraph\"><strong>El ple de juny aprova, a m\u00e9s de la modificaci\u00f3 de la RPT per a cobrir les necessitats de la instituci\u00f3, l&#8217;ampliaci\u00f3 fins a octubre dels terminis perqu\u00e8 els municipis justifiquen les obres del SOM 18\/19 i el IFS de 2018<\/strong><\/p>\n\n\n\n<figure class=\"wp-block-image\"><img loading=\"lazy\" decoding=\"async\" width=\"787\" height=\"512\" src=\"http:\/\/www.tucomarca.com\/wordpress\/segunda\/wp-content\/uploads\/2020\/06\/plenojunioDipu.jpg\" alt=\"\" class=\"wp-image-109223\" srcset=\"https:\/\/tucomarca.whitekongsoftware.com\/wp-content\/uploads\/2020\/06\/plenojunioDipu.jpg 787w, https:\/\/tucomarca.whitekongsoftware.com\/wp-content\/uploads\/2020\/06\/plenojunioDipu-300x195.jpg 300w, https:\/\/tucomarca.whitekongsoftware.com\/wp-content\/uploads\/2020\/06\/plenojunioDipu-768x500.jpg 768w\" sizes=\"auto, (max-width: 787px) 100vw, 787px\" \/><\/figure>\n\n\n\n<p class=\"wp-block-paragraph\">El president de la Diputaci\u00f3 de Val\u00e8ncia, Toni Gaspar, ha resolt este dimarts la pol\u00e8mica de la modificaci\u00f3 de llocs de treball en la corporaci\u00f3 provincial, en anunciar durant la sessi\u00f3 plen\u00e0ria de juny que a partir d&#8217;este moment \u201cnom\u00e9s hi haur\u00e0 una RPT a l&#8217;any, que estar\u00e0 recollida en el pressupost i tractar\u00e0 d&#8217;organitzar la instituci\u00f3 de la millor manera possible, amb una columna vertebral nova adequada al segle XXI i la participaci\u00f3 de tots els grups pol\u00edtics, sindicats i treballadors\u201d.<\/p>\n\n\n\n<p class=\"wp-block-paragraph\">Gaspar s&#8217;ha mostrat categ\u00f2ric a l&#8217;hora d&#8217;assenyalar que \u201c\u00e9s moment de passar del qu\u00e8 hi ha del meu al qu\u00e8 hi ha del nostre\u201d. D&#8217;esta manera, el president ha recollit el guant llan\u00e7at per l&#8217;oposici\u00f3, especialment el PP i Ciutadans, i ha instat a tots, govern i oposici\u00f3, a \u201cposar-se les piles per a continuar avan\u00e7ant en la modernitzaci\u00f3 d&#8217;una Diputaci\u00f3 que ha de determinar per unanimitat com treballar millor i donar resposta a les necessitats dels municipis, que no s\u00f3n les mateixes que tenia el m\u00f3n de fa tres mesos, ja caducat\u201d.<\/p>\n\n\n\n<p class=\"wp-block-paragraph\">El m\u00e0xim responsable provincial ha recordat, des de la \u201cgeometria variable\u201d de les seues diferents experi\u00e8ncies a la casa tant en govern com en oposici\u00f3, que este debat sobre les modificacions de llocs de treball \u201cporta anys produint-se seguint un mateix gui\u00f3, amb id\u00e8ntics arguments per part de diferents partits segons ocupen l&#8217;una o l&#8217;altra bancada, la qual cosa ens aboca a successives modificacions a curt termini que no tenen en compte l&#8217;organitzaci\u00f3 a mitj\u00e0 i llarg termini que necessita qualsevol administraci\u00f3\u201d.<\/p>\n\n\n\n<p class=\"wp-block-paragraph\">Admet el president de la Diputaci\u00f3 que un acord sobre q\u00fcestions de personal sempre \u00e9s \u201ccomplicat\u201d, per\u00f2 considera que finalment \u201cser\u00e0 possible deixar de llan\u00e7ar-nos els trastos al cap i consensuar les millores necess\u00e0ries per a fer front a les exig\u00e8ncies de l&#8217;estructura laboral de la instituci\u00f3 i de noves realitats com el teletreball, deixant tranquils al diputat o la diputada de Personal de torn, que nom\u00e9s tracten d&#8217;organitzar el servei de la millor manera\u201d.<\/p>\n\n\n\n<p class=\"wp-block-paragraph\"><strong>Debat laboral en un ple hist\u00f2ric<\/strong><\/p>\n\n\n\n<p class=\"wp-block-paragraph\">Abans de la intervenci\u00f3 de Toni Gaspar sobre la Relaci\u00f3 de Llocs de treball (RPT), els diferents grups han avivat un debat que ha comen\u00e7at Ciutadans. El diputat Jes\u00fas Gimeno ha q\u00fcestionat l&#8217;abs\u00e8ncia d&#8217;informes t\u00e8cnics que justifiquen la modificaci\u00f3 portada a ple, i ha repassat les reivindicacions sindicals abans de concloure que esta RPT \u201cno era necess\u00e0ria i no concedix prefer\u00e8ncia al personal de la Diputaci\u00f3\u201d.<\/p>\n\n\n\n<p class=\"wp-block-paragraph\">Ximo Segarra, en representaci\u00f3 del PP, ha lamentat \u201cles tres modificacions que portem en esta legislatura i que han afectat a m\u00e9s de 300 llocs de treball, que poc tenen a veure amb una planificaci\u00f3 de futur\u201d. Segons el diputat popular, \u201cempleats i sindicats no entenen estos canvis i tampoc que algunes places s&#8217;\u00f2briguen a altres administracions i altres no\u201d. En opini\u00f3 de Segarra, es posa de manifest \u201cuna absoluta falta de criteri que ens deixa el dubte que apunta algun sindicat que puga haver-hi vestits a mida\u201d.<\/p>\n\n\n\n<p class=\"wp-block-paragraph\">En resposta a l&#8217;oposici\u00f3, la diputada de Personal, Pilar Molina, ha defensat que la gesti\u00f3 del seu departament \u201cbusca sempre el millor per a la instituci\u00f3, tenint en compte les necessitats dels departaments a cada moment, com pot ser refor\u00e7ar l&#8217;assessorament als municipis, l&#8217;efici\u00e8ncia energ\u00e8tica, la prevenci\u00f3 a causa de la pand\u00e8mia o l&#8217;obertura de noves oficines de gesti\u00f3 tribut\u00e0ria\u201d.<\/p>\n\n\n\n<p class=\"wp-block-paragraph\">Molina ha explicat que es recorre a altres administracions quan no hi ha personal qualificat en la Diputaci\u00f3 per a exercir determinats treballs que formen part de l&#8217;Oferta p\u00fablica d&#8217;ocupaci\u00f3 (OPE) de 2019, i ha assegurat que els sindicats \u201chan tingut la informaci\u00f3 necess\u00e0ria, encara que no sempre \u00e9s possible arribar a un acord amb tots\u201d.<\/p>\n\n\n\n<p class=\"wp-block-paragraph\">Per part seua, el portaveu de la Vall ens Uneix, Joan Sanchis, ha donat un vot de confian\u00e7a a l&#8217;equip de govern provincial en la modificaci\u00f3 de l\u2019RPT, esgrimint que \u201ctotes les administracions tracten de resoldre el tema de les necessitats laborals de la millor manera possible\u201d.<\/p>\n\n\n\n<p class=\"wp-block-paragraph\">La reflexi\u00f3 de Gaspar ha tancat el debat sobre la modificaci\u00f3 de l\u2019RPT, aprovada per PSPV, Comprom\u00eds i La Vall en els primers compassos d&#8217;un ple hist\u00f2ric per diversos motius, entre ells el de ser la primera instituci\u00f3 valenciana que torna a la normalitat amb una sessi\u00f3 100% presencial despr\u00e9s de la pand\u00e8mia. Tamb\u00e9 ha resultat nou l&#8217;escenari del ple, que en esta ocasi\u00f3 ha sigut la Sala Alfons el Magn\u00e0nim de la Benefic\u00e8ncia, propietat de la Diputaci\u00f3.<\/p>\n\n\n\n<p class=\"wp-block-paragraph\">El que no ha canviat \u00e9s l&#8217;aposta ferma del president Gaspar i l&#8217;equip de govern en la lluita contra la viol\u00e8ncia de g\u00e8nere. Despr\u00e9s de recordar a M\u00aa Bel\u00e9n, Josefa i Annick, \u201cassassinades a les mans de tres miserables covards\u201d, Toni Gaspar ha insistit que la instituci\u00f3 que dirigix \u201cno acceptar\u00e0 com a normalitat estes morts ni les 238 detencions registrades durant l&#8217;estat d&#8217;alarma per viol\u00e8ncia masclista\u201d.<\/p>\n\n\n\n<p class=\"wp-block-paragraph\"><strong>Ampliaci\u00f3 de terminis<\/strong><\/p>\n\n\n\n<p class=\"wp-block-paragraph\">El ple de juny ha aprovat a m\u00e9s l&#8217;ampliaci\u00f3 de terminis per a la justificaci\u00f3 de les obres del SOM 18\/19 i el IFS de 2018, amb la finalitat de facilitar als municipis la tramitaci\u00f3 i execuci\u00f3 d&#8217;estes actuacions de millora als pobles de la prov\u00edncia. El vicepresident i diputat de Cooperaci\u00f3, Carlos Fern\u00e1ndez Bielsa, ha agra\u00eft a tots els grups la unanimitat a l&#8217;hora d&#8217;atendre la \u201cpetici\u00f3 de la immensa majoria d&#8217;alcaldes i alcaldesses\u201d.<\/p>\n\n\n\n<p class=\"wp-block-paragraph\">D&#8217;esta manera, el termini per a justificar els projectes del Pla de Serveis i Obres Municipals de 2018-19, que finalitzava el 20 de juliol, s&#8217;amplia fins al 27 d&#8217;octubre, i el termini de justificaci\u00f3 de les obres del Pla d&#8217;Inversions Financerament Sostenibles de 2018 s&#8217;amplia del 6 de juliol al 12 d&#8217;octubre. En tots dos casos, la prolongaci\u00f3 respon als 99 dies que ha durat l&#8217;estat d&#8217;alarma.<\/p>\n\n\n\n<p class=\"wp-block-paragraph\">La sessi\u00f3 plen\u00e0ria de juny en la Diputaci\u00f3 de Val\u00e8ncia s&#8217;ha tancat amb la lectura d&#8217;una declaraci\u00f3 institucional, signada per tots els grups despr\u00e9s de la moci\u00f3 presentada per Ciutadans, sobre l&#8217;execuci\u00f3 de les alternatives proposades en l&#8217;informe Cedex per a les platges de Tavernes de la Valldigna.<\/p>\n","protected":false},"excerpt":{"rendered":"<div class=\"mh-excerpt\">El president de la Diputaci\u00f3 de Val\u00e8ncia fa part\u00edcips a oposici\u00f3, sindicats i treballadors de la seua aposta per una sola Relaci\u00f3 de Llocs de treball a l&#8217;any: \u201c\u00c9s moment de passar del qu\u00e8 hi <a class=\"mh-excerpt-more\" href=\"https:\/\/tucomarca.whitekongsoftware.com\/ca\/gaspar-anuncia-una-nova-estructura-dorganitzacio-de-personal-per-a-la-diputacio-consensuada-i-adequada-al-segle-xxi\/\" title=\"Gaspar anuncia una nova estructura d&#8217;organitzaci\u00f3 de personal per a la Diputaci\u00f3 consensuada i adequada al segle XXI\">[+] <\/a><\/div>\n","protected":false},"author":12,"featured_media":109226,"comment_status":"open","ping_status":"open","sticky":false,"template":"","format":"standard","meta":{"footnotes":""},"categories":[12202,10898,10948,10894,10904,10947,10896,10897],"tags":[11939,11940,11952,11401],"class_list":["post-109228","post","type-post","status-publish","format-standard","has-post-thumbnail","category-covid-19-ca","category-ventana-ca","category-infraestructuras-ca","category-la-comarca-ca","category-sin-categorizar-ca","category-politica","category-seccion-ca","category-sucesos-la-comarca-ca","tag-coronavirus-ca","tag-covid-19-ca","tag-covid2019-ca","tag-diputacion-de-valencia-ca"],"_links":{"self":[{"href":"https:\/\/tucomarca.whitekongsoftware.com\/ca\/wp-json\/wp\/v2\/posts\/109228","targetHints":{"allow":["GET"]}}],"collection":[{"href":"https:\/\/tucomarca.whitekongsoftware.com\/ca\/wp-json\/wp\/v2\/posts"}],"about":[{"href":"https:\/\/tucomarca.whitekongsoftware.com\/ca\/wp-json\/wp\/v2\/types\/post"}],"author":[{"embeddable":true,"href":"https:\/\/tucomarca.whitekongsoftware.com\/ca\/wp-json\/wp\/v2\/users\/12"}],"replies":[{"embeddable":true,"href":"https:\/\/tucomarca.whitekongsoftware.com\/ca\/wp-json\/wp\/v2\/comments?post=109228"}],"version-history":[{"count":0,"href":"https:\/\/tucomarca.whitekongsoftware.com\/ca\/wp-json\/wp\/v2\/posts\/109228\/revisions"}],"wp:featuredmedia":[{"embeddable":true,"href":"https:\/\/tucomarca.whitekongsoftware.com\/ca\/wp-json\/wp\/v2\/media\/109226"}],"wp:attachment":[{"href":"https:\/\/tucomarca.whitekongsoftware.com\/ca\/wp-json\/wp\/v2\/media?parent=109228"}],"wp:term":[{"taxonomy":"category","embeddable":true,"href":"https:\/\/tucomarca.whitekongsoftware.com\/ca\/wp-json\/wp\/v2\/categories?post=109228"},{"taxonomy":"post_tag","embeddable":true,"href":"https:\/\/tucomarca.whitekongsoftware.com\/ca\/wp-json\/wp\/v2\/tags?post=109228"}],"curies":[{"name":"wp","href":"https:\/\/api.w.org\/{rel}","templated":true}]}}