{"id":109165,"date":"2020-06-23T20:00:17","date_gmt":"2020-06-23T18:00:17","guid":{"rendered":"http:\/\/www.tucomarca.com\/wordpress\/segunda\/?p=109165"},"modified":"2020-06-23T22:40:26","modified_gmt":"2020-06-23T20:40:26","slug":"el-pp-critica-que-el-govern-de-la-mancomunitat-vote-en-contra-daprimar-les-aportacions-dels-municipis-per-destinar-los-als-pobles","status":"publish","type":"post","link":"https:\/\/tucomarca.whitekongsoftware.com\/ca\/el-pp-critica-que-el-govern-de-la-mancomunitat-vote-en-contra-daprimar-les-aportacions-dels-municipis-per-destinar-los-als-pobles\/","title":{"rendered":"El PP critica que el govern de la mancomunitat &#8220;vote en contra d&#8217;aprimar les aportacions dels municipis&#8221; per destinar-los als pobles"},"content":{"rendered":"\n<p class=\"wp-block-paragraph\">Des del PP del Camp de T\u00faria consideren que s&#8217;ha &#8220;quedat reflectit la intenci\u00f3 real que el Partit Socialista, Comprom\u00eds i Ciutadans a nivell comarcal li volen donar la Mancomunitat Camp de T\u00faria&#8221;.<\/p>\n\n\n\n<p class=\"wp-block-paragraph\">&#8220;Ja ho expressem en la Comissi\u00f3 d&#8217;Hisenda, \u00e9s fonamental que els ajuntaments de la nostra comarca puguin destinar tots els recursos possibles als seus ciutadans i ciutadanes&#8221;, segons el PP comarcal.<\/p>\n\n\n\n<p class=\"wp-block-paragraph\">&#8220;Des del Grup Comarcal Popular ten\u00edem l&#8217;esperan\u00e7a que per part de govern comarcal s&#8217;aprovaran algunes de les esmenes plantejades m\u00e9s encara, davant el previsible panorama econ\u00f2mic que tots els indicadors estableixen amb motiu de la pand\u00e8mia de l&#8217;COVID-19&#8221;, han afegit.<\/p>\n\n\n\n<p class=\"wp-block-paragraph\">&#8220;Amb aquesta actuaci\u00f3 en contra de la redefinici\u00f3 de recursos&#8221; el PSOE, Comprom\u00eds i Ciutadans han quedat deslegitimats per reclamar all\u00e0 on no governen en qualsevol tipus d&#8217;ajust pressupostari&#8221;.<\/p>\n\n\n\n<p class=\"wp-block-paragraph\">Des del Grup Comarcal Popular han assegurat que van a &#8220;continuar defensant els interessos dels ve\u00efns i ve\u00efnes de cada municipi per sobre d&#8217;interessos partidistes i d&#8217;usar la Mancomunitat de Camp de T\u00faria com a premi de consolaci\u00f3 en el repartiment de c\u00e0rrecs socialistes&#8221;.<\/p>\n","protected":false},"excerpt":{"rendered":"<div class=\"mh-excerpt\">Des del PP del Camp de T\u00faria consideren que s&#8217;ha &#8220;quedat reflectit la intenci\u00f3 real que el Partit Socialista, Comprom\u00eds i Ciutadans a nivell comarcal li volen donar la Mancomunitat Camp de T\u00faria&#8221;. &#8220;Ja ho <a class=\"mh-excerpt-more\" href=\"https:\/\/tucomarca.whitekongsoftware.com\/ca\/el-pp-critica-que-el-govern-de-la-mancomunitat-vote-en-contra-daprimar-les-aportacions-dels-municipis-per-destinar-los-als-pobles\/\" title=\"El PP critica que el govern de la mancomunitat &#8220;vote en contra d&#8217;aprimar les aportacions dels municipis&#8221; per destinar-los als pobles\">[+] <\/a><\/div>\n","protected":false},"author":1,"featured_media":106656,"comment_status":"open","ping_status":"open","sticky":false,"template":"","format":"standard","meta":{"footnotes":""},"categories":[10892,10894,10947,10896],"tags":[10395,10899,11140,32,63,11344],"class_list":["post-109165","post","type-post","status-publish","format-standard","has-post-thumbnail","category-camp-de-turia-ca","category-la-comarca-ca","category-politica","category-seccion-ca","tag-camp-de-turia","tag-camp-de-turia-ca","tag-politica-ca","tag-politica","tag-pp","tag-pp-ca"],"_links":{"self":[{"href":"https:\/\/tucomarca.whitekongsoftware.com\/ca\/wp-json\/wp\/v2\/posts\/109165","targetHints":{"allow":["GET"]}}],"collection":[{"href":"https:\/\/tucomarca.whitekongsoftware.com\/ca\/wp-json\/wp\/v2\/posts"}],"about":[{"href":"https:\/\/tucomarca.whitekongsoftware.com\/ca\/wp-json\/wp\/v2\/types\/post"}],"author":[{"embeddable":true,"href":"https:\/\/tucomarca.whitekongsoftware.com\/ca\/wp-json\/wp\/v2\/users\/1"}],"replies":[{"embeddable":true,"href":"https:\/\/tucomarca.whitekongsoftware.com\/ca\/wp-json\/wp\/v2\/comments?post=109165"}],"version-history":[{"count":0,"href":"https:\/\/tucomarca.whitekongsoftware.com\/ca\/wp-json\/wp\/v2\/posts\/109165\/revisions"}],"wp:featuredmedia":[{"embeddable":true,"href":"https:\/\/tucomarca.whitekongsoftware.com\/ca\/wp-json\/wp\/v2\/media\/106656"}],"wp:attachment":[{"href":"https:\/\/tucomarca.whitekongsoftware.com\/ca\/wp-json\/wp\/v2\/media?parent=109165"}],"wp:term":[{"taxonomy":"category","embeddable":true,"href":"https:\/\/tucomarca.whitekongsoftware.com\/ca\/wp-json\/wp\/v2\/categories?post=109165"},{"taxonomy":"post_tag","embeddable":true,"href":"https:\/\/tucomarca.whitekongsoftware.com\/ca\/wp-json\/wp\/v2\/tags?post=109165"}],"curies":[{"name":"wp","href":"https:\/\/api.w.org\/{rel}","templated":true}]}}