{"id":109115,"date":"2020-06-22T20:30:42","date_gmt":"2020-06-22T18:30:42","guid":{"rendered":"http:\/\/www.tucomarca.com\/wordpress\/segunda\/la-comunitat-valenciana-no-registra-fallecimientos-por-coronavirus-y-suma-24-altas-y-3-nuevos-casos-en-la-ultima-jornada\/"},"modified":"2020-06-23T00:34:33","modified_gmt":"2020-06-22T22:34:33","slug":"la-comunitat-valenciana-no-registra-fallecimientos-por-coronavirus-y-suma-24-altas-y-3-nuevos-casos-en-la-ultima-jornada","status":"publish","type":"post","link":"https:\/\/tucomarca.whitekongsoftware.com\/ca\/la-comunitat-valenciana-no-registra-fallecimientos-por-coronavirus-y-suma-24-altas-y-3-nuevos-casos-en-la-ultima-jornada\/","title":{"rendered":"La Comunitat Valenciana no registra morts per coronavirus i suma 24 altes i 3 nous casos en l&#8217;\u00faltima jornada"},"content":{"rendered":"\n<p class=\"wp-block-paragraph\"><strong>El nombre de persones ingressades en els hospitals valencians es redu\u00efx un 22,2% en l&#8217;\u00faltima setmana i en UCI, un 38,4% Des de diumenge passat han superat la malaltia en la Comunitat Valenciana 631 persones<\/strong><\/p>\n\n\n\n<p class=\"wp-block-paragraph\">La Comunitat Valenciana no ha registrat cap defunci\u00f3 per coronavirus en les \u00faltimes 24 hores, de manera que el total continua en 1.468 persones. Al mateix temps, en aquesta \u00faltima jornada s&#8217;han sumat 24 altes a pacients amb coronavirus, que eleven ja a 14.367 la xifra de persones curades a la Comunitat Valenciana. En els darrers 7 dies s\u00f3n 631 les persones que han rebut l&#8217;alta, un augment de l&#8217;4,6%. Per prov\u00edncies, la distribuci\u00f3 \u00e9s la seg\u00fcent: 1.691 a Castell\u00f3, 4.948 a Alacant i 7.723 a la prov\u00edncia de Val\u00e8ncia, a m\u00e9s de 5 sense assignar a cap prov\u00edncia.<\/p>\n\n\n\n<p class=\"wp-block-paragraph\">Per la seua banda, el nombre de pacients que requereixen hospitalitzaci\u00f3 continua en descens cada dia. En aquests moments hi ha 77 persones ingressades per coronavirus als hospitals valencians, de les quals 8 requereixen cures d&#8217;UCI. Des de diumenge passat, el nombre de persones ingressades als hospitals per coronavirus s&#8217;ha redu\u00eft un 22,2%, i el de pacients en UCI un 38,4%. Per prov\u00edncies, a hores d&#8217;ara: 8 a Castell\u00f3, sense pacients en UCI; 29 a Alacant, 5 d&#8217;ells a UCI; i 40 a la prov\u00edncia de Val\u00e8ncia, 3 d&#8217;ells en UCI.<\/p>\n\n\n\n<p class=\"wp-block-paragraph\">Pel que fa a casos positius a trav\u00e9s de PCR, s&#8217;han detectat 3 nous casos que eleven a 11.479 el total. Per prov\u00edncies, aquesta \u00e9s la distribuci\u00f3:<\/p>\n\n\n\n<ul class=\"wp-block-list\"><li>0 a Castell\u00f3. Total: 1.599<\/li><li>0 a Alacant. Total: 3.955<\/li><li>3 a Val\u00e8ncia. Total: 5.920<\/li><li>5 no assignats (no nous)<\/li><\/ul>\n\n\n\n<p class=\"wp-block-paragraph\">De tots els casos positius detectats, es troben actius a hores d&#8217;ara 2.034, el que suposa nom\u00e9s el 11,3% de l&#8217;total.<\/p>\n\n\n\n<p class=\"wp-block-paragraph\">El nombre d&#8217;altes de professionals de la Sanitat \u00e9s de 2.277 i el nombre total de positius en professionals a hores d&#8217;ara \u00e9s de 498.<\/p>\n\n\n\n<p class=\"wp-block-paragraph\">El nombre total de proves dutes a terme per a la detecci\u00f3 de l&#8217;coronavirus han estat 418.904 de les quals 300.435 han estat a trav\u00e9s de PCR i 118.469 a trav\u00e9s de test r\u00e0pid.<\/p>\n\n\n\n<p class=\"wp-block-paragraph\">Actualitzaci\u00f3 de la situaci\u00f3 en resid\u00e8ncies<\/p>\n\n\n\n<p class=\"wp-block-paragraph\">A dia d&#8217;hui hi ha algun cas positiu en 20 centres (1 a la prov\u00edncia de Castell\u00f3, 6 a la d&#8217;Alacant i 13 a la prov\u00edncia de Val\u00e8ncia).<\/p>\n\n\n\n<ul class=\"wp-block-list\"><li>Residents nous positius: 0<\/li><li>Personal nous positiu: 0<\/li><li>Residents que han mort: 0<\/li><\/ul>\n\n\n\n<p class=\"wp-block-paragraph\">A hores d&#8217;ara, es troben sota vigil\u00e0ncia activa de control sanitari 10 resid\u00e8ncies a la Comunitat Valenciana: 2 a la prov\u00edncia de Castell\u00f3, 3 a la prov\u00edncia d&#8217;Alacant i 5 a la prov\u00edncia de Val\u00e8ncia.<\/p>\n","protected":false},"excerpt":{"rendered":"<div class=\"mh-excerpt\">El nombre de persones ingressades en els hospitals valencians es redu\u00efx un 22,2% en l&#8217;\u00faltima setmana i en UCI, un 38,4% Des de diumenge passat han superat la malaltia en la Comunitat Valenciana 631 persones <a class=\"mh-excerpt-more\" href=\"https:\/\/tucomarca.whitekongsoftware.com\/ca\/la-comunitat-valenciana-no-registra-fallecimientos-por-coronavirus-y-suma-24-altas-y-3-nuevos-casos-en-la-ultima-jornada\/\" title=\"La Comunitat Valenciana no registra morts per coronavirus i suma 24 altes i 3 nous casos en l&#8217;\u00faltima jornada\">[+] <\/a><\/div>\n","protected":false},"author":12,"featured_media":108110,"comment_status":"open","ping_status":"open","sticky":false,"template":"","format":"standard","meta":{"footnotes":""},"categories":[11010,12202,10898,10948,10894,10904,10947,10896,10897],"tags":[12165,11939,11940,11498],"class_list":["post-109115","post","type-post","status-publish","format-standard","has-post-thumbnail","category-canal-salud","category-covid-19-ca","category-ventana-ca","category-infraestructuras-ca","category-la-comarca-ca","category-sin-categorizar-ca","category-politica","category-seccion-ca","category-sucesos-la-comarca-ca","tag-conselleria-de-sanitat-ca","tag-coronavirus-ca","tag-covid-19-ca","tag-generalitat-valenciana-ca"],"_links":{"self":[{"href":"https:\/\/tucomarca.whitekongsoftware.com\/ca\/wp-json\/wp\/v2\/posts\/109115","targetHints":{"allow":["GET"]}}],"collection":[{"href":"https:\/\/tucomarca.whitekongsoftware.com\/ca\/wp-json\/wp\/v2\/posts"}],"about":[{"href":"https:\/\/tucomarca.whitekongsoftware.com\/ca\/wp-json\/wp\/v2\/types\/post"}],"author":[{"embeddable":true,"href":"https:\/\/tucomarca.whitekongsoftware.com\/ca\/wp-json\/wp\/v2\/users\/12"}],"replies":[{"embeddable":true,"href":"https:\/\/tucomarca.whitekongsoftware.com\/ca\/wp-json\/wp\/v2\/comments?post=109115"}],"version-history":[{"count":0,"href":"https:\/\/tucomarca.whitekongsoftware.com\/ca\/wp-json\/wp\/v2\/posts\/109115\/revisions"}],"wp:featuredmedia":[{"embeddable":true,"href":"https:\/\/tucomarca.whitekongsoftware.com\/ca\/wp-json\/wp\/v2\/media\/108110"}],"wp:attachment":[{"href":"https:\/\/tucomarca.whitekongsoftware.com\/ca\/wp-json\/wp\/v2\/media?parent=109115"}],"wp:term":[{"taxonomy":"category","embeddable":true,"href":"https:\/\/tucomarca.whitekongsoftware.com\/ca\/wp-json\/wp\/v2\/categories?post=109115"},{"taxonomy":"post_tag","embeddable":true,"href":"https:\/\/tucomarca.whitekongsoftware.com\/ca\/wp-json\/wp\/v2\/tags?post=109115"}],"curies":[{"name":"wp","href":"https:\/\/api.w.org\/{rel}","templated":true}]}}