{"id":109109,"date":"2020-06-22T22:01:01","date_gmt":"2020-06-22T20:01:01","guid":{"rendered":"http:\/\/www.tucomarca.com\/wordpress\/segunda\/?p=109109"},"modified":"2020-06-23T00:26:33","modified_gmt":"2020-06-22T22:26:33","slug":"leliana-arranca-la-setmana-de-lorgull-lgtbi-2020","status":"publish","type":"post","link":"https:\/\/tucomarca.whitekongsoftware.com\/ca\/leliana-arranca-la-setmana-de-lorgull-lgtbi-2020\/","title":{"rendered":"L&#8217;Eliana arranca la Setmana de l&#8217;Orgull LGTBI+ 2020"},"content":{"rendered":"\n<p class=\"wp-block-paragraph\"><strong>El primer acte s&#8217;ha celebrat aquest dilluns amb l&#8217;hissat de la bandera i la lectura del manifest al balc\u00f3 de l&#8217;Ajuntament<\/strong><\/p>\n\n\n\n<p class=\"wp-block-paragraph\">La regidoria d&#8217;Igualtat, en col\u00b7laboraci\u00f3 amb l&#8217;associaci\u00f3 local Marietes, ha celebrat la inauguraci\u00f3 de la Setmana de l&#8217;Orgull LGTBI+ que, baix el t\u00edtol de \u201cAmb tu en la dist\u00e0ncia\u201d, en aquest 2020 se celebrar\u00e0 a trav\u00e9s de les xarxes socials de l&#8217;associaci\u00f3.<\/p>\n\n\n\n<p class=\"wp-block-paragraph\">L\u2019acte d&#8217;aquest dilluns, que ha comptat amb la pres\u00e8ncia de l&#8217;alcalde, Salva Torrent, de l&#8217;edil d&#8217;Igualtat, Concha Montaner, i de la presidenta de Marietes, Silvia Prats, ha servit per a presentar el v\u00eddeo \u201cOrgullosos\u201d, com a mostra del suport institucional al col\u00b7lectiu. Posteriorment, el balc\u00f3 de l&#8217;Ajuntament va ser l&#8217;escenari que va acollir el tradicional hissat de la bandera de l&#8217;arc de Sant Mart\u00ed que onejar\u00e0 fins a diumenge i el preg\u00f3 per la diversitat que marca l&#8217;inici de la Setmana.&nbsp;<\/p>\n\n\n\n<p class=\"wp-block-paragraph\">Els actes seguiran durant els pr\u00f2xims dies en Facebook, Instagram i Twitter de @marietesleliana amb la presentaci\u00f3 del llibre \u201cLaberint\u201d, de Eley Ramat, el concert del Cor de l&#8217;Eliana \u201cEstima com vulgues\u201d i la xarrada amb l&#8217;escriptor \u00d3scar Hern\u00e1ndez Campano, a m\u00e9s de la publicaci\u00f3 dels v\u00eddeos de suport a la causa LGTBI+ de col\u00b7lectius locals i ve\u00efns i ve\u00efnes.&nbsp;<\/p>\n\n\n\n<p class=\"wp-block-paragraph\">La regidora d&#8217;Igualtat, Concha Montaner, ha mostrat el comprom\u00eds de l&#8217;Ajuntament amb aquesta causa social, col\u00b7laborant per a aportar visibilitat, crear consci\u00e8ncia i reivindicar una societat diversa, lliure i sense por.&nbsp;<\/p>\n\n\n\n<p class=\"wp-block-paragraph\">L&#8217;alcalde, Salva Torrent, ha volgut posar en valor a l&#8217;Eliana com a espai on donar veu i visibilitat al col\u00b7lectiu, un lloc per a celebrar i reivindicar. \u201c<em>A pesar que enguany les celebracions siguen diferents a causa de la pand\u00e8mia el missatge de fons ha de ser clar: som un municipi orgull\u00f3s de la seua ciutadania, estime a qui estime i se senta com se senta<\/em>\u201d, ha declarat.<\/p>\n","protected":false},"excerpt":{"rendered":"<div class=\"mh-excerpt\">El primer acte s&#8217;ha celebrat aquest dilluns amb l&#8217;hissat de la bandera i la lectura del manifest al balc\u00f3 de l&#8217;Ajuntament La regidoria d&#8217;Igualtat, en col\u00b7laboraci\u00f3 amb l&#8217;associaci\u00f3 local Marietes, ha celebrat la inauguraci\u00f3 de <a class=\"mh-excerpt-more\" href=\"https:\/\/tucomarca.whitekongsoftware.com\/ca\/leliana-arranca-la-setmana-de-lorgull-lgtbi-2020\/\" title=\"L&#8217;Eliana arranca la Setmana de l&#8217;Orgull LGTBI+ 2020\">[+] <\/a><\/div>\n","protected":false},"author":12,"featured_media":109108,"comment_status":"open","ping_status":"open","sticky":false,"template":"","format":"standard","meta":{"footnotes":""},"categories":[11019,10892,10894,10893,10896],"tags":[10535,10395,11718],"class_list":["post-109109","post","type-post","status-publish","format-standard","has-post-thumbnail","category-agenda-ca","category-camp-de-turia-ca","category-la-comarca-ca","category-leliana-ca","category-seccion-ca","tag-ajuntament-de-leliana","tag-camp-de-turia","tag-orgullo-lgtbi"],"_links":{"self":[{"href":"https:\/\/tucomarca.whitekongsoftware.com\/ca\/wp-json\/wp\/v2\/posts\/109109","targetHints":{"allow":["GET"]}}],"collection":[{"href":"https:\/\/tucomarca.whitekongsoftware.com\/ca\/wp-json\/wp\/v2\/posts"}],"about":[{"href":"https:\/\/tucomarca.whitekongsoftware.com\/ca\/wp-json\/wp\/v2\/types\/post"}],"author":[{"embeddable":true,"href":"https:\/\/tucomarca.whitekongsoftware.com\/ca\/wp-json\/wp\/v2\/users\/12"}],"replies":[{"embeddable":true,"href":"https:\/\/tucomarca.whitekongsoftware.com\/ca\/wp-json\/wp\/v2\/comments?post=109109"}],"version-history":[{"count":0,"href":"https:\/\/tucomarca.whitekongsoftware.com\/ca\/wp-json\/wp\/v2\/posts\/109109\/revisions"}],"wp:featuredmedia":[{"embeddable":true,"href":"https:\/\/tucomarca.whitekongsoftware.com\/ca\/wp-json\/wp\/v2\/media\/109108"}],"wp:attachment":[{"href":"https:\/\/tucomarca.whitekongsoftware.com\/ca\/wp-json\/wp\/v2\/media?parent=109109"}],"wp:term":[{"taxonomy":"category","embeddable":true,"href":"https:\/\/tucomarca.whitekongsoftware.com\/ca\/wp-json\/wp\/v2\/categories?post=109109"},{"taxonomy":"post_tag","embeddable":true,"href":"https:\/\/tucomarca.whitekongsoftware.com\/ca\/wp-json\/wp\/v2\/tags?post=109109"}],"curies":[{"name":"wp","href":"https:\/\/api.w.org\/{rel}","templated":true}]}}