{"id":109102,"date":"2020-06-22T21:31:44","date_gmt":"2020-06-22T19:31:44","guid":{"rendered":"http:\/\/www.tucomarca.com\/wordpress\/segunda\/?p=109102"},"modified":"2020-06-23T00:27:40","modified_gmt":"2020-06-22T22:27:40","slug":"divalterra-collaborara-amb-la-confederacio-hidrografica-del-xuquer-en-el-manteniment-de-llits-i-barrancs","status":"publish","type":"post","link":"https:\/\/tucomarca.whitekongsoftware.com\/ca\/divalterra-collaborara-amb-la-confederacio-hidrografica-del-xuquer-en-el-manteniment-de-llits-i-barrancs\/","title":{"rendered":"Divalterra col\u00b7laborar\u00e0 amb la Confederaci\u00f3 Hidrogr\u00e0fica del X\u00faquer en el manteniment de llits i barrancs"},"content":{"rendered":"\n<p class=\"wp-block-paragraph\"><strong>L&#8217;empresa de la Diputaci\u00f3 compta amb maquin\u00e0ria dirigida per radiocontrol que permet condicionar zones de dif\u00edcil acc\u00e9s<\/strong><\/p>\n\n\n\n<p class=\"wp-block-paragraph\">Les brigades forestals de la Diputaci\u00f3 de Val\u00e8ncia intervindran de forma coordinada amb la Confederaci\u00f3 Hidrogr\u00e0fica de l&#8217;X\u00faquer (CHJ) en lleres i barrancs per gestionar i mantenir la vegetaci\u00f3 de ribera, reduint aix\u00ed el perill d&#8217;incendis forestals en aquestes zones.<\/p>\n\n\n\n<p class=\"wp-block-paragraph\">Aix\u00ed s&#8217;ha acordat en una reuni\u00f3 entre Divalterra i la CHJ, en qu\u00e8 han estat presents, per part de l&#8217;empresa p\u00fablica de la Diputaci\u00f3, el president de el Consell d&#8217;Administraci\u00f3 Ramiro Rivera, el gerent Antonio Mas i el Cap de Servei de Brigades forestals, \u00c1lvaro Escrig; i per part de la CHX, el seu president, Manuel Ignacio Alcalde; el comissari d&#8217;Aig\u00fces, Miguel Polo, i la cap d&#8217;\u00c0rea de Gesti\u00f3 Mediambiental, Eva Beltr\u00e1n.<\/p>\n\n\n\n<p class=\"wp-block-paragraph\">Durant la trobada, s&#8217;ha abordat la problem\u00e0tica que suposa el r\u00e0pid creixement de les canyes a les lleres dels rius, de manera que s&#8217;estudiar\u00e0 la possible col\u00b7laboraci\u00f3 de Divalterra en el manteniment de la vegetaci\u00f3 en les actuacions de restauraci\u00f3 que realitze la Confederaci\u00f3, en la qual s&#8217;engloben 46.000 km de lleres.<\/p>\n\n\n\n<p class=\"wp-block-paragraph\">A m\u00e9s, les dues entitats han coincidit en la necessitat de simplificar els tr\u00e0mits administratius amb l&#8217;objectiu d&#8217;agilitzar els treballs.<\/p>\n\n\n\n<p class=\"wp-block-paragraph\">Divalterra ha recordat com elabora el seu Pla de Treball de forma anual, en base a les sol\u00b7licituds dels ajuntaments i seguint els criteris establerts per la Comissi\u00f3 de Seguiment, integrada pel Servei de Medi Ambient de la Diputaci\u00f3 de Val\u00e8ncia, el Consorci Provincial de Bombers i la direcci\u00f3 de Brigades Forestals.<\/p>\n\n\n\n<p class=\"wp-block-paragraph\">En concret, pel que fa a les actuacions en lleres, \u00fanicament s&#8217;interv\u00e9 en zones d&#8217;interf\u00edcie urb\u00e0 forestal, comprometent-se l&#8217;ajuntament tant a la retirada de les restes com a el manteniment de l&#8217;actuaci\u00f3.<\/p>\n\n\n\n<p class=\"wp-block-paragraph\">En el Pla de Treball de 2019 de Brigades Forestals es va incloure la intervenci\u00f3 en 33 llits i el 2020 a 25, per\u00f2 \u00e9s previsible que la crisi derivada de la COVID-19 impedeixi l&#8217;execuci\u00f3 de la totalitat de les actuacions planificades.<\/p>\n\n\n\n<p class=\"wp-block-paragraph\"><strong>Intervencions en lleres<\/strong><\/p>\n\n\n\n<p class=\"wp-block-paragraph\">Divalterra compta amb equips especialitzats per al treball en llits, barrancs i la interf\u00edcie urbana-forestal, amb m\u00e0quines desbrossadores manejades a dist\u00e0ncia per radiocontrol.<\/p>\n\n\n\n<p class=\"wp-block-paragraph\">Aquests aparells, pioners a nivell nacional, optimitzen el temps dedicat a la trituraci\u00f3 de la vegetaci\u00f3 i permeten treballar en zones de dif\u00edcil acc\u00e9s i terrenys en pendent de forma molt segura.<\/p>\n\n\n\n<p class=\"wp-block-paragraph\">Aix\u00ed mateix, els treballs es complementen amb eina manual, especialment en zones en les que per l&#8217;orografia de el terreny no \u00e9s possible accedir mitjan\u00e7ant la maquin\u00e0ria.<\/p>\n\n\n\n<p class=\"wp-block-paragraph\">Aquestes actuacions inclouen el desbrossament, poda i retirada d&#8217;arbres morts, eliminaci\u00f3 de l&#8217;exc\u00e9s de vegetaci\u00f3 oclusiva, regularitzaci\u00f3 sense excavaci\u00f3 de la rasant i caixers en la llera afectat i la retirada de residus s\u00f2lids.<\/p>\n","protected":false},"excerpt":{"rendered":"<div class=\"mh-excerpt\">L&#8217;empresa de la Diputaci\u00f3 compta amb maquin\u00e0ria dirigida per radiocontrol que permet condicionar zones de dif\u00edcil acc\u00e9s Les brigades forestals de la Diputaci\u00f3 de Val\u00e8ncia intervindran de forma coordinada amb la Confederaci\u00f3 Hidrogr\u00e0fica de l&#8217;X\u00faquer <a class=\"mh-excerpt-more\" href=\"https:\/\/tucomarca.whitekongsoftware.com\/ca\/divalterra-collaborara-amb-la-confederacio-hidrografica-del-xuquer-en-el-manteniment-de-llits-i-barrancs\/\" title=\"Divalterra col\u00b7laborar\u00e0 amb la Confederaci\u00f3 Hidrogr\u00e0fica del X\u00faquer en el manteniment de llits i barrancs\">[+] <\/a><\/div>\n","protected":false},"author":12,"featured_media":109101,"comment_status":"open","ping_status":"open","sticky":false,"template":"","format":"standard","meta":{"footnotes":""},"categories":[10890,10905,10951,10892,11046,10898,10948,10963,10894,10912,10902,10903,10947,10909,10896,10897],"tags":[12290,2225,7337,12289,10531],"class_list":["post-109102","post","type-post","status-publish","format-standard","has-post-thumbnail","category-ademus","category-agricultura-la-comarca-ca","category-ayora-cofrentes-ca","category-camp-de-turia-ca","category-los-serranos-ca","category-ventana-ca","category-infraestructuras-ca","category-la-canal-de-navarres-ca","category-la-comarca-ca","category-la-hoya-ca","category-la-ribera-ca","category-medio-ambiente-la-comarca-ca","category-politica","category-requena-utiel-ca","category-seccion-ca","category-sucesos-la-comarca-ca","tag-antonio-mas","tag-brigadas-forestales","tag-chj","tag-confederacion-hidrografica-del-jucar","tag-divalterra"],"_links":{"self":[{"href":"https:\/\/tucomarca.whitekongsoftware.com\/ca\/wp-json\/wp\/v2\/posts\/109102","targetHints":{"allow":["GET"]}}],"collection":[{"href":"https:\/\/tucomarca.whitekongsoftware.com\/ca\/wp-json\/wp\/v2\/posts"}],"about":[{"href":"https:\/\/tucomarca.whitekongsoftware.com\/ca\/wp-json\/wp\/v2\/types\/post"}],"author":[{"embeddable":true,"href":"https:\/\/tucomarca.whitekongsoftware.com\/ca\/wp-json\/wp\/v2\/users\/12"}],"replies":[{"embeddable":true,"href":"https:\/\/tucomarca.whitekongsoftware.com\/ca\/wp-json\/wp\/v2\/comments?post=109102"}],"version-history":[{"count":0,"href":"https:\/\/tucomarca.whitekongsoftware.com\/ca\/wp-json\/wp\/v2\/posts\/109102\/revisions"}],"wp:featuredmedia":[{"embeddable":true,"href":"https:\/\/tucomarca.whitekongsoftware.com\/ca\/wp-json\/wp\/v2\/media\/109101"}],"wp:attachment":[{"href":"https:\/\/tucomarca.whitekongsoftware.com\/ca\/wp-json\/wp\/v2\/media?parent=109102"}],"wp:term":[{"taxonomy":"category","embeddable":true,"href":"https:\/\/tucomarca.whitekongsoftware.com\/ca\/wp-json\/wp\/v2\/categories?post=109102"},{"taxonomy":"post_tag","embeddable":true,"href":"https:\/\/tucomarca.whitekongsoftware.com\/ca\/wp-json\/wp\/v2\/tags?post=109102"}],"curies":[{"name":"wp","href":"https:\/\/api.w.org\/{rel}","templated":true}]}}