{"id":109010,"date":"2020-06-19T22:46:48","date_gmt":"2020-06-19T20:46:48","guid":{"rendered":"http:\/\/www.tucomarca.com\/wordpress\/segunda\/?p=109010"},"modified":"2020-06-19T22:46:50","modified_gmt":"2020-06-19T20:46:50","slug":"el-passeig-anselmo-balaguer-de-xest-ja-esta-connectat-amb-la-zona-de-la-imes","status":"publish","type":"post","link":"https:\/\/tucomarca.whitekongsoftware.com\/ca\/el-passeig-anselmo-balaguer-de-xest-ja-esta-connectat-amb-la-zona-de-la-imes\/","title":{"rendered":"El passeig Anselmo Balaguer de Xest ja est\u00e0 connectat amb la zona de la Imes"},"content":{"rendered":"\n<p class=\"wp-block-paragraph\"><strong>La realitzaci\u00f3 d&#8217;esta obra va ser la proposta m\u00e9s votada dels pressupostos participatius &#8216;Cheste Decidix 2019&#8217;<\/strong><\/p>\n\n\n\n<ul class=\"wp-block-gallery columns-2 is-cropped wp-block-gallery-1 is-layout-flex wp-block-gallery-is-layout-flex\"><li class=\"blocks-gallery-item\"><figure><img loading=\"lazy\" decoding=\"async\" width=\"787\" height=\"591\" src=\"http:\/\/www.tucomarca.com\/wordpress\/segunda\/wp-content\/uploads\/2020\/06\/10_AnselmoBalaguerCheste.jpeg\" alt=\"\" data-id=\"108997\" data-link=\"http:\/\/www.tucomarca.com\/wordpress\/segunda\/?attachment_id=108997\" class=\"wp-image-108997\" srcset=\"https:\/\/tucomarca.whitekongsoftware.com\/wp-content\/uploads\/2020\/06\/10_AnselmoBalaguerCheste.jpeg 787w, https:\/\/tucomarca.whitekongsoftware.com\/wp-content\/uploads\/2020\/06\/10_AnselmoBalaguerCheste-300x225.jpeg 300w, https:\/\/tucomarca.whitekongsoftware.com\/wp-content\/uploads\/2020\/06\/10_AnselmoBalaguerCheste-768x577.jpeg 768w, https:\/\/tucomarca.whitekongsoftware.com\/wp-content\/uploads\/2020\/06\/10_AnselmoBalaguerCheste-678x509.jpeg 678w, https:\/\/tucomarca.whitekongsoftware.com\/wp-content\/uploads\/2020\/06\/10_AnselmoBalaguerCheste-326x245.jpeg 326w, https:\/\/tucomarca.whitekongsoftware.com\/wp-content\/uploads\/2020\/06\/10_AnselmoBalaguerCheste-80x60.jpeg 80w\" sizes=\"auto, (max-width: 787px) 100vw, 787px\" \/><\/figure><\/li><li class=\"blocks-gallery-item\"><figure><img loading=\"lazy\" decoding=\"async\" width=\"768\" height=\"1024\" src=\"http:\/\/www.tucomarca.com\/wordpress\/segunda\/wp-content\/uploads\/2020\/06\/6_AnselmoBalaguerCheste-1-768x1024.jpeg\" alt=\"\" data-id=\"108999\" data-link=\"http:\/\/www.tucomarca.com\/wordpress\/segunda\/?attachment_id=108999\" class=\"wp-image-108999\" srcset=\"https:\/\/tucomarca.whitekongsoftware.com\/wp-content\/uploads\/2020\/06\/6_AnselmoBalaguerCheste-1-768x1024.jpeg 768w, https:\/\/tucomarca.whitekongsoftware.com\/wp-content\/uploads\/2020\/06\/6_AnselmoBalaguerCheste-1-225x300.jpeg 225w, https:\/\/tucomarca.whitekongsoftware.com\/wp-content\/uploads\/2020\/06\/6_AnselmoBalaguerCheste-1.jpeg 787w\" sizes=\"auto, (max-width: 768px) 100vw, 768px\" \/><\/figure><\/li><li class=\"blocks-gallery-item\"><figure><img loading=\"lazy\" decoding=\"async\" width=\"787\" height=\"590\" src=\"http:\/\/www.tucomarca.com\/wordpress\/segunda\/wp-content\/uploads\/2020\/06\/5_AnselmoBalaguerCheste-1.jpeg\" alt=\"\" data-id=\"109001\" data-link=\"http:\/\/www.tucomarca.com\/wordpress\/segunda\/?attachment_id=109001\" class=\"wp-image-109001\" srcset=\"https:\/\/tucomarca.whitekongsoftware.com\/wp-content\/uploads\/2020\/06\/5_AnselmoBalaguerCheste-1.jpeg 787w, https:\/\/tucomarca.whitekongsoftware.com\/wp-content\/uploads\/2020\/06\/5_AnselmoBalaguerCheste-1-300x225.jpeg 300w, https:\/\/tucomarca.whitekongsoftware.com\/wp-content\/uploads\/2020\/06\/5_AnselmoBalaguerCheste-1-768x576.jpeg 768w, https:\/\/tucomarca.whitekongsoftware.com\/wp-content\/uploads\/2020\/06\/5_AnselmoBalaguerCheste-1-678x509.jpeg 678w, https:\/\/tucomarca.whitekongsoftware.com\/wp-content\/uploads\/2020\/06\/5_AnselmoBalaguerCheste-1-326x245.jpeg 326w, https:\/\/tucomarca.whitekongsoftware.com\/wp-content\/uploads\/2020\/06\/5_AnselmoBalaguerCheste-1-80x60.jpeg 80w\" sizes=\"auto, (max-width: 787px) 100vw, 787px\" \/><\/figure><\/li><\/ul>\n\n\n\n<p class=\"wp-block-paragraph\">Ja est\u00e0 obert a el pas el nou acc\u00e9s de vianants que connecta el Passeig Anselmo Balaguer amb la zona de Imes. L&#8217;actuaci\u00f3, que va comen\u00e7ar a principi d&#8217;any, ha consistit a eliminar el tal\u00fas que interrompia el passeig a l&#8217;altura de el pas superior de la carretera CV-378 i en crear una \u00e0mplia zona de vianants i un carril bici que discorren per sota del pont, a m\u00e9s d&#8217;una jardinera amb xiprers que serveix de separaci\u00f3 amb les vies de tren, com passa a la resta de la passejada.<\/p>\n\n\n\n<p class=\"wp-block-paragraph\">Aquesta actuaci\u00f3 va ser la proposta m\u00e9s votada en els \u00faltims pressupostos participatius Xest Decideix, despr\u00e9s d&#8217;fer-se un estudi de viabilitat d&#8217;el projecte, que tamb\u00e9 va sorgir d&#8217;aquesta iniciativa.<\/p>\n\n\n\n<p class=\"wp-block-paragraph\">&#8220;Aquesta intervenci\u00f3 ha estat portada a terme com a resposta a la demanda dels chestanos i chestanas i li va a donar m\u00e9s vida a aquesta zona&#8221;, ha apuntat l&#8217;alcalde, Jos\u00e9 Morell. &#8220;Hem eliminat un obstacle perqu\u00e8 un futur puguem fer un ronda de vianants&#8221;.<\/p>\n\n\n\n<p class=\"wp-block-paragraph\">La inversi\u00f3 ha estat de 134.425 euros, IVA incl\u00f2s.<\/p>\n","protected":false},"excerpt":{"rendered":"<div class=\"mh-excerpt\">La realitzaci\u00f3 d&#8217;esta obra va ser la proposta m\u00e9s votada dels pressupostos participatius &#8216;Cheste Decidix 2019&#8217; Ja est\u00e0 obert a el pas el nou acc\u00e9s de vianants que connecta el Passeig Anselmo Balaguer amb la <a class=\"mh-excerpt-more\" href=\"https:\/\/tucomarca.whitekongsoftware.com\/ca\/el-passeig-anselmo-balaguer-de-xest-ja-esta-connectat-amb-la-zona-de-la-imes\/\" title=\"El passeig Anselmo Balaguer de Xest ja est\u00e0 connectat amb la zona de la Imes\">[+] <\/a><\/div>\n","protected":false},"author":12,"featured_media":109004,"comment_status":"open","ping_status":"open","sticky":false,"template":"","format":"gallery","meta":{"footnotes":""},"categories":[10948,10894,10912,10947,10896,10974],"tags":[10470,5952],"class_list":["post-109010","post","type-post","status-publish","format-gallery","has-post-thumbnail","category-infraestructuras-ca","category-la-comarca-ca","category-la-hoya-ca","category-politica","category-seccion-ca","category-cheste-ca","tag-ayuntamiento-de-cheste","tag-la-hoya-de-bunol-chiva","post_format-post-format-gallery"],"_links":{"self":[{"href":"https:\/\/tucomarca.whitekongsoftware.com\/ca\/wp-json\/wp\/v2\/posts\/109010","targetHints":{"allow":["GET"]}}],"collection":[{"href":"https:\/\/tucomarca.whitekongsoftware.com\/ca\/wp-json\/wp\/v2\/posts"}],"about":[{"href":"https:\/\/tucomarca.whitekongsoftware.com\/ca\/wp-json\/wp\/v2\/types\/post"}],"author":[{"embeddable":true,"href":"https:\/\/tucomarca.whitekongsoftware.com\/ca\/wp-json\/wp\/v2\/users\/12"}],"replies":[{"embeddable":true,"href":"https:\/\/tucomarca.whitekongsoftware.com\/ca\/wp-json\/wp\/v2\/comments?post=109010"}],"version-history":[{"count":0,"href":"https:\/\/tucomarca.whitekongsoftware.com\/ca\/wp-json\/wp\/v2\/posts\/109010\/revisions"}],"wp:featuredmedia":[{"embeddable":true,"href":"https:\/\/tucomarca.whitekongsoftware.com\/ca\/wp-json\/wp\/v2\/media\/109004"}],"wp:attachment":[{"href":"https:\/\/tucomarca.whitekongsoftware.com\/ca\/wp-json\/wp\/v2\/media?parent=109010"}],"wp:term":[{"taxonomy":"category","embeddable":true,"href":"https:\/\/tucomarca.whitekongsoftware.com\/ca\/wp-json\/wp\/v2\/categories?post=109010"},{"taxonomy":"post_tag","embeddable":true,"href":"https:\/\/tucomarca.whitekongsoftware.com\/ca\/wp-json\/wp\/v2\/tags?post=109010"}],"curies":[{"name":"wp","href":"https:\/\/api.w.org\/{rel}","templated":true}]}}