{"id":108943,"date":"2020-06-18T23:09:22","date_gmt":"2020-06-18T21:09:22","guid":{"rendered":"http:\/\/www.tucomarca.com\/wordpress\/segunda\/?p=108943"},"modified":"2020-06-18T23:09:24","modified_gmt":"2020-06-18T21:09:24","slug":"la-pobla-de-vallbona-rebra-375-000-euros-de-subvencio-per-recuperar-la-cisterna-del-segle-xvi","status":"publish","type":"post","link":"https:\/\/tucomarca.whitekongsoftware.com\/ca\/la-pobla-de-vallbona-rebra-375-000-euros-de-subvencio-per-recuperar-la-cisterna-del-segle-xvi\/","title":{"rendered":"La Pobla de Vallbona rebr\u00e0 375.000 euros de subvenci\u00f3 per recuperar la Cisterna del segle XVI"},"content":{"rendered":"\n<p class=\"wp-block-paragraph\">La Pobla de Vallbona ha rebut una subvenci\u00f3 de 375.000 euros&nbsp; per part de la Conselleria d\u2019Habitatge i Arquitectura Bioclim\u00e0tica per al projecte de recuperaci\u00f3 de l\u2019antiga Cisterna. Aquesta subvenci\u00f3 suposa el 100% del cost del projecte i els treballs per a la restauraci\u00f3 de l\u2019antiga Cisterna de la Pobla.<\/p>\n\n\n\n<p class=\"wp-block-paragraph\">La construcci\u00f3 data del s. XVI i est\u00e0 ubicada en la vila vella del municipi. Es tracta del b\u00e9 patrimonial de titularitat p\u00fablica m\u00e9s important i la seua recuperaci\u00f3 es va iniciar despr\u00e9s que el 2018 es realitzaren les primeres excavacions arqueol\u00f2giques.&nbsp;<\/p>\n\n\n\n<p class=\"wp-block-paragraph\">La mem\u00f2ria oral dels ve\u00efns va ubicar esta Cisterna que recorden que va ser soterrada als anys 70 per l\u2019Ajuntament argumentant que es trobava en des\u00fas i amb l\u2019objectiu d\u2019ampliar el carrer Colom.<\/p>\n\n\n\n<p class=\"wp-block-paragraph\">La regidora de Patrimoni, Beatriu Palmero, ha manifestat la seua satisfacci\u00f3 perqu\u00e8 amb aquesta subvenci\u00f3 la recuperaci\u00f3 de la Cisterna est\u00e0 garantida i a m\u00e9s no suposar\u00e0 cap cost per a l\u2019Ajuntament. \u201cAmb la participaci\u00f3 del ve\u00efnat estem recuperant el patrimoni m\u00e9s important que tenim els poblans i posant en valor una construcci\u00f3 del s. XVI que havia estat soterrada durant d\u00e8cades\u201d.<\/p>\n\n\n\n<p class=\"wp-block-paragraph\">El projecte de la Cisterna \u00e9s l\u2019\u00fanic de Camp de T\u00faria que comptar\u00e0 amb esta subvenci\u00f3 a la que s\u2019han presentat m\u00e9s de 300 municipis valencians al que s\u2019han destinat 15 milions d\u2019euros. La seua recuperaci\u00f3 permetr\u00e0 que a partir de 2021 els ve\u00efns de la Pobla puguen gaudir d\u2019un nou espai cultural i patrimonial.<\/p>\n\n\n\n<p class=\"wp-block-paragraph\">La Cisterna de la Pobla \u00e9s la m\u00e9s gran i important de la comarca. Compta amb una escala d\u2019acc\u00e9s i dip\u00f2sit original. Hi ha documents notarials del segle XVII que ja fan refer\u00e8ncia a la cisterna que s&#8217;omplia amb l&#8217;aigua de la s\u00e8quia Primera. Va ser reformada al segle XIX, i usada com part d&#8217;un refugi antiaeri durant la Guerra Civil.<br><\/p>\n","protected":false},"excerpt":{"rendered":"<div class=\"mh-excerpt\">La Pobla de Vallbona ha rebut una subvenci\u00f3 de 375.000 euros&nbsp; per part de la Conselleria d\u2019Habitatge i Arquitectura Bioclim\u00e0tica per al projecte de recuperaci\u00f3 de l\u2019antiga Cisterna. Aquesta subvenci\u00f3 suposa el 100% del cost <a class=\"mh-excerpt-more\" href=\"https:\/\/tucomarca.whitekongsoftware.com\/ca\/la-pobla-de-vallbona-rebra-375-000-euros-de-subvencio-per-recuperar-la-cisterna-del-segle-xvi\/\" title=\"La Pobla de Vallbona rebr\u00e0 375.000 euros de subvenci\u00f3 per recuperar la Cisterna del segle XVI\">[+] <\/a><\/div>\n","protected":false},"author":12,"featured_media":108942,"comment_status":"open","ping_status":"open","sticky":false,"template":"","format":"standard","meta":{"footnotes":""},"categories":[10892,10948,10894,10915,10947,10896],"tags":[10633,10395,10716],"class_list":["post-108943","post","type-post","status-publish","format-standard","has-post-thumbnail","category-camp-de-turia-ca","category-infraestructuras-ca","category-la-comarca-ca","category-la-pobla-ca","category-politica","category-seccion-ca","tag-ajuntament-de-la-pobla-de-vallbona","tag-camp-de-turia","tag-generalitat-valenciana"],"_links":{"self":[{"href":"https:\/\/tucomarca.whitekongsoftware.com\/ca\/wp-json\/wp\/v2\/posts\/108943","targetHints":{"allow":["GET"]}}],"collection":[{"href":"https:\/\/tucomarca.whitekongsoftware.com\/ca\/wp-json\/wp\/v2\/posts"}],"about":[{"href":"https:\/\/tucomarca.whitekongsoftware.com\/ca\/wp-json\/wp\/v2\/types\/post"}],"author":[{"embeddable":true,"href":"https:\/\/tucomarca.whitekongsoftware.com\/ca\/wp-json\/wp\/v2\/users\/12"}],"replies":[{"embeddable":true,"href":"https:\/\/tucomarca.whitekongsoftware.com\/ca\/wp-json\/wp\/v2\/comments?post=108943"}],"version-history":[{"count":0,"href":"https:\/\/tucomarca.whitekongsoftware.com\/ca\/wp-json\/wp\/v2\/posts\/108943\/revisions"}],"wp:featuredmedia":[{"embeddable":true,"href":"https:\/\/tucomarca.whitekongsoftware.com\/ca\/wp-json\/wp\/v2\/media\/108942"}],"wp:attachment":[{"href":"https:\/\/tucomarca.whitekongsoftware.com\/ca\/wp-json\/wp\/v2\/media?parent=108943"}],"wp:term":[{"taxonomy":"category","embeddable":true,"href":"https:\/\/tucomarca.whitekongsoftware.com\/ca\/wp-json\/wp\/v2\/categories?post=108943"},{"taxonomy":"post_tag","embeddable":true,"href":"https:\/\/tucomarca.whitekongsoftware.com\/ca\/wp-json\/wp\/v2\/tags?post=108943"}],"curies":[{"name":"wp","href":"https:\/\/api.w.org\/{rel}","templated":true}]}}