{"id":108931,"date":"2020-06-18T23:26:13","date_gmt":"2020-06-18T21:26:13","guid":{"rendered":"http:\/\/www.tucomarca.com\/wordpress\/segunda\/?p=108931"},"modified":"2020-06-18T23:26:16","modified_gmt":"2020-06-18T21:26:16","slug":"bunyol-rep-500-000-euros-per-a-la-rehabilitacio-dedificis-municipals-i-creacio-dun-parc-de-vivendes-socials","status":"publish","type":"post","link":"https:\/\/tucomarca.whitekongsoftware.com\/ca\/bunyol-rep-500-000-euros-per-a-la-rehabilitacio-dedificis-municipals-i-creacio-dun-parc-de-vivendes-socials\/","title":{"rendered":"Bunyol rep 500.000 euros per a la rehabilitaci\u00f3 d&#8217;edificis municipals i creaci\u00f3 d&#8217;un parc de vivendes socials"},"content":{"rendered":"\n<p class=\"wp-block-paragraph\"><strong>Juncal Carrascosa, alcaldessa de la localitat, ha confirmat que amb este muntant es va a rehabilitar de forma integral l&#8217;edifici &#8220;de els maestros&#8221; en el carrer Facundo Tom\u00e1s, recuperar les vivendes deteriorades, habilitar les tancades i disposar aix\u00ed d&#8217;un xicotet parc de vivenda municipal<\/strong><\/p>\n\n\n\n<p class=\"wp-block-paragraph\">Juncal Carrascosa, alcaldessa de Bunyol, confirmava que en el dia d&#8217;ahir es va presentar el programa &#8220;Reconstru\u00efm Pobles&#8221; de la Generalitat Valenciana, que destina 15 milions d&#8217;euros a 70 municipis de la Comunitat Valenciana per a la rehabilitaci\u00f3 d&#8217;edificis. Entre les localitats benefici\u00e0ries d&#8217;este programa es troba Bunyol. Rebr\u00e0 500.000 euros, que aniran destinats a la rehabilitaci\u00f3 integral de l&#8217;edifici &#8220;de los maestros&#8221;, ubicat en El Carrer Facundo Tom\u00e1s, amb l&#8217;objectiu de recuperar totes les vivendes deteriorades, habilitar les tancades i aix\u00ed disposar d&#8217;un xicotet parc de vivenda municipal.<\/p>\n\n\n\n<p class=\"wp-block-paragraph\">Des de la Generalitat Valenciana s&#8217;ha assegurat que els criteris de selecci\u00f3 han donat prioritat a actuacions que incloguen o afavorisquen la igualtat, la perspectiva de g\u00e8nere, la inclusi\u00f3 i l&#8217;accessibilitat universal; que tinguen com a destinataris principals a sectors de poblaci\u00f3 m\u00e9s vulnerables; que incorporen criteris de sostenibilitat i efici\u00e8ncia energ\u00e8tica; que contemplen processos participatius en el seu disseny o actuacions amb major relaci\u00f3 cost-efectivitat; que requerisquen una adequaci\u00f3 normativa o que tinguen comprom\u00eds de cofinan\u00e7ament, aix\u00ed com que posse\u00efsquen major possibilitat d&#8217;execuci\u00f3.<\/p>\n\n\n\n<p class=\"wp-block-paragraph\">En la selecci\u00f3 tamb\u00e9 s&#8217;han seguit criteris de distribuci\u00f3 i equitat territorial, tal com es va comunicar als ajuntaments, prioritzant les dels municipis de les zones m\u00e9s vulnerables del territori segons el Visor d&#8217;Espais Urbans Sensibles, aix\u00ed com en municipis en risc de despoblaci\u00f3, o afectats per la DANA.<\/p>\n\n\n\n<p class=\"wp-block-paragraph\">La primer edil del consistori bu\u00f1olense ha confirmat que amb la quantitat de 500.000 euros es rehabilite la crida &#8220;Casa dels maestros&#8221; i posar en marxa vivendes socials. Des de l&#8217;Ajuntament es busca recuperar eixa zona, que es troba molt degradada i deteriorada en estos moments, &#8220;incluso actualment est\u00e0 sent ocupada pel 50% de la seua capacitat, ja que moltes vivendes s\u00f3n inhabitables&#8221;. Continua dient Juncal Carrascosa: &#8220;Esperamos que en 2022 estiguen finalitzades les obras&#8221;.<\/p>\n\n\n\n<p class=\"wp-block-paragraph\">En total, s&#8217;han presentat m\u00e9s de 600 projectes provinents de m\u00e9s de 300 municipis de la Comunitat i que han sigut valorats seguint criteris t\u00e8cnics i socials. En l&#8217;acte d&#8217;ahir van assistir alcaldes i alcaldesses de diversos municipis, aix\u00ed com regidors i representants de diversos ajuntaments.&nbsp;<\/p>\n\n\n\n<p class=\"wp-block-paragraph\">L&#8217;alcaldessa ha agra\u00eft personalment al Vicepresident segon del Consell i Conseller d&#8217;habitatge i arquitectura bioclim\u00e0tica, Rub\u00e9n Dalmau, l&#8217;esfor\u00e7 i l&#8217;inter\u00e9s que ha tingut amb Bunyol, des de la seua visita al municipi al principi de la legislatura.<\/p>\n","protected":false},"excerpt":{"rendered":"<div class=\"mh-excerpt\">Juncal Carrascosa, alcaldessa de la localitat, ha confirmat que amb este muntant es va a rehabilitar de forma integral l&#8217;edifici &#8220;de els maestros&#8221; en el carrer Facundo Tom\u00e1s, recuperar les vivendes deteriorades, habilitar les tancades <a class=\"mh-excerpt-more\" href=\"https:\/\/tucomarca.whitekongsoftware.com\/ca\/bunyol-rep-500-000-euros-per-a-la-rehabilitacio-dedificis-municipals-i-creacio-dun-parc-de-vivendes-socials\/\" title=\"Bunyol rep 500.000 euros per a la rehabilitaci\u00f3 d&#8217;edificis municipals i creaci\u00f3 d&#8217;un parc de vivendes socials\">[+] <\/a><\/div>\n","protected":false},"author":12,"featured_media":108930,"comment_status":"open","ping_status":"open","sticky":false,"template":"","format":"standard","meta":{"footnotes":""},"categories":[10911,10948,10894,10912,10947,10896],"tags":[5335,10716,5952,12276],"class_list":["post-108931","post","type-post","status-publish","format-standard","has-post-thumbnail","category-bunol-ca","category-infraestructuras-ca","category-la-comarca-ca","category-la-hoya-ca","category-politica","category-seccion-ca","tag-ayuntamiento-de-bunol","tag-generalitat-valenciana","tag-la-hoya-de-bunol-chiva","tag-reconstruim-pobles"],"_links":{"self":[{"href":"https:\/\/tucomarca.whitekongsoftware.com\/ca\/wp-json\/wp\/v2\/posts\/108931","targetHints":{"allow":["GET"]}}],"collection":[{"href":"https:\/\/tucomarca.whitekongsoftware.com\/ca\/wp-json\/wp\/v2\/posts"}],"about":[{"href":"https:\/\/tucomarca.whitekongsoftware.com\/ca\/wp-json\/wp\/v2\/types\/post"}],"author":[{"embeddable":true,"href":"https:\/\/tucomarca.whitekongsoftware.com\/ca\/wp-json\/wp\/v2\/users\/12"}],"replies":[{"embeddable":true,"href":"https:\/\/tucomarca.whitekongsoftware.com\/ca\/wp-json\/wp\/v2\/comments?post=108931"}],"version-history":[{"count":0,"href":"https:\/\/tucomarca.whitekongsoftware.com\/ca\/wp-json\/wp\/v2\/posts\/108931\/revisions"}],"wp:featuredmedia":[{"embeddable":true,"href":"https:\/\/tucomarca.whitekongsoftware.com\/ca\/wp-json\/wp\/v2\/media\/108930"}],"wp:attachment":[{"href":"https:\/\/tucomarca.whitekongsoftware.com\/ca\/wp-json\/wp\/v2\/media?parent=108931"}],"wp:term":[{"taxonomy":"category","embeddable":true,"href":"https:\/\/tucomarca.whitekongsoftware.com\/ca\/wp-json\/wp\/v2\/categories?post=108931"},{"taxonomy":"post_tag","embeddable":true,"href":"https:\/\/tucomarca.whitekongsoftware.com\/ca\/wp-json\/wp\/v2\/tags?post=108931"}],"curies":[{"name":"wp","href":"https:\/\/api.w.org\/{rel}","templated":true}]}}