{"id":108894,"date":"2020-06-17T19:40:09","date_gmt":"2020-06-17T17:40:09","guid":{"rendered":"http:\/\/www.tucomarca.com\/wordpress\/segunda\/?p=108894"},"modified":"2020-06-17T19:44:44","modified_gmt":"2020-06-17T17:44:44","slug":"lajuntament-de-requena-suspen-lescola-destiu","status":"publish","type":"post","link":"https:\/\/tucomarca.whitekongsoftware.com\/ca\/lajuntament-de-requena-suspen-lescola-destiu\/","title":{"rendered":"L&#8217;Ajuntament de Requena susp\u00e9n l&#8217;escola d&#8217;estiu"},"content":{"rendered":"\n<p class=\"wp-block-paragraph\"><strong>Les Escoles d&#8217;Estiu s\u00f3n propostes que inclouen activitats l\u00fadiques de tota mena, que afavoreixen les din\u00e0miques de grup i els jocs col\u00b7lectius, sent molt dif\u00edcil establir un control absolut que impedisquen qualsevol tipus de contacte entre les persones participants<\/strong><\/p>\n\n\n\n<p class=\"wp-block-paragraph\">L&#8217;Ajuntament de Requena, despr\u00e9s d&#8217;estudiar totes les mesures necess\u00e0ries a dur a terme i el risc que podria comportar per a la poblaci\u00f3 infantil, ha decidit suspendre l&#8217;activitat d&#8217;Escola d&#8217;Estiu a les escoles de Requena i Sant Antoni ia les Escoles Infantils Municipals degut a la crisi sanit\u00e0ria provocada per la Covid-19.<\/p>\n\n\n\n<p class=\"wp-block-paragraph\">Davant la situaci\u00f3 extraordin\u00e0ria que estem vivint amb motiu de l&#8217;emerg\u00e8ncia sanit\u00e0ria provocada per la COVID-19, i per tal de garantir la seguretat de l&#8217;alumnat infantil, l&#8217;Ajuntament de Requena, despr\u00e9s d&#8217;una profunda reflexi\u00f3 i haver analitzat els pros i els contres, ha arribat a la conclusi\u00f3 que el millor per a aquest any \u00e9s suspendre aquesta activitat.<\/p>\n\n\n\n<p class=\"wp-block-paragraph\">Les Escoles d&#8217;Estiu s\u00f3n propostes que inclouen activitats l\u00fadiques de tota mena, que afavorixen les din\u00e0miques de grup i els jocs col\u00b7lectius, per compaginar aprenentatge i diversi\u00f3 on es comparteixen espais, activitats i jocs sent molt dif\u00edcil establir un control absolut que impedisca qualsevol tipus de contacte entre les persones participants en aquestes activitats. Aix\u00ed doncs, cal fer entre tots un esfor\u00e7 i un sacrifici en pro del benefici de la col\u00b7lectivitat, per d&#8217;aquesta manera poder superar de manera conjunta aquesta crisi sanit\u00e0ria que ens impedix exercir amb normalitat la nostra vida quotidiana.<\/p>\n\n\n\n<p class=\"wp-block-paragraph\">Finalment, \u00e9s important informar que en breu es comunicar\u00e0 a les fam\u00edlies que aix\u00ed ho requerisquen la forma de substituir el servei de menjador d&#8217;aquestes escoles d&#8217;estiu, que no es veur\u00e0 afectat per aquesta cancel\u00b7laci\u00f3.<\/p>\n","protected":false},"excerpt":{"rendered":"<div class=\"mh-excerpt\">Les Escoles d&#8217;Estiu s\u00f3n propostes que inclouen activitats l\u00fadiques de tota mena, que afavoreixen les din\u00e0miques de grup i els jocs col\u00b7lectius, sent molt dif\u00edcil establir un control absolut que impedisquen qualsevol tipus de contacte <a class=\"mh-excerpt-more\" href=\"https:\/\/tucomarca.whitekongsoftware.com\/ca\/lajuntament-de-requena-suspen-lescola-destiu\/\" title=\"L&#8217;Ajuntament de Requena susp\u00e9n l&#8217;escola d&#8217;estiu\">[+] <\/a><\/div>\n","protected":false},"author":12,"featured_media":71783,"comment_status":"open","ping_status":"open","sticky":false,"template":"","format":"standard","meta":{"footnotes":""},"categories":[11010,12202,10948,10894,10947,10908,10909,10896,10897],"tags":[11939,11940,11952,10910],"class_list":["post-108894","post","type-post","status-publish","format-standard","has-post-thumbnail","category-canal-salud","category-covid-19-ca","category-infraestructuras-ca","category-la-comarca-ca","category-politica","category-requena-ca","category-requena-utiel-ca","category-seccion-ca","category-sucesos-la-comarca-ca","tag-coronavirus-ca","tag-covid-19-ca","tag-covid2019-ca","tag-requena-utiel-ca"],"_links":{"self":[{"href":"https:\/\/tucomarca.whitekongsoftware.com\/ca\/wp-json\/wp\/v2\/posts\/108894","targetHints":{"allow":["GET"]}}],"collection":[{"href":"https:\/\/tucomarca.whitekongsoftware.com\/ca\/wp-json\/wp\/v2\/posts"}],"about":[{"href":"https:\/\/tucomarca.whitekongsoftware.com\/ca\/wp-json\/wp\/v2\/types\/post"}],"author":[{"embeddable":true,"href":"https:\/\/tucomarca.whitekongsoftware.com\/ca\/wp-json\/wp\/v2\/users\/12"}],"replies":[{"embeddable":true,"href":"https:\/\/tucomarca.whitekongsoftware.com\/ca\/wp-json\/wp\/v2\/comments?post=108894"}],"version-history":[{"count":0,"href":"https:\/\/tucomarca.whitekongsoftware.com\/ca\/wp-json\/wp\/v2\/posts\/108894\/revisions"}],"wp:featuredmedia":[{"embeddable":true,"href":"https:\/\/tucomarca.whitekongsoftware.com\/ca\/wp-json\/wp\/v2\/media\/71783"}],"wp:attachment":[{"href":"https:\/\/tucomarca.whitekongsoftware.com\/ca\/wp-json\/wp\/v2\/media?parent=108894"}],"wp:term":[{"taxonomy":"category","embeddable":true,"href":"https:\/\/tucomarca.whitekongsoftware.com\/ca\/wp-json\/wp\/v2\/categories?post=108894"},{"taxonomy":"post_tag","embeddable":true,"href":"https:\/\/tucomarca.whitekongsoftware.com\/ca\/wp-json\/wp\/v2\/tags?post=108894"}],"curies":[{"name":"wp","href":"https:\/\/api.w.org\/{rel}","templated":true}]}}