{"id":108810,"date":"2020-06-16T21:12:55","date_gmt":"2020-06-16T19:12:55","guid":{"rendered":"http:\/\/www.tucomarca.com\/wordpress\/segunda\/?p=108810"},"modified":"2020-06-16T21:13:32","modified_gmt":"2020-06-16T19:13:32","slug":"el-pspv-psoe-de-la-foia-aplaudeix-la-responsabilitat-ciutadana-a-la-qual-qualifica-de-la-nostra-millor-eina-per-frenar-el-covid-19","status":"publish","type":"post","link":"https:\/\/tucomarca.whitekongsoftware.com\/ca\/el-pspv-psoe-de-la-foia-aplaudeix-la-responsabilitat-ciutadana-a-la-qual-qualifica-de-la-nostra-millor-eina-per-frenar-el-covid-19\/","title":{"rendered":"El PSPV-PSOE de la Foia aplaudeix la responsabilitat ciutadana a la qual qualifica de &#8220;la nostra millor eina&#8221; per frenar el Covid-19"},"content":{"rendered":"\n<p class=\"wp-block-paragraph\">&#8220;Fa tres mesos aproximadament que es va decretar al nostre pa\u00eds l&#8217;estat d&#8217;alarma a conseq\u00fc\u00e8ncia de l&#8217;exist\u00e8ncia d&#8217;el Covid-19. El virus que ha generat arreu del m\u00f3n una gran mortalitat i un elevat nombre de persones infectades, algunes que han pogut v\u00e8ncer la malaltia, altres que la van passar gaireb\u00e9 sense cap s\u00edmptoma i altres que lamentablement han perdut la vida&#8221;, tal com han recordat des del PSPV-PSOE de la Foia de Bunyol-Xiva.<\/p>\n\n\n\n<p class=\"wp-block-paragraph\">&#8220;Despr\u00e9s d&#8217;aquests tres mesos el virus encara \u00e9s entre nosaltres. No hi ha de moment una vacuna o un tractament que pugui garantir seguretat plena a les persones. Per tant l&#8217;\u00fanic que podem oposar a aquest virus s\u00f3n mesures per evitar el contagi i les possibles conseq\u00fc\u00e8ncies que d&#8217;aquest es puguin derivar. conseq\u00fc\u00e8ncies com la major propagaci\u00f3 de la malaltia, les seq\u00fceles que aquesta pugui produir en les persones i fins a la p\u00e8rdua de la vida&#8221;, han afegit.<\/p>\n\n\n\n<p class=\"wp-block-paragraph\">&#8220;En aquests tres mesos, experts epidemi\u00f2legs i autoritats sanit\u00e0ries han guiat totes les decisions que tant el govern d&#8217;Espanya com el govern de la Comunitat Valenciana han anat prenent en funci\u00f3 de l&#8217;evoluci\u00f3 de la pand\u00e8mia&#8221;.<\/p>\n\n\n\n<p class=\"wp-block-paragraph\">&#8220;El confinament de persones, la higiene personal i les mesures de protecci\u00f3 individual, han estat les millors eines per frenar els contagis&#8221;.<\/p>\n\n\n\n<p class=\"wp-block-paragraph\">&#8220;Per\u00f2 aquesta realitat ha generat m\u00e9s de la crisi sanit\u00e0ria, una crisi social i econ\u00f2mica de gran magnitud. Per aquest motiu el govern d&#8217;Espanya, el govern auton\u00f2mic i la gran majoria de governs locals &#8220;hagin implementat mesures per atendre les persones m\u00e9s vulnerables, aquelles persones que per diverses raons han perdut els seus ingressos i el seu mitj\u00e0 de vida&#8221;.<\/p>\n\n\n\n<p class=\"wp-block-paragraph\">&#8220;En aquests mesos s&#8217;han legislat ajudes i prestacions de molt diversa \u00edndole, per a treballadors a trav\u00e9s dels ERTES, per a aut\u00f2noms, per a l&#8217;agricultura i ramaderia, per a treballs essencials, etc. Des del govern d&#8217;Espanya s&#8217;ha posat en marxa l&#8217;Ingr\u00e9s m\u00ednim Vital per atendre a persones i fam\u00edlies en risc d&#8217;exclusi\u00f3 social&#8221;.<\/p>\n\n\n\n<p class=\"wp-block-paragraph\">&#8220;\u00c9s cert que implementar totes aquestes mesures no ha estat ni \u00e9s f\u00e0cil, requereix al seu torn de mitjans t\u00e8cnics i personals per posar-les en marxa, per\u00f2 a poc a poc van arribant a les persones que ho necessiten&#8221;, han recalcat des del PSOE de la Foia.<\/p>\n\n\n\n<p class=\"wp-block-paragraph\">&#8220;Alcaldesses, alcaldes, regidors i regidores, representants municipals i la de la societat civil de cada un dels municipis de la nostra comarca han estat a l&#8217;capdavant de la presa de decisions en cada moment, articulant mesures que en l&#8217;\u00e0mbit de les seves compet\u00e8ncies podien prendre . Mesures d&#8217;ampliaci\u00f3 de terrasses per a bars i restaurants sense cap cost, ampliaci\u00f3 de terminis de taxes i impostos municipals, augment de l&#8217;atenci\u00f3 en serveis socials, pactes per a la reconstrucci\u00f3 de les economies locals, etc\u00e8tera&#8221;.<\/p>\n\n\n\n<p class=\"wp-block-paragraph\">&#8220;No ha estat gens f\u00e0cil el cam\u00ed recorregut fins ara, i encara queda feina per fer, encara que s&#8217;hagi pogut reduir el contagi i la letalitat, no podem baixar la vigil\u00e0ncia ni relaxar les mesures de prevenci\u00f3, un repunt de contagis ens portaria a retrocedir en el cam\u00ed recorregut fins ara&#8221;.<\/p>\n\n\n\n<p class=\"wp-block-paragraph\">&#8220;Potser en aquest proc\u00e9s s&#8217;hagin pogut cometre errors, per\u00f2 mai han tingut duplicitat, ni de bon tros interessos personals o d&#8217;un altre tipus. L&#8217;\u00fanic i veritable objectiu de totes les decisions preses en qualsevol dels \u00e0mbits de decisi\u00f3, municipal, auton\u00f2mica o nacional , ha estat tenir cura de la salut de les persones i garantir ingressos per preservar la seva dignitat&#8221;.<\/p>\n\n\n\n<p class=\"wp-block-paragraph\">&#8220;Tractar de treure r\u00e8dit pol\u00edtic o electoral d&#8217;aquesta situaci\u00f3, alimentant la por i la inseguretat en les persones a for\u00e7a de mentides, mitges veritats, fake news i rumors de tota mena, \u00e9s una irresponsabilitat pol\u00edtica i una mesquinesa ingent&#8221;.<\/p>\n\n\n\n<p class=\"wp-block-paragraph\">&#8220;Segons dades publicades, a la nostra comarca, una comarca menuda d&#8217;al voltant de quaranta mil habitants de dret, i segurament molts m\u00e9s de fet, hem tingut poc m\u00e9s de cent casos confirmats i molt pocs morts, el que significa que les nostres i els nostres ve\u00efns han actuat amb gran responsabilitat&#8221;, han subratllat des del PSPV-PSOE.<\/p>\n\n\n\n<p class=\"wp-block-paragraph\">&#8220;Alcaldesses i alcaldes independentment de el partit a qu\u00e8 representen han estat a l&#8217;altura de el moment. A el personal de les diferents administracions, sanitaris dels nostres ambulatoris que obriran segons la nova normalitat, policies municipals, gu\u00e0rdia civil, personal administratiu i t\u00e8cnic d&#8217;ajuntaments i organismes oficials ubicats a la nostra comarca, a tots els treballadors essencials qualsevol que sigui el seu treball, a totes ia tots gr\u00e0cies. i especialment gr\u00e0cies a totes i tots els nostres ve\u00efns, la vostra responsabilitat ha estat la nostra millor eina per frenar l&#8217;Covid-19 &#8220;, han finalitzat.<\/p>\n","protected":false},"excerpt":{"rendered":"<div class=\"mh-excerpt\">&#8220;Fa tres mesos aproximadament que es va decretar al nostre pa\u00eds l&#8217;estat d&#8217;alarma a conseq\u00fc\u00e8ncia de l&#8217;exist\u00e8ncia d&#8217;el Covid-19. El virus que ha generat arreu del m\u00f3n una gran mortalitat i un elevat nombre de <a class=\"mh-excerpt-more\" href=\"https:\/\/tucomarca.whitekongsoftware.com\/ca\/el-pspv-psoe-de-la-foia-aplaudeix-la-responsabilitat-ciutadana-a-la-qual-qualifica-de-la-nostra-millor-eina-per-frenar-el-covid-19\/\" title=\"El PSPV-PSOE de la Foia aplaudeix la responsabilitat ciutadana a la qual qualifica de &#8220;la nostra millor eina&#8221; per frenar el Covid-19\">[+] <\/a><\/div>\n","protected":false},"author":12,"featured_media":108760,"comment_status":"open","ping_status":"open","sticky":false,"template":"","format":"standard","meta":{"footnotes":""},"categories":[10973,10911,11010,12202,10976,10977,10980,10948,10894,10912,10978,10903,10947,10896,10979,10897,10974,10975],"tags":[11939,11940,10914,11319,12266],"class_list":["post-108810","post","type-post","status-publish","format-standard","has-post-thumbnail","category-alborache-ca","category-bunol-ca","category-canal-salud","category-covid-19-ca","category-dos-aguas-ca","category-godelleta-ca","category-yatova-ca","category-infraestructuras-ca","category-la-comarca-ca","category-la-hoya-ca","category-macastre-ca","category-medio-ambiente-la-comarca-ca","category-politica","category-seccion-ca","category-siete-aguas-ca","category-sucesos-la-comarca-ca","category-cheste-ca","category-chiva-ca","tag-coronavirus-ca","tag-covid-19-ca","tag-la-hoya-de-bunol-chiva-ca","tag-pspv-psoe-ca","tag-pspv-psoe-comarca-hoya-de-bunol-chiva-ca"],"_links":{"self":[{"href":"https:\/\/tucomarca.whitekongsoftware.com\/ca\/wp-json\/wp\/v2\/posts\/108810","targetHints":{"allow":["GET"]}}],"collection":[{"href":"https:\/\/tucomarca.whitekongsoftware.com\/ca\/wp-json\/wp\/v2\/posts"}],"about":[{"href":"https:\/\/tucomarca.whitekongsoftware.com\/ca\/wp-json\/wp\/v2\/types\/post"}],"author":[{"embeddable":true,"href":"https:\/\/tucomarca.whitekongsoftware.com\/ca\/wp-json\/wp\/v2\/users\/12"}],"replies":[{"embeddable":true,"href":"https:\/\/tucomarca.whitekongsoftware.com\/ca\/wp-json\/wp\/v2\/comments?post=108810"}],"version-history":[{"count":0,"href":"https:\/\/tucomarca.whitekongsoftware.com\/ca\/wp-json\/wp\/v2\/posts\/108810\/revisions"}],"wp:featuredmedia":[{"embeddable":true,"href":"https:\/\/tucomarca.whitekongsoftware.com\/ca\/wp-json\/wp\/v2\/media\/108760"}],"wp:attachment":[{"href":"https:\/\/tucomarca.whitekongsoftware.com\/ca\/wp-json\/wp\/v2\/media?parent=108810"}],"wp:term":[{"taxonomy":"category","embeddable":true,"href":"https:\/\/tucomarca.whitekongsoftware.com\/ca\/wp-json\/wp\/v2\/categories?post=108810"},{"taxonomy":"post_tag","embeddable":true,"href":"https:\/\/tucomarca.whitekongsoftware.com\/ca\/wp-json\/wp\/v2\/tags?post=108810"}],"curies":[{"name":"wp","href":"https:\/\/api.w.org\/{rel}","templated":true}]}}