{"id":108634,"date":"2020-06-15T18:28:33","date_gmt":"2020-06-15T16:28:33","guid":{"rendered":"http:\/\/www.tucomarca.com\/wordpress\/segunda\/?p=108634"},"modified":"2020-06-15T18:29:19","modified_gmt":"2020-06-15T16:29:19","slug":"xest-comptara-amb-un-cicle-de-autocine-gratuit-al-juliol-amb-pellicules-triades-per-la-ciutadania","status":"publish","type":"post","link":"https:\/\/tucomarca.whitekongsoftware.com\/ca\/xest-comptara-amb-un-cicle-de-autocine-gratuit-al-juliol-amb-pellicules-triades-per-la-ciutadania\/","title":{"rendered":"Xest comptar\u00e0 amb un cicle de autocine gratu\u00eft al juliol amb pel\u00b7l\u00edcules triades per la ciutadania"},"content":{"rendered":"\n<p class=\"wp-block-paragraph\">La regidoria de Festes ha programat un cicle de autocine gratu\u00eft a l&#8217;aparcament de l&#8217;poliesportiu durant els divendres del mes de juliol. En total es programaran quatre sessions i l&#8217;hora d&#8217;inici ser\u00e0 a les 22:30 hores.<\/p>\n\n\n\n<p class=\"wp-block-paragraph\">&#8220;Hem fet una selecci\u00f3 de deu possibles pel\u00b7l\u00edcules i volem que sigui la gent la que tri\u00ef els t\u00edtols definitius, de manera que finalment es projectaran els quatre que comptin amb m\u00e9s m&#8217;agrada a la p\u00e0gina de Facebook de l&#8217;Ajuntament&#8221;, ha explicat el regidor de festes, Ra\u00fal Mota. &#8220;Pensem que involucrar els chestanos i chestanas \u00e9s una bona manera de fomentar la participaci\u00f3 en les activitats que programem des de l&#8217;Ajuntament&#8221;.<\/p>\n\n\n\n<p class=\"wp-block-paragraph\">Les pel\u00b7l\u00edcules entre les que sortiran les quatre finalistes s\u00f3n: Qu\u00e8 et jugues ?, El gratacels, El Regne, La Casa de l&#8217;rellotge a la paret, La casa torta, megalodon, Men in Black: International, Ments poderoses, Spiderman: Lluny de casa i Valerian i la ciutat dels mil planetes.<\/p>\n\n\n\n<p class=\"wp-block-paragraph\">&#8220;Ens va semblar que programar sessions de autocine era una iniciativa original per explotar, sobretot en la situaci\u00f3 actual, ja que es tracta d&#8217;una manera diferent de veure cinema en la qual es pot respectar la dist\u00e0ncia interpersonal amb facilitat, ja que la idea \u00e9s no sortir de el cotxe &#8220;, ha apuntat Mota.<\/p>\n\n\n\n<p class=\"wp-block-paragraph\">Dilluns que ve, 22 de juny, es publicaran els t\u00edtols de les quatre pel\u00b7l\u00edcules que han sumat m\u00e9s m&#8217;agrada durant la setmana i que passaran a formar part de la programaci\u00f3 de autocine dels propers 3, 10, 17 i 24 de juliol.<\/p>\n","protected":false},"excerpt":{"rendered":"<div class=\"mh-excerpt\">La regidoria de Festes ha programat un cicle de autocine gratu\u00eft a l&#8217;aparcament de l&#8217;poliesportiu durant els divendres del mes de juliol. En total es programaran quatre sessions i l&#8217;hora d&#8217;inici ser\u00e0 a les 22:30 <a class=\"mh-excerpt-more\" href=\"https:\/\/tucomarca.whitekongsoftware.com\/ca\/xest-comptara-amb-un-cicle-de-autocine-gratuit-al-juliol-amb-pellicules-triades-per-la-ciutadania\/\" title=\"Xest comptar\u00e0 amb un cicle de autocine gratu\u00eft al juliol amb pel\u00b7l\u00edcules triades per la ciutadania\">[+] <\/a><\/div>\n","protected":false},"author":1,"featured_media":108632,"comment_status":"open","ping_status":"open","sticky":false,"template":"","format":"standard","meta":{"footnotes":""},"categories":[11019,12202,10948,10894,10912,11007,10947,10896,10897,10974],"tags":[11071,11939,11940,11952,11108,10914,11109],"class_list":["post-108634","post","type-post","status-publish","format-standard","has-post-thumbnail","category-agenda-ca","category-covid-19-ca","category-infraestructuras-ca","category-la-comarca-ca","category-la-hoya-ca","category-ocio-y-cultura-ca","category-politica","category-seccion-ca","category-sucesos-la-comarca-ca","category-cheste-ca","tag-cheste","tag-coronavirus-ca","tag-covid-19-ca","tag-covid2019-ca","tag-la-foia-de-bunyol-xiva","tag-la-hoya-de-bunol-chiva-ca","tag-xest"],"_links":{"self":[{"href":"https:\/\/tucomarca.whitekongsoftware.com\/ca\/wp-json\/wp\/v2\/posts\/108634","targetHints":{"allow":["GET"]}}],"collection":[{"href":"https:\/\/tucomarca.whitekongsoftware.com\/ca\/wp-json\/wp\/v2\/posts"}],"about":[{"href":"https:\/\/tucomarca.whitekongsoftware.com\/ca\/wp-json\/wp\/v2\/types\/post"}],"author":[{"embeddable":true,"href":"https:\/\/tucomarca.whitekongsoftware.com\/ca\/wp-json\/wp\/v2\/users\/1"}],"replies":[{"embeddable":true,"href":"https:\/\/tucomarca.whitekongsoftware.com\/ca\/wp-json\/wp\/v2\/comments?post=108634"}],"version-history":[{"count":0,"href":"https:\/\/tucomarca.whitekongsoftware.com\/ca\/wp-json\/wp\/v2\/posts\/108634\/revisions"}],"wp:featuredmedia":[{"embeddable":true,"href":"https:\/\/tucomarca.whitekongsoftware.com\/ca\/wp-json\/wp\/v2\/media\/108632"}],"wp:attachment":[{"href":"https:\/\/tucomarca.whitekongsoftware.com\/ca\/wp-json\/wp\/v2\/media?parent=108634"}],"wp:term":[{"taxonomy":"category","embeddable":true,"href":"https:\/\/tucomarca.whitekongsoftware.com\/ca\/wp-json\/wp\/v2\/categories?post=108634"},{"taxonomy":"post_tag","embeddable":true,"href":"https:\/\/tucomarca.whitekongsoftware.com\/ca\/wp-json\/wp\/v2\/tags?post=108634"}],"curies":[{"name":"wp","href":"https:\/\/api.w.org\/{rel}","templated":true}]}}