{"id":108566,"date":"2020-06-15T14:43:35","date_gmt":"2020-06-15T12:43:35","guid":{"rendered":"http:\/\/www.tucomarca.com\/wordpress\/segunda\/?p=108566"},"modified":"2020-06-15T14:44:37","modified_gmt":"2020-06-15T12:44:37","slug":"la-biblioteca-publica-municipal-de-bunyol-ofereix-els-seus-serveis-al-public-amb-totes-les-mesures-de-seguretat-i-higiene","status":"publish","type":"post","link":"https:\/\/tucomarca.whitekongsoftware.com\/ca\/la-biblioteca-publica-municipal-de-bunyol-ofereix-els-seus-serveis-al-public-amb-totes-les-mesures-de-seguretat-i-higiene\/","title":{"rendered":"La Biblioteca P\u00fablica Municipal de Bunyol ofereix els seus serveis al p\u00fablic amb totes les mesures de seguretat i higiene"},"content":{"rendered":"\n<p class=\"wp-block-paragraph\">A partir d&#8217;aquest dilluns 15 de juny amb l&#8217;entrada de la Comunitat Valenciana en la fase 3, la Biblioteca P\u00fablica Municipal de Bunyol oferir\u00e0 els seg\u00fcents serveis:<\/p>\n\n\n\n<ul class=\"wp-block-list\"><li>Lliure acc\u00e9s a les seues instal\u00b7lacions.<\/li><li>Pr\u00e9stec i devoluci\u00f3 de fons.<\/li><li>Informaci\u00f3 bibliogr\u00e0fica.<\/li><li>Consulta i estudi en sala.<\/li><li>Utilitzaci\u00f3 dels equips inform\u00e0tics.<\/li><li>Activitats culturals i d&#8217;animaci\u00f3 lectora.<\/li><li>Pr\u00e9stec interbibliotecari.<\/li><\/ul>\n\n\n\n<p class=\"wp-block-paragraph\">Les pautes d&#8217;assist\u00e8ncia ser\u00e0 les que segueixen:<\/p>\n\n\n\n<ul class=\"wp-block-list\"><li>L&#8217;aforament s&#8217;ha redu\u00eft a l&#8217;50% per assegurar la dist\u00e0ncia de seguretat.<\/li><li>Les sales infantils, fins a noves indicacions, romandran tancades.<\/li><li>Es recomana que acudisca nom\u00e9s a la biblioteca.<\/li><li>Els menors de 14 anys seran acompanyats per una persona adulta responsable.<\/li><li>Es mantindr\u00e0 sempre una dist\u00e0ncia de seguretat de 2 metres amb la resta de les persones que es troben a la biblioteca.<\/li><li>Es recomana que l&#8217;acc\u00e9s i la perman\u00e8ncia es realitzen amb mascareta de protecci\u00f3 individual<\/li><li>\u00c9s obligatori fer \u00fas del gel hidroalcoh\u00f3lico a la seua disposici\u00f3 a l&#8217;entrar a la biblioteca i si fos necessari abans d&#8217;accedir als fons.<\/li><\/ul>\n\n\n\n<p class=\"wp-block-paragraph\">La biblioteca complir\u00e0 amb les mesures de neteja i desinfecci\u00f3 adequades:<\/p>\n\n\n\n<ul class=\"wp-block-list\"><li> Neteja de el lloc de lectura despr\u00e9s de cada usuari.<\/li><li> Neteja dels ordinadors despr\u00e9s de cada \u00fas.<\/li><li> Neteja dels espais generals dues vegades a el dia.<\/li><\/ul>\n\n\n\n<p class=\"wp-block-paragraph\">L&#8217;horari ser\u00e0 de Dilluns a Divendres, matins de 10.00 a 14:00 i vesprades de 16.00 a 20h. <strong>Biblioteca P\u00fablica Municipal de Bu\u00f1ol. C\/ Pelayo, n\u00ba12. Tel. 962500751<\/strong><br><br><\/p>\n","protected":false},"excerpt":{"rendered":"<div class=\"mh-excerpt\">A partir d&#8217;aquest dilluns 15 de juny amb l&#8217;entrada de la Comunitat Valenciana en la fase 3, la Biblioteca P\u00fablica Municipal de Bunyol oferir\u00e0 els seg\u00fcents serveis: Lliure acc\u00e9s a les seues instal\u00b7lacions. Pr\u00e9stec i <a class=\"mh-excerpt-more\" href=\"https:\/\/tucomarca.whitekongsoftware.com\/ca\/la-biblioteca-publica-municipal-de-bunyol-ofereix-els-seus-serveis-al-public-amb-totes-les-mesures-de-seguretat-i-higiene\/\" title=\"La Biblioteca P\u00fablica Municipal de Bunyol ofereix els seus serveis al p\u00fablic amb totes les mesures de seguretat i higiene\">[+] <\/a><\/div>\n","protected":false},"author":12,"featured_media":108562,"comment_status":"open","ping_status":"open","sticky":false,"template":"","format":"standard","meta":{"footnotes":""},"categories":[11019,10911,11010,12202,10948,10894,10912,11007,10947,10896,10897],"tags":[11158,12104,11939,11940,12249,10914],"class_list":["post-108566","post","type-post","status-publish","format-standard","has-post-thumbnail","category-agenda-ca","category-bunol-ca","category-canal-salud","category-covid-19-ca","category-infraestructuras-ca","category-la-comarca-ca","category-la-hoya-ca","category-ocio-y-cultura-ca","category-politica","category-seccion-ca","category-sucesos-la-comarca-ca","tag-ayuntamiento-de-bunol-ca","tag-biblioteca-publica-municipal-de-bunol-ca","tag-coronavirus-ca","tag-covid-19-ca","tag-fase-3-ca","tag-la-hoya-de-bunol-chiva-ca"],"_links":{"self":[{"href":"https:\/\/tucomarca.whitekongsoftware.com\/ca\/wp-json\/wp\/v2\/posts\/108566","targetHints":{"allow":["GET"]}}],"collection":[{"href":"https:\/\/tucomarca.whitekongsoftware.com\/ca\/wp-json\/wp\/v2\/posts"}],"about":[{"href":"https:\/\/tucomarca.whitekongsoftware.com\/ca\/wp-json\/wp\/v2\/types\/post"}],"author":[{"embeddable":true,"href":"https:\/\/tucomarca.whitekongsoftware.com\/ca\/wp-json\/wp\/v2\/users\/12"}],"replies":[{"embeddable":true,"href":"https:\/\/tucomarca.whitekongsoftware.com\/ca\/wp-json\/wp\/v2\/comments?post=108566"}],"version-history":[{"count":0,"href":"https:\/\/tucomarca.whitekongsoftware.com\/ca\/wp-json\/wp\/v2\/posts\/108566\/revisions"}],"wp:featuredmedia":[{"embeddable":true,"href":"https:\/\/tucomarca.whitekongsoftware.com\/ca\/wp-json\/wp\/v2\/media\/108562"}],"wp:attachment":[{"href":"https:\/\/tucomarca.whitekongsoftware.com\/ca\/wp-json\/wp\/v2\/media?parent=108566"}],"wp:term":[{"taxonomy":"category","embeddable":true,"href":"https:\/\/tucomarca.whitekongsoftware.com\/ca\/wp-json\/wp\/v2\/categories?post=108566"},{"taxonomy":"post_tag","embeddable":true,"href":"https:\/\/tucomarca.whitekongsoftware.com\/ca\/wp-json\/wp\/v2\/tags?post=108566"}],"curies":[{"name":"wp","href":"https:\/\/api.w.org\/{rel}","templated":true}]}}