{"id":108564,"date":"2020-06-15T14:05:47","date_gmt":"2020-06-15T12:05:47","guid":{"rendered":"http:\/\/www.tucomarca.com\/wordpress\/segunda\/?p=108564"},"modified":"2020-06-15T14:05:51","modified_gmt":"2020-06-15T12:05:51","slug":"les-cooperatives-de-lalcudia-i-dalzira-signen-un-acord-dintercooperacio","status":"publish","type":"post","link":"https:\/\/tucomarca.whitekongsoftware.com\/ca\/les-cooperatives-de-lalcudia-i-dalzira-signen-un-acord-dintercooperacio\/","title":{"rendered":"Les cooperatives de l&#8217;Alc\u00fadia i d&#8217;Alzira signen un acord d&#8217;intercooperaci\u00f3"},"content":{"rendered":"\n<p class=\"wp-block-paragraph\">Els presidents de la Cooperativa Agr\u00edcola Nostra Senyora de l&#8217;Oreto de l&#8217;Alc\u00fadia (CANSO), Cirilo Arnandis; i la Cooperativa Hortofruct\u00edcola d&#8217;Alzira (Alzicoop), Francisco Clar\u00ed, han signat un acord intercooperatiu, en virtut de el qual treballaran conjuntament en la comercialitzaci\u00f3 de c\u00edtrics i caqui.<\/p>\n\n\n\n<p class=\"wp-block-paragraph\">El document, rubricat a les instal\u00b7lacions de Alzicoop, determina l&#8217;\u00e0mbit espec\u00edfic de la col\u00b7laboraci\u00f3 entre les dues cooperatives. Aix\u00ed, CANSO confeccionar\u00e0 i comercialitzar\u00e0 la producci\u00f3 de c\u00edtrics de la cooperativa alzirenya, assumint les tasques de classificaci\u00f3, emmagatzematge i \/ o condicionament, confecci\u00f3, i comercialitzaci\u00f3. D&#8217;altra banda, la producci\u00f3 de caquis de la Alzicoop es comercialitzar\u00e0 juntament amb part de la producci\u00f3 de la cooperativa de l&#8217;Alc\u00fadia.<\/p>\n\n\n\n<p class=\"wp-block-paragraph\">La signatura d&#8217;l&#8217;acord entre aquestes dues cooperatives, que superen \u00e0mpliament els 100 anys d&#8217;hist\u00f2ria cadascuna, suposa la inversi\u00f3 de m\u00e9s de 2.100.000 euros, per a modernitzar les instal\u00b7lacions de Alzicoop amb nova maquin\u00e0ria que permeti desenvolupar les tasques de processament d&#8217;una producci\u00f3 de caquis de 12.000 tones per campanya.<\/p>\n\n\n\n<p class=\"wp-block-paragraph\">Per al president de CANSO, Cirilo Arnandis, &#8220;aquest acord ens refor\u00e7a m\u00fatuament, ens permet seguir avan\u00e7ant en la concentraci\u00f3 de l&#8217;oferta i en l&#8217;optimitzaci\u00f3 dels nostres processos per oferir als nostres socis les millors liquidacions que sigui possible pel producte que aporten&#8221; .<\/p>\n\n\n\n<p class=\"wp-block-paragraph\">El president de Alzicoop, Francisco Clar\u00ed, has destacat que &#8220;hem treballat durant diversos mesos en la redacci\u00f3 d&#8217;aquest acord, que estem conven\u00e7uts que ser\u00e0 molt benefici\u00f3s per a les dues cooperatives i que ser\u00e0 efectiu a partir de la campanya 2020\/21&#8221;.<\/p>\n\n\n\n<p class=\"wp-block-paragraph\">La signatura d&#8217;aquest acord se suma a altres processos d&#8217;intercooperaci\u00f3 establerts durant els \u00faltims mesos, que demostren la capacitat de el sector cooperatiu per consolidar i millorar la posici\u00f3 de les seves empreses, a trav\u00e9s de la col\u00b7laboraci\u00f3 en la recerca de l&#8217;benefici mutu, en un entorn cada vegada m\u00e9s complex i competitiu. Alguns dels \u00faltims exemples s&#8217;han donat tamb\u00e9 a les comarques de la Ribera, amb l&#8217;acord de les cooperatives de Carlet i Guadassuar per a la creaci\u00f3 de la cooperativa Ribercamp, o amb la integraci\u00f3 de les seccions de subministraments de les cooperatives d&#8217;Alfarp, Catadau i Llombai.<\/p>\n","protected":false},"excerpt":{"rendered":"<div class=\"mh-excerpt\">Els presidents de la Cooperativa Agr\u00edcola Nostra Senyora de l&#8217;Oreto de l&#8217;Alc\u00fadia (CANSO), Cirilo Arnandis; i la Cooperativa Hortofruct\u00edcola d&#8217;Alzira (Alzicoop), Francisco Clar\u00ed, han signat un acord intercooperatiu, en virtut de el qual treballaran conjuntament <a class=\"mh-excerpt-more\" href=\"https:\/\/tucomarca.whitekongsoftware.com\/ca\/les-cooperatives-de-lalcudia-i-dalzira-signen-un-acord-dintercooperacio\/\" title=\"Les cooperatives de l&#8217;Alc\u00fadia i d&#8217;Alzira signen un acord d&#8217;intercooperaci\u00f3\">[+] <\/a><\/div>\n","protected":false},"author":1,"featured_media":108560,"comment_status":"open","ping_status":"open","sticky":false,"template":"","format":"standard","meta":{"footnotes":""},"categories":[10905,10982,10889,10990,10991,10898,10994,10948,10995,10894,10902,10997,10896],"tags":[10402,11192,11076,10463,3640,11077],"class_list":["post-108564","post","type-post","status-publish","format-standard","has-post-thumbnail","category-agricultura-la-comarca-ca","category-alfarp-ca","category-alzira-cat","category-carlet-ca","category-catadau-ca","category-ventana-ca","category-guadassuar-ca","category-infraestructuras-ca","category-lalcudia-ca","category-la-comarca-ca","category-la-ribera-ca","category-llombai-ca","category-seccion-ca","tag-alzira","tag-alzira-ca","tag-lalcudia-ca","tag-lalcudia","tag-la-ribera-alta","tag-la-ribera-alta-ca"],"_links":{"self":[{"href":"https:\/\/tucomarca.whitekongsoftware.com\/ca\/wp-json\/wp\/v2\/posts\/108564","targetHints":{"allow":["GET"]}}],"collection":[{"href":"https:\/\/tucomarca.whitekongsoftware.com\/ca\/wp-json\/wp\/v2\/posts"}],"about":[{"href":"https:\/\/tucomarca.whitekongsoftware.com\/ca\/wp-json\/wp\/v2\/types\/post"}],"author":[{"embeddable":true,"href":"https:\/\/tucomarca.whitekongsoftware.com\/ca\/wp-json\/wp\/v2\/users\/1"}],"replies":[{"embeddable":true,"href":"https:\/\/tucomarca.whitekongsoftware.com\/ca\/wp-json\/wp\/v2\/comments?post=108564"}],"version-history":[{"count":0,"href":"https:\/\/tucomarca.whitekongsoftware.com\/ca\/wp-json\/wp\/v2\/posts\/108564\/revisions"}],"wp:featuredmedia":[{"embeddable":true,"href":"https:\/\/tucomarca.whitekongsoftware.com\/ca\/wp-json\/wp\/v2\/media\/108560"}],"wp:attachment":[{"href":"https:\/\/tucomarca.whitekongsoftware.com\/ca\/wp-json\/wp\/v2\/media?parent=108564"}],"wp:term":[{"taxonomy":"category","embeddable":true,"href":"https:\/\/tucomarca.whitekongsoftware.com\/ca\/wp-json\/wp\/v2\/categories?post=108564"},{"taxonomy":"post_tag","embeddable":true,"href":"https:\/\/tucomarca.whitekongsoftware.com\/ca\/wp-json\/wp\/v2\/tags?post=108564"}],"curies":[{"name":"wp","href":"https:\/\/api.w.org\/{rel}","templated":true}]}}