{"id":108545,"date":"2020-06-14T11:43:04","date_gmt":"2020-06-14T09:43:04","guid":{"rendered":"http:\/\/www.tucomarca.com\/wordpress\/segunda\/?p=108545"},"modified":"2020-06-15T12:23:45","modified_gmt":"2020-06-15T10:23:45","slug":"ximo-puig-anuncia-una-fase-3-avancada-a-la-comunitat-que-permeti-salvar-treballs-i-empreses-i-assegurar-el-futur-de-la-societat-valenciana","status":"publish","type":"post","link":"https:\/\/tucomarca.whitekongsoftware.com\/ca\/ximo-puig-anuncia-una-fase-3-avancada-a-la-comunitat-que-permeti-salvar-treballs-i-empreses-i-assegurar-el-futur-de-la-societat-valenciana\/","title":{"rendered":"Ximo Puig anuncia una &#8220;fase 3 avan\u00e7ada&#8221; a la Comunitat que permeta &#8220;salvar treballs i empreses&#8221; i assegurar el futur de la societat valenciana"},"content":{"rendered":"\n<p class=\"wp-block-paragraph\">El president de la Generalitat, Ximo Puig, ha anunciat una &#8220;fase 3 avan\u00e7ada&#8221; a la Comunitat que permeti &#8220;salvar treballs i empreses&#8221; i assegurar el futur de la societat valenciana. &#8220;Junts hem salvat vides&#8221;, ha emfatitzat el cap de el Consell i, &#8220;ara ha arribat l&#8217;hora d&#8217;aixecar-nos amb determinaci\u00f3&#8221;.<\/p>\n\n\n\n<p class=\"wp-block-paragraph\">&#8220;La Generalitat recupera totes les seves compet\u00e8ncies, que havien estat suspeses de manera temporal per l&#8217;estat d&#8217;alarma&#8221;, ha asseverat el president, que ha pronunciat una declaraci\u00f3 institucional aquest dissabte amb motiu de la passada a la fase 3 de la Comunitat Valenciana a partir de aquest dilluns, 15 de juny.<\/p>\n\n\n\n<p class=\"wp-block-paragraph\">Segons Puig, amb el disseny d&#8217;una fase 3 avan\u00e7ada &#8220;m\u00e9s oberta que la normativa de l&#8217;Ministeri de Sanitat&#8221; i &#8220;adoptant amb responsabilitat totes les mesures de prud\u00e8ncia, higiene i protecci\u00f3 necess\u00e0ries, com est\u00e0 fent la ciutadania, ha arribat el moment de flexibilitzar a l&#8217;m\u00e0xim les restriccions &#8220;, que en la seva opini\u00f3,&#8221; han limitat la vida familiar i social de la ciutadania i que han impedit, o retallat de manera considerable, l&#8217;activitat dels comer\u00e7os, d&#8217;aut\u00f2noms i empreses valencianes &#8220;.<\/p>\n\n\n\n<p class=\"wp-block-paragraph\"><strong>Llibertat de moviments<\/strong><\/p>\n\n\n\n<p class=\"wp-block-paragraph\">El m\u00e0xim responsable de l&#8217;executiu valenci\u00e0 ha detallat que en el decret que s&#8217;ha publicat aquest migdia al Diari Oficial de la Generalitat Valenciana i que regula les normes que entren en vigor a partir de la mitjanit de diumenge que ve a dilluns, es contemplen, entre altres mesures, ampliacions significatives dels aforaments m\u00e0xims d&#8217;ocupaci\u00f3 en establiments i instal\u00b7lacions, i l&#8217;augment de la dimensi\u00f3 dels grups en per exercir determinades activitats.<\/p>\n\n\n\n<p class=\"wp-block-paragraph\">En aquest sentit, el decret de president de la Generalitat, fixa aforaments m\u00e0xims d&#8217;ocupaci\u00f3 en establiments i instal\u00b7lacions de l&#8217;75% a tots els efectes, davant el 50% proposat en l&#8217;ordre de l&#8217;Ministeri de Sanitat, i tamb\u00e9 les capacitats m\u00e0ximes en actes a l&#8217; aire lliure augmenten respecte a l&#8217;criteri gen\u00e8ric.<\/p>\n\n\n\n<p class=\"wp-block-paragraph\">A m\u00e9s, la dist\u00e0ncia social m\u00ednima passa a ser d&#8217;un metre i mig i, en cas que no es pugui mantenir aquesta dist\u00e0ncia interpersonal de seguretat, ser\u00e0 obligatori l&#8217;\u00fas de la mascareta. Aix\u00ed mateix, desapareixen totes les franges hor\u00e0ries.<\/p>\n\n\n\n<p class=\"wp-block-paragraph\">D&#8217;altra banda, desapareixen les restriccions a la llibertat de moviments per les diferents comarques de Castell\u00f3, Val\u00e8ncia i Alacant. &#8220;Tal com hav\u00edem demanat, conformem una unitat territorial i tots els ciutadans i ciutadanes podrem moure&#8217;ns amb llibertat plena de nord a sud i d&#8217;est a oest de la Comunitat Valenciana&#8221; ha celebrat Puig.<\/p>\n\n\n\n<p class=\"wp-block-paragraph\">En aquest sentit, el m\u00e0xim responsable de el Consell ha agra\u00eft &#8220;la paci\u00e8ncia, comprensi\u00f3 i responsabilitat&#8221; mostrada per aquelles persones que tenen fam\u00edlia o una segona resid\u00e8ncia a una altra prov\u00edncia de la Comunitat Valenciana &#8220;i que porten gaireb\u00e9 100 dies sense poder veure els seus familiars o sense poder utilitzar el seu altre habitatge &#8220;.<\/p>\n\n\n\n<p class=\"wp-block-paragraph\"><strong>Reactivaci\u00f3 econ\u00f2mica, social i cultural<\/strong><\/p>\n\n\n\n<p class=\"wp-block-paragraph\">Pel que fa a el contingut concret de l&#8217;decret, que compta amb 53 articles i 6 disposicions, el president ha destacat tres blocs: el social i educatiu, el comercial i econ\u00f2mic, i el cultural, l\u00fadic i esportiu.<\/p>\n\n\n\n<p class=\"wp-block-paragraph\">En l&#8217;apartat social, el titular de el Consell ha explicat que les restriccions aplicables a cerim\u00f2nies, ritus i actes socials es flexibilitzen de manera que els aforaments queden de la seg\u00fcent manera: per a casaments i cerim\u00f2nies religioses, el 75% de l&#8217;aforament de l&#8217;espai o lloc de culte; per vetlles, un m\u00e0xim de 25 persones, i per comitives d&#8217;enterrament, fins a 50 persones.<\/p>\n\n\n\n<p class=\"wp-block-paragraph\">Pel que fa a l&#8217;\u00e0mbit educatiu es permet la reobertura, a partir de l&#8217;19 de juny, de les escoles infantils de titularitat municipal i privades de 0 a 3 anys; a Prim\u00e0ria, Secund\u00e0ria i Batxillerat s&#8217;inclou l&#8217;obligaci\u00f3 d&#8217;oferir tutories presencials a les fam\u00edlies i tamb\u00e9 s&#8217;introdueix la realitzaci\u00f3 d&#8217;activitats presencials, en grups redu\u00efts, per a l&#8217;alumnat que es presenti a les proves d&#8217;acc\u00e9s a la universitat, i en l&#8217;\u00e0mbit universitari, es repr\u00e8n l&#8217;activitat presencial de les pr\u00e0ctiques externes en les condicions que estableix el decret.<\/p>\n\n\n\n<p class=\"wp-block-paragraph\">Pel que fa a l&#8217;activitat econ\u00f2mica i comercial, per a la qual segons Puig, la Generalitat aposta per &#8220;una reactivaci\u00f3 m\u00e9s r\u00e0pida&#8221;, es contempla que l&#8217;ocupaci\u00f3 interior dels comer\u00e7os podr\u00e0 augmentar, a partir de dilluns, fins al 75% del seu aforament ; els mercats podran instal\u00b7lar fins al 75% dels seus llocs, i en els centres comercials es permetr\u00e0 ocupar fins al 75% de l&#8217;aforament a cada local comercial.<\/p>\n\n\n\n<p class=\"wp-block-paragraph\">Pel que fa a les fires comercials celebrades en recintes d&#8217;institucions firals, es podr\u00e0 arribar a l&#8217;75% d&#8217;aforament de cada pavell\u00f3 o estand, i pel que fa a la celebraci\u00f3 de congressos, trobades, reunions de negoci i confer\u00e8ncies, l&#8217;aforament m\u00e0xim ser\u00e0 de 100 persones .<\/p>\n\n\n\n<p class=\"wp-block-paragraph\">Pel que fa a el sector de la restauraci\u00f3, l&#8217;hostaleria i els hotels l&#8217;articulat de l&#8217;decret preveu una disminuci\u00f3 de les restriccions a tot el territori valenci\u00e0. Aix\u00ed, dins dels bars, cafeteries i restaurants, es permet fins al 75% del seu aforament i torna a estar autoritzat consumir a la barra amb la dist\u00e0ncia de seguretat d&#8217;un metre i mig; a les terrasses, s&#8217;autoritza el 100% de les taules, amb 2 metres de dist\u00e0ncia entre elles i sense que cap taula superi les 20 persones. Tamb\u00e9 es permet la reobertura a el p\u00fablic de discoteques i bars d&#8217;oci nocturn, amb un ter\u00e7 del seu aforament i sense poder ballar.<\/p>\n\n\n\n<p class=\"wp-block-paragraph\">Pel que fa als hotels i altres allotjaments tur\u00edstics, es reobren les zones comunes a l&#8217;75% del seu aforament i l&#8217;ocupaci\u00f3 general s&#8217;eleva tamb\u00e9 a aquest mateix percentatge de la seva capacitat legal, i la reobertura de locals de joc i apostes queda limitada a l&#8217;50 % de l&#8217;aforament.<\/p>\n\n\n\n<p class=\"wp-block-paragraph\">En l&#8217;\u00e0mbit cultural, el decret introdueixen novetats &#8220;que amplien la capacitat i l&#8217;activitat potencial d&#8217;un sector que necessita posar-se dret quan abans millor&#8221;, ha assenyalat Puig.<\/p>\n\n\n\n<p class=\"wp-block-paragraph\">Aix\u00ed, a les biblioteques, es permeten activitats culturals i d&#8217;estudi en sala fins al 75% del seu aforament i, en cas de no poder mantenir la dist\u00e0ncia de seguretat, s&#8217;utilitzar\u00e0 la mascareta; en els museus, sales d&#8217;exposicions i monuments les visites s&#8217;amplien fins al 75% de la seva capacitat, amb grups de 20 persones m\u00e0xim; en els cinemes, teatres, auditoris, circs i espais similars l&#8217;activitat t\u00e9 autoritzada una ocupaci\u00f3 del 75% del seu aforament, i amb un m\u00e0xim de 800 persones quan siguin espectacles a l&#8217;aire lliure; i en el cas de les activitats de les places de toros i altres recintes taurins, el l\u00edmit d&#8217;ocupaci\u00f3 ser\u00e0 de l&#8217;50%, com estableix el Govern d&#8217;Espanya.<\/p>\n\n\n\n<p class=\"wp-block-paragraph\">Pel que fa a l&#8217;oci, el text legal valenci\u00e0 preveu la reobertura dels parcs recreatius infantils; es permeten les escoles d&#8217;estiu a l&#8217;75% de la capacitat habitual de l&#8217;activitat, amb un m\u00e0xim de 250 participants a l&#8217;aire lliure o de 100 en espais tancats, i sempre en grups de 15 persones m\u00e0xim; i les piscines d&#8217;\u00fas recreatiu dels municipis de la Comunitat poden obrir amb un aforament perm\u00e8s de fins al 75% de la seva capacitat. Tamb\u00e9 podran obrir, en les mateixes circumst\u00e0ncies, les piscines comunit\u00e0ries d&#8217;edificis o urbanitzacions, aix\u00ed com les piscines d&#8217;hotels i allotjaments tur\u00edstics per\u00f2 no es podran utilitzar les fonts d&#8217;aigua de l&#8217;recinte i ser\u00e0 necess\u00e0ria una neteja i desinfecci\u00f3 exhaustiva en vestuaris, banys, gandules i altres elements.<\/p>\n\n\n\n<p class=\"wp-block-paragraph\">Pel que fa a l&#8217;turisme vinculat a l&#8217;oci, els zool\u00f2gics, aquaris, embarcacions tur\u00edstiques, esplais i les atraccions de fira poden acollir persones usu\u00e0ries fins al 75% del seu aforament i es permet realitzar guies tur\u00edstiques amb grups de fins a 20 persones.<\/p>\n\n\n\n<p class=\"wp-block-paragraph\">Pel que fa a l&#8217;\u00e0mbit de l&#8217;esport, la pr\u00e0ctica d&#8217;activitat esportiva, que fins a la data o b\u00e9 havia estat prohibida o b\u00e9 havia estat restringida a determinades franges hor\u00e0ries, &#8220;cobra ara un nou impuls&#8221;, ha afirmat Puig. &#8220;El confinament no era neutre, ni mental ni f\u00edsicament &#8211; ha prosseguit el president de la Generalitat- i ara necessitem tornar a l&#8217;exercici de la manera m\u00e9s intensa que permeten les indicacions sanit\u00e0ries&#8221;.<\/p>\n\n\n\n<p class=\"wp-block-paragraph\">En aquest sentit, el m\u00e0xim responsable de el Govern auton\u00f2mic ha anunciat que des de dilluns que &#8220;les activitats esportives de naturalesa a l&#8217;aire lliure, com ara senderisme, ciclisme, muntanyisme o escalada, es podran practicar lliurement dins del territori de la Comunitat Valenciana en grups de fins a 50 persones &#8220;.<\/p>\n\n\n\n<p class=\"wp-block-paragraph\"><strong>Agra\u00efment a l&#8217;esfor\u00e7 col\u00b7lectiu<\/strong><\/p>\n\n\n\n<p class=\"wp-block-paragraph\">El president de la Generalitat ha mostrat la seua gratitud a la ciutadania valenciana davant &#8220;el moment hist\u00f2ric&#8221; viscut, &#8220;un per\u00edode extraordinari amb moltes vides perdudes que portem i portarem en el record&#8221;, ha recordat, &#8220;per\u00f2 tamb\u00e9 ha estat un temps que ens ha unit m\u00e9s davant l&#8217;adversitat, com una gran fam\u00edlia guiada per la responsabilitat i la solidaritat col\u00b7lectiva &#8220;.<\/p>\n\n\n\n<p class=\"wp-block-paragraph\">&#8220;La Generalitat ha tingut el millor equip que mai ha somiat cap Govern: 5 milions de persones que s&#8217;han sacrificat pels altres&#8221;, ha emfatitzat Puig, que ha valorat el compliment &#8220;estricte&#8221; de l&#8217;confinament per part dels valencians, &#8220;amb un 92% de persones que s&#8217;han quedat a casa i que, fent aix\u00f2, han salvat 42.000 vides &#8220;.<\/p>\n\n\n\n<p class=\"wp-block-paragraph\">&#8220;Tot aquest llegat d&#8217;esfor\u00e7, fraternitat i ajuda m\u00fatua ser\u00e0 l&#8217;actiu que far\u00e0 aixecar la nostra terra&#8221;, ha declarat el m\u00e0xim responsable de Govern auton\u00f2mic, que ha remarcat que aquest proc\u00e9s s&#8217;ha dut a terme a la Comunitat Valenciana &#8220;sense crits, ni enfrontaments ni crispaci\u00f3 &#8220;.<\/p>\n\n\n\n<p class=\"wp-block-paragraph\">En aquest sentit, el president de la Generalitat tamb\u00e9 ha valorat i agra\u00eft l&#8217;actitud mostrada per tots els agents pol\u00edtics, sindicals, empresarials i institucionals, &#8220;el fruit ha estat un clima col\u00b7laboratiu, de lleialtat al nostre poble i de respecte a l&#8217;immens esfor\u00e7 de la societat &#8220;, ha afirmat.<\/p>\n\n\n\n<p class=\"wp-block-paragraph\">&#8220;Aquesta ha estat la via valenciana: responsabilitat, di\u00e0leg i acci\u00f3, sabent que ning\u00fa ho fa tot b\u00e9 i que la disculpa i la humilitat s\u00f3n ara m\u00e9s necess\u00e0ries que mai&#8221;, ha concl\u00f2s.<\/p>\n","protected":false},"excerpt":{"rendered":"<div class=\"mh-excerpt\">El president de la Generalitat, Ximo Puig, ha anunciat una &#8220;fase 3 avan\u00e7ada&#8221; a la Comunitat que permeti &#8220;salvar treballs i empreses&#8221; i assegurar el futur de la societat valenciana. &#8220;Junts hem salvat vides&#8221;, ha <a class=\"mh-excerpt-more\" href=\"https:\/\/tucomarca.whitekongsoftware.com\/ca\/ximo-puig-anuncia-una-fase-3-avancada-a-la-comunitat-que-permeti-salvar-treballs-i-empreses-i-assegurar-el-futur-de-la-societat-valenciana\/\" title=\"Ximo Puig anuncia una &#8220;fase 3 avan\u00e7ada&#8221; a la Comunitat que permeta &#8220;salvar treballs i empreses&#8221; i assegurar el futur de la societat valenciana\">[+] <\/a><\/div>\n","protected":false},"author":1,"featured_media":108543,"comment_status":"open","ping_status":"open","sticky":false,"template":"","format":"standard","meta":{"footnotes":""},"categories":[11010,12202,10898,10948,10894,10904,10903,10947,10896,10897],"tags":[11939,11940,11952],"class_list":["post-108545","post","type-post","status-publish","format-standard","has-post-thumbnail","category-canal-salud","category-covid-19-ca","category-ventana-ca","category-infraestructuras-ca","category-la-comarca-ca","category-sin-categorizar-ca","category-medio-ambiente-la-comarca-ca","category-politica","category-seccion-ca","category-sucesos-la-comarca-ca","tag-coronavirus-ca","tag-covid-19-ca","tag-covid2019-ca"],"_links":{"self":[{"href":"https:\/\/tucomarca.whitekongsoftware.com\/ca\/wp-json\/wp\/v2\/posts\/108545","targetHints":{"allow":["GET"]}}],"collection":[{"href":"https:\/\/tucomarca.whitekongsoftware.com\/ca\/wp-json\/wp\/v2\/posts"}],"about":[{"href":"https:\/\/tucomarca.whitekongsoftware.com\/ca\/wp-json\/wp\/v2\/types\/post"}],"author":[{"embeddable":true,"href":"https:\/\/tucomarca.whitekongsoftware.com\/ca\/wp-json\/wp\/v2\/users\/1"}],"replies":[{"embeddable":true,"href":"https:\/\/tucomarca.whitekongsoftware.com\/ca\/wp-json\/wp\/v2\/comments?post=108545"}],"version-history":[{"count":0,"href":"https:\/\/tucomarca.whitekongsoftware.com\/ca\/wp-json\/wp\/v2\/posts\/108545\/revisions"}],"wp:featuredmedia":[{"embeddable":true,"href":"https:\/\/tucomarca.whitekongsoftware.com\/ca\/wp-json\/wp\/v2\/media\/108543"}],"wp:attachment":[{"href":"https:\/\/tucomarca.whitekongsoftware.com\/ca\/wp-json\/wp\/v2\/media?parent=108545"}],"wp:term":[{"taxonomy":"category","embeddable":true,"href":"https:\/\/tucomarca.whitekongsoftware.com\/ca\/wp-json\/wp\/v2\/categories?post=108545"},{"taxonomy":"post_tag","embeddable":true,"href":"https:\/\/tucomarca.whitekongsoftware.com\/ca\/wp-json\/wp\/v2\/tags?post=108545"}],"curies":[{"name":"wp","href":"https:\/\/api.w.org\/{rel}","templated":true}]}}