{"id":108531,"date":"2020-06-12T19:18:44","date_gmt":"2020-06-12T17:18:44","guid":{"rendered":"http:\/\/www.tucomarca.com\/wordpress\/segunda\/?p=108531"},"modified":"2020-06-12T19:25:32","modified_gmt":"2020-06-12T17:25:32","slug":"lajuntament-de-turis-reconeix-el-comportament-del-veinat-durant-la-pandemia-de-la-covid-19","status":"publish","type":"post","link":"https:\/\/tucomarca.whitekongsoftware.com\/ca\/lajuntament-de-turis-reconeix-el-comportament-del-veinat-durant-la-pandemia-de-la-covid-19\/","title":{"rendered":"L\u2019Ajuntament de Tur\u00eds reconeix el comportament del ve\u00efnat durant la pand\u00e8mia de la Covid-19"},"content":{"rendered":"\n<p class=\"wp-block-paragraph\">\u201cEn reconeixement del comportament exemplar, la solidaritat i la responsabilitat social demostrada pel ve\u00efnat del poble de\u00a0Tur\u00eds\u00a0durant la pand\u00e8mia de la Covid-19\u201d, aix\u00ed resa la declaraci\u00f3 p\u00fablica que cont\u00e9 la moci\u00f3 d\u2019alcaldia aprovada al primer ple ordinari convocat a l\u2019ajuntament des de la declaraci\u00f3 de l\u2019estat d\u2019alarma i que s\u2019ha celebrat via telem\u00e0tica.<\/p>\n\n\n\n<p class=\"wp-block-paragraph\">L\u2019alcalde,&nbsp;Eugenio&nbsp;Forta\u00f1a, ha destacat la situaci\u00f3 extraordin\u00e0ria que estem vivint amb&nbsp;esta&nbsp;pand\u00e8mia, \u201cque la nostra societat mai haguera imaginat que ocorreria i que ha estat el moment m\u00e9s excepcional que han travessat al llarg de les seues vides&nbsp;v\u00e0ries&nbsp;generacions de la poblaci\u00f3\u201d.<\/p>\n\n\n\n<p class=\"wp-block-paragraph\">Malgrat la \u201cduresa\u201d del moment, \u201cel nostre ve\u00efnat ha respost amb la serenitat i la for\u00e7a necess\u00e0ries que ens han perm\u00e9s comprovar com, als moments dif\u00edcils, emergeix el millor de nosaltres, all\u00f2 que ens caracteritza com a poble\u201d.<\/p>\n\n\n\n<p class=\"wp-block-paragraph\">Especial menci\u00f3 es mereixen els&nbsp;col\u00b7lectius&nbsp;que d\u2019una manera o altra han treballat per salvaguardar la salut p\u00fablica. L\u2019alcalde de&nbsp;Tur\u00eds&nbsp;recorda a&nbsp;\u201cles&nbsp;costureres volunt\u00e0ries que han cosit les mascaretes; els llauradors que han posat a disposici\u00f3 p\u00fablica el millor que tenen; el&nbsp;col\u00b7lectiu&nbsp;sanitari local que ens ha cuidat; la gent professional i del comer\u00e7 local que ens ha prove\u00eft d&#8217;alimentaci\u00f3 i productes de primera necessitat o que ha tancat per a ajudar a&nbsp;contindre&nbsp;el virus; a la Policia Local, Protecci\u00f3 Civil i les Forces i Cossos de Seguretat, que ens han aconsellat i protegit de les infeccions; i a la brigada municipal i el personal funcionari que durant l\u2019estat d\u2019alarma han continuat donant servei a la nostra poblaci\u00f3.&nbsp;Estos&nbsp;i molts altres esfor\u00e7os han anat compassats i coordinats per l&#8217;acci\u00f3 de l&#8217;administraci\u00f3 municipal en el marc del pla de conting\u00e8ncia i desenvolupament local\u201d.<\/p>\n\n\n\n<p class=\"wp-block-paragraph\">\u201cTot a\u00e7\u00f2 ens fa sentir orgullosos i es mereix un reconeixement p\u00fablic com\u00a0este\u201d, assegura\u00a0Forta\u00f1a. \u201cUn homenatge que es completar\u00e0 f\u00edsicament amb la\u00a0instal\u00b7laci\u00f3\u00a0d\u2019una placa commemorativa a la porta de l\u2019ajuntament, i que servir\u00e0 de recordatori per a les futures generacions del desafiament que vam viure com a societat\u00a0l&#8217;any 2020\u00a0a conseq\u00fc\u00e8ncia de la pand\u00e8mia de la Covid-19\u201d.<\/p>\n","protected":false},"excerpt":{"rendered":"<div class=\"mh-excerpt\">\u201cEn reconeixement del comportament exemplar, la solidaritat i la responsabilitat social demostrada pel ve\u00efnat del poble de\u00a0Tur\u00eds\u00a0durant la pand\u00e8mia de la Covid-19\u201d, aix\u00ed resa la declaraci\u00f3 p\u00fablica que cont\u00e9 la moci\u00f3 d\u2019alcaldia aprovada al primer <a class=\"mh-excerpt-more\" href=\"https:\/\/tucomarca.whitekongsoftware.com\/ca\/lajuntament-de-turis-reconeix-el-comportament-del-veinat-durant-la-pandemia-de-la-covid-19\/\" title=\"L\u2019Ajuntament de Tur\u00eds reconeix el comportament del ve\u00efnat durant la pand\u00e8mia de la Covid-19\">[+] <\/a><\/div>\n","protected":false},"author":1,"featured_media":108529,"comment_status":"open","ping_status":"open","sticky":false,"template":"","format":"standard","meta":{"footnotes":""},"categories":[11010,12202,10948,10894,10902,10947,10896,10897,11047],"tags":[11939,11940,11952,11077,11093],"class_list":["post-108531","post","type-post","status-publish","format-standard","has-post-thumbnail","category-canal-salud","category-covid-19-ca","category-infraestructuras-ca","category-la-comarca-ca","category-la-ribera-ca","category-politica","category-seccion-ca","category-sucesos-la-comarca-ca","category-turis-ca","tag-coronavirus-ca","tag-covid-19-ca","tag-covid2019-ca","tag-la-ribera-alta-ca","tag-turis-ca"],"_links":{"self":[{"href":"https:\/\/tucomarca.whitekongsoftware.com\/ca\/wp-json\/wp\/v2\/posts\/108531","targetHints":{"allow":["GET"]}}],"collection":[{"href":"https:\/\/tucomarca.whitekongsoftware.com\/ca\/wp-json\/wp\/v2\/posts"}],"about":[{"href":"https:\/\/tucomarca.whitekongsoftware.com\/ca\/wp-json\/wp\/v2\/types\/post"}],"author":[{"embeddable":true,"href":"https:\/\/tucomarca.whitekongsoftware.com\/ca\/wp-json\/wp\/v2\/users\/1"}],"replies":[{"embeddable":true,"href":"https:\/\/tucomarca.whitekongsoftware.com\/ca\/wp-json\/wp\/v2\/comments?post=108531"}],"version-history":[{"count":0,"href":"https:\/\/tucomarca.whitekongsoftware.com\/ca\/wp-json\/wp\/v2\/posts\/108531\/revisions"}],"wp:featuredmedia":[{"embeddable":true,"href":"https:\/\/tucomarca.whitekongsoftware.com\/ca\/wp-json\/wp\/v2\/media\/108529"}],"wp:attachment":[{"href":"https:\/\/tucomarca.whitekongsoftware.com\/ca\/wp-json\/wp\/v2\/media?parent=108531"}],"wp:term":[{"taxonomy":"category","embeddable":true,"href":"https:\/\/tucomarca.whitekongsoftware.com\/ca\/wp-json\/wp\/v2\/categories?post=108531"},{"taxonomy":"post_tag","embeddable":true,"href":"https:\/\/tucomarca.whitekongsoftware.com\/ca\/wp-json\/wp\/v2\/tags?post=108531"}],"curies":[{"name":"wp","href":"https:\/\/api.w.org\/{rel}","templated":true}]}}