{"id":108475,"date":"2020-06-11T23:22:01","date_gmt":"2020-06-11T21:22:01","guid":{"rendered":"http:\/\/www.tucomarca.com\/wordpress\/segunda\/?p=108475"},"modified":"2020-06-11T23:22:29","modified_gmt":"2020-06-11T21:22:29","slug":"dos-morts-i-24-nous-contagis-de-coronavirus-en-les-ultimes-24-hores-a-la-comunitat","status":"publish","type":"post","link":"https:\/\/tucomarca.whitekongsoftware.com\/ca\/dos-morts-i-24-nous-contagis-de-coronavirus-en-les-ultimes-24-hores-a-la-comunitat\/","title":{"rendered":"Dos morts i 24 nous contagis de coronavirus en les \u00faltimes 24 hores a la Comunitat"},"content":{"rendered":"\n<p class=\"wp-block-paragraph\">La consellera de Sanitat Universal i Salut P\u00fablica, Ana Barcel\u00f3, ha actualitzat aquesta tarda les dades de la incid\u00e8ncia de coronavirus a la Comunitat Valenciana.<\/p>\n\n\n\n<p class=\"wp-block-paragraph\">Barcel\u00f3 ha destacat que &#8220;les altes a pacients amb coronavirus ens confirmen que anem pel bon cam\u00ed&#8221;, ja que en nom\u00e9s una setmana s&#8217;ha incrementat un 8% el nombre de persones curades a la Comunitat i suposen m\u00e9s de l&#8217;78% dels casos detectats des de l&#8217;inici de la pand\u00e8mia. En total 895 persones han superat la malaltia en els darrers 7 dies, 140 d&#8217;elles en les \u00faltimes 24 hores. La distribuci\u00f3 per prov\u00edncies \u00e9s la seg\u00fcent: 1.597 a la prov\u00edncia de Castell\u00f3, 4.703 a la d&#8217;Alacant i 7.123 a la de Val\u00e8ncia, a les quals cal sumar unes altres 5 corresponents a despla\u00e7ats.<\/p>\n\n\n\n<p class=\"wp-block-paragraph\">La consellera ha volgut tamb\u00e9 destacar el descens que s&#8217;ha produ\u00eft en el nombre de persones ingressades i en les Unitats de Cures Intensives. En una setmana, ha baixat un 30% el nombre de pacients hospitalitzats, aix\u00ed com els que requereixen cures intensives, que s\u00f3n d&#8217;un 36,3% menys. A hores d&#8217;ara, s\u00f3n nom\u00e9s 115 les persones ingressades en tota la Comunitat Valenciana, 14 d&#8217;elles a UCI: 11 a la prov\u00edncia de Castell\u00f3, d&#8217;ells 2 a la UCI; 43 a la prov\u00edncia d&#8217;Alacant, d&#8217;ells 8 a la UCI; i 61 a la prov\u00edncia de Val\u00e8ncia, d&#8217;ells 4 a la UCI.<\/p>\n\n\n\n<p class=\"wp-block-paragraph\">Pel que fa a casos positius nous, des de l&#8217;actualitzaci\u00f3 d&#8217;aquest dimecres s&#8217;han detectat 24 casos a trav\u00e9s de PCR, que eleven a 11.381 el total de positius des que va comen\u00e7ar la pand\u00e8mia. El desglossament per prov\u00edncies \u00e9s el que segueix:<\/p>\n\n\n\n<p class=\"wp-block-paragraph\">\u00b7 3 a Castell\u00f3 (1.589 en total)<\/p>\n\n\n\n<p class=\"wp-block-paragraph\">\u00b7 2 a Alacant (3.939 en total)<\/p>\n\n\n\n<p class=\"wp-block-paragraph\">\u00b7 17 a Val\u00e8ncia (5.848 en total)<\/p>\n\n\n\n<p class=\"wp-block-paragraph\">\u00b7 2 casos sense assignar<\/p>\n\n\n\n<p class=\"wp-block-paragraph\">\u00b7 3 casos no assignats (no nous)<\/p>\n\n\n\n<p class=\"wp-block-paragraph\">A hores d&#8217;ara, queden actius 2.315 casos, un 13,4% de tots els casos detectats des de l&#8217;inici de la pand\u00e8mia.<\/p>\n\n\n\n<p class=\"wp-block-paragraph\">El nombre d&#8217;altes de professionals sanitaris \u00e9s de 2.246 i el nombre total de positius en professionals a hores d&#8217;ara \u00e9s de 503.<\/p>\n\n\n\n<p class=\"wp-block-paragraph\">S&#8217;han notificat dos nous morts per coronavirus, de manera que el total ascendeix a 1.454 persones: 223 a la prov\u00edncia de Castell\u00f3, 507 a la d&#8217;Alacant i 724 a la de Val\u00e8ncia.<\/p>\n\n\n\n<p class=\"wp-block-paragraph\">El nombre total de proves dutes a terme per a la detecci\u00f3 de l&#8217;coronavirus ha estat de 379.293, de les quals 267.175 han estat a trav\u00e9s de PCR i 112.118 a trav\u00e9s de test r\u00e0pid.<\/p>\n\n\n\n<p class=\"wp-block-paragraph\">Actualitzaci\u00f3 de la situaci\u00f3 en resid\u00e8ncies<\/p>\n\n\n\n<p class=\"wp-block-paragraph\">Actualment hi ha algun cas positiu en 52 centres: 7 a la prov\u00edncia de Castell\u00f3, 14 a la d&#8217;Alacant i 31 a la de Val\u00e8ncia.<\/p>\n\n\n\n<p class=\"wp-block-paragraph\">\u00b7 Residents nous positius: 4<\/p>\n\n\n\n<p class=\"wp-block-paragraph\">\u00b7 Treballadors nous positius: 0<\/p>\n\n\n\n<p class=\"wp-block-paragraph\">\u00b7 Residents morts: 2<\/p>\n\n\n\n<p class=\"wp-block-paragraph\">A hores d&#8217;ara, es troben sota vigil\u00e0ncia activa de control sanitari 28 resid\u00e8ncies a la Comunitat Valenciana: 8 a la prov\u00edncia de Castell\u00f3, 7 a la prov\u00edncia d&#8217;Alacant i 13 a la prov\u00edncia de Val\u00e8ncia.<\/p>\n","protected":false},"excerpt":{"rendered":"<div class=\"mh-excerpt\">La consellera de Sanitat Universal i Salut P\u00fablica, Ana Barcel\u00f3, ha actualitzat aquesta tarda les dades de la incid\u00e8ncia de coronavirus a la Comunitat Valenciana. Barcel\u00f3 ha destacat que &#8220;les altes a pacients amb coronavirus <a class=\"mh-excerpt-more\" href=\"https:\/\/tucomarca.whitekongsoftware.com\/ca\/dos-morts-i-24-nous-contagis-de-coronavirus-en-les-ultimes-24-hores-a-la-comunitat\/\" title=\"Dos morts i 24 nous contagis de coronavirus en les \u00faltimes 24 hores a la Comunitat\">[+] <\/a><\/div>\n","protected":false},"author":1,"featured_media":102185,"comment_status":"open","ping_status":"open","sticky":false,"template":"","format":"standard","meta":{"footnotes":""},"categories":[11010,10898,10948,10894,10904,10903,10947,10896,10897],"tags":[11939,11940,11952],"class_list":["post-108475","post","type-post","status-publish","format-standard","has-post-thumbnail","category-canal-salud","category-ventana-ca","category-infraestructuras-ca","category-la-comarca-ca","category-sin-categorizar-ca","category-medio-ambiente-la-comarca-ca","category-politica","category-seccion-ca","category-sucesos-la-comarca-ca","tag-coronavirus-ca","tag-covid-19-ca","tag-covid2019-ca"],"_links":{"self":[{"href":"https:\/\/tucomarca.whitekongsoftware.com\/ca\/wp-json\/wp\/v2\/posts\/108475","targetHints":{"allow":["GET"]}}],"collection":[{"href":"https:\/\/tucomarca.whitekongsoftware.com\/ca\/wp-json\/wp\/v2\/posts"}],"about":[{"href":"https:\/\/tucomarca.whitekongsoftware.com\/ca\/wp-json\/wp\/v2\/types\/post"}],"author":[{"embeddable":true,"href":"https:\/\/tucomarca.whitekongsoftware.com\/ca\/wp-json\/wp\/v2\/users\/1"}],"replies":[{"embeddable":true,"href":"https:\/\/tucomarca.whitekongsoftware.com\/ca\/wp-json\/wp\/v2\/comments?post=108475"}],"version-history":[{"count":0,"href":"https:\/\/tucomarca.whitekongsoftware.com\/ca\/wp-json\/wp\/v2\/posts\/108475\/revisions"}],"wp:featuredmedia":[{"embeddable":true,"href":"https:\/\/tucomarca.whitekongsoftware.com\/ca\/wp-json\/wp\/v2\/media\/102185"}],"wp:attachment":[{"href":"https:\/\/tucomarca.whitekongsoftware.com\/ca\/wp-json\/wp\/v2\/media?parent=108475"}],"wp:term":[{"taxonomy":"category","embeddable":true,"href":"https:\/\/tucomarca.whitekongsoftware.com\/ca\/wp-json\/wp\/v2\/categories?post=108475"},{"taxonomy":"post_tag","embeddable":true,"href":"https:\/\/tucomarca.whitekongsoftware.com\/ca\/wp-json\/wp\/v2\/tags?post=108475"}],"curies":[{"name":"wp","href":"https:\/\/api.w.org\/{rel}","templated":true}]}}