{"id":108440,"date":"2020-06-11T17:30:17","date_gmt":"2020-06-11T15:30:17","guid":{"rendered":"http:\/\/www.tucomarca.com\/wordpress\/segunda\/?p=108440"},"modified":"2020-06-11T19:25:59","modified_gmt":"2020-06-11T17:25:59","slug":"turisme-presenta-una-guia-de-recomanacions-i-protocols-per-a-millorar-la-seguretat-dels-destins-dinterior-davant-de-la-covid-19","status":"publish","type":"post","link":"https:\/\/tucomarca.whitekongsoftware.com\/ca\/turisme-presenta-una-guia-de-recomanacions-i-protocols-per-a-millorar-la-seguretat-dels-destins-dinterior-davant-de-la-covid-19\/","title":{"rendered":"Turisme presenta una guia de recomanacions i protocols per a millorar la seguretat dels destins d&#8217;interior davant de la Covid-19"},"content":{"rendered":"\n<p class=\"wp-block-paragraph\"><strong>Francesc Colomer ha participat en un seminari web on s&#8217;ha explicat el contingut de la guia<\/strong><\/p>\n\n\n\n<p class=\"wp-block-paragraph\"><strong>En la guia s&#8217;indiquen mesures a tindre en compte en els accessos, el mobiliari urb\u00e0, els recursos naturals, zones de bany, rutes, \u00e0rees de recreaci\u00f3, museus, aix\u00ed com allotjaments i restauraci\u00f3<\/strong><\/p>\n\n\n\n<p class=\"wp-block-paragraph\">Turisme Comunitat Valenciana ha presentat una guia de recomanacions i protocols per millorar la seguretat de les destinacions d&#8217;interior davant la COVID-19.<\/p>\n\n\n\n<p class=\"wp-block-paragraph\">El secretari auton\u00f2mic de Turisme, Francesc Colomer, ha presentat la guia &#8216;Destinacions d&#8217;Interior Assegurances&#8217; en un seminari web adre\u00e7at als municipis d&#8217;interior, la Federaci\u00f3 Valenciana de Municipis i Prov\u00edncies i les sis marques tur\u00edstiques de la Comunitat Valenciana, en el qual tamb\u00e9 han participat el soci director de Solucions Tur\u00edstiques, Alberto Galloso i el president de la Federaci\u00f3 Valenciana de Municipis i Prov\u00edncies, Eugeni de Manuel.<\/p>\n\n\n\n<p class=\"wp-block-paragraph\">Colomer ha explicat que &#8220;en la nova normalitat provocada per la COVID-19 les restriccions de viatges internacionals, les limitacions en el tr\u00e0nsit aeri i la sensaci\u00f3 generalitzada que l&#8217;interior \u00e9s un espai \u00f2ptim, menys massificat i m\u00e9s adequat per mantenir la dist\u00e0ncia social generaran tr\u00e0nsit tur\u00edstic cap a les destinacions d&#8217;interior de la Comunitat &#8220;.<\/p>\n\n\n\n<p class=\"wp-block-paragraph\">Aquesta guia s&#8217;ha elaborat des del Comit\u00e8 T\u00e8cnic Cient\u00edfic creat per Turisme Comunitat Valenciana, que tamb\u00e9 va participar en l&#8217;elaboraci\u00f3 de la guia de &#8216;Platges Segures&#8217;.<\/p>\n\n\n\n<p class=\"wp-block-paragraph\">El responsable de Turisme ha assenyalat que &#8220;hem d&#8217;acabar amb la por perqu\u00e8 la gent es torne a sentir lliure per viatjar, per moure amb tranquil\u00b7litat, perqu\u00e8 el turisme es basa en aix\u00f2, en poder gaudir de la teua llibertat, per aix\u00f2 la seguretat \u00e9s fonamental per a nosaltres i per al nostre dest\u00ed &#8220;.<\/p>\n\n\n\n<p class=\"wp-block-paragraph\">Aix\u00ed mateix, ha ressaltat que &#8220;aquesta guia per a la Mediterr\u00e0nia rural ens ajudar\u00e0 a gaudir d&#8217;espais ara m\u00e9s valorats, amb menys congesti\u00f3 i m\u00e9s atractius en aquest temps&#8221;.<\/p>\n\n\n\n<p class=\"wp-block-paragraph\">Per la seva banda, el president de la FVMP, Eugeni de Manuel, ha agra\u00eft la possibilitat que &#8220;la FVMP, com a instrument cohesionador, estigui present en aquestes accions per refor\u00e7ar les destinacions tur\u00edstiques d&#8217;interior&#8221; i ha afegit que &#8220;en aquesta guia combinem destresa i coneixement dels experts com l&#8217;experi\u00e8ncia dels t\u00e8cnics que estan a primera l\u00ednia en aquests municipis &#8220;.<\/p>\n\n\n\n<p class=\"wp-block-paragraph\">Per aix\u00f2, ha assenyalat que &#8220;per ajudar les destinacions d&#8217;interior i empreses gestores d&#8217;activitats tur\u00edstiques en aquestes zones, des de Turisme Comunitat Valenciana hem editat una Guia de Recomanacions davant la COVID19 per gaudir d&#8217;uns destinacions tur\u00edstiques d&#8217;interior segurs&#8221;.<\/p>\n\n\n\n<p class=\"wp-block-paragraph\">Al manual s&#8217;indiquen mesures a tenir en compte pel que fa als accessos, el mobiliari urb\u00e0, els recursos naturals, zones de bany, rutes, \u00e0rees d&#8217;esbarjo, museus, allotjaments i restauraci\u00f3, balnearis i cellers, o activitats de turisme actiu.<\/p>\n\n\n\n<p class=\"wp-block-paragraph\">A m\u00e9s, la guia inclou una plantilla gen\u00e8rica amb una &#8216;check list&#8217; sobre la qual cada destinaci\u00f3 pot definir el seu pla de seguretat de forma m\u00e9s senzilla.<\/p>\n\n\n\n<p class=\"wp-block-paragraph\"><strong>Principals propostes<\/strong><\/p>\n\n\n\n<p class=\"wp-block-paragraph\">Mitjan\u00e7ant aquesta guia s&#8217;informa als ajuntaments de diferents suggeriments per garantir destinacions segurs a l&#8217;interior. En aquesta l\u00ednia, el document recomana la governan\u00e7a a trav\u00e9s d&#8217;un ens gestor en mat\u00e8ria de seguretat.<\/p>\n\n\n\n<p class=\"wp-block-paragraph\">Tamb\u00e9 introdueix recomanacions de seguretat en els accessos, mobiliari urb\u00e0, recursos naturals o patrimonials, rutes de bany, aix\u00ed com en jardins i \u00e0rees d&#8217;esbarjo.<\/p>\n\n\n\n<p class=\"wp-block-paragraph\">Aix\u00ed, suggereix la instal\u00b7laci\u00f3 de cartells d&#8217;informaci\u00f3 amb el codi de conducta que s&#8217;espera dels turistes en els accessos, aix\u00ed com establir zones d&#8217;aparcament dissuasoris per al potencial augment de vehicles privats.<\/p>\n\n\n\n<p class=\"wp-block-paragraph\">Pel que fa a l&#8217;mobiliari urb\u00e0, es recomana el refor\u00e7 de neteja de superf\u00edcies de gran contacte com baranes, aix\u00ed com el tancament de fonts.<\/p>\n\n\n\n<p class=\"wp-block-paragraph\">En el cas d&#8217;espais oberts, tant naturals com patrimonials, se suggereix establir vies d&#8217;acc\u00e9s i sortida \u00fanics per evitar l&#8217;encreuament de circulaci\u00f3.<\/p>\n\n\n\n<p class=\"wp-block-paragraph\">Per a les rutes es recomana establir punts d&#8217;acc\u00e9s i punts secundaris per prevenir els augments en l&#8217;aflu\u00e8ncia, per aix\u00f2 suggereix establir un doble carril per a la marxa en tots dos sentit.<\/p>\n\n\n\n<p class=\"wp-block-paragraph\">A m\u00e9s, apunta que l&#8217;ens gestor d&#8217;establir un procediment espec\u00edfic per a coordinar-se amb guies i empreses de turisme actiu que puguen treballar en aquests espais.<\/p>\n\n\n\n<p class=\"wp-block-paragraph\">Aix\u00ed mateix, si ho consideren les destinacions podran instal\u00b7lar panells informatius en els accessos de les diferents rutes, aix\u00ed com facilitar informaci\u00f3 en web i xarxes socials.<\/p>\n\n\n\n<p class=\"wp-block-paragraph\">Pel que fa a les zones de bany, la guia recomana que les piscines municipals compten amb un pla de conting\u00e8ncia espec\u00edfic que detallen les mesures establertes per les ordres ministerials. Pel que fa a les platges continentals, s&#8217;actuar\u00e0 d&#8217;acord amb el que estableix la guia de &#8216;Platges Segures&#8217; elaborada per Turisme CV.<\/p>\n\n\n\n<p class=\"wp-block-paragraph\">Els jardins, les \u00e0rees d&#8217;esbarjo i parcs infantils s&#8217;obriran a el p\u00fablic d&#8217;acord a les directrius proporcionades per les autoritats competents, tot i que \u00e9s potestat de l&#8217;\u00f2rgan gestor l&#8217;obertura i clausura dels mateixos atenent si pot garantir la seguretat. Com a mesura preventiva, es recomana la clausura fins a la nova normalitat.<\/p>\n\n\n\n<p class=\"wp-block-paragraph\">A m\u00e9s, la guia recull tamb\u00e9 recomanacions per a serveis tur\u00edstics i complementaris com museus o recursos patrimonials acotats; Tourist Info; allotjament; restauraci\u00f3; turisme actiu; guies de turisme; balnearis; esdeveniments i festes; aix\u00ed com visites a cellers i altres instal\u00b7lacions.<\/p>\n\n\n\n<p class=\"wp-block-paragraph\">La guia tamb\u00e9 destina un cap\u00edtol a recomanacions d&#8217;informaci\u00f3 i comunicaci\u00f3, on es recomana informar de manera clara i senzilla les mesures a la conducta esperada de l&#8217;usuari, a trav\u00e9s de missatges senzills i curts en suports i llocs visibles per als visitants.<\/p>\n\n\n\n<p class=\"wp-block-paragraph\">Finalment, s&#8217;ofereix una plantilla gen\u00e8rica amb una &#8216;check list&#8217; sobre la qual cada destinaci\u00f3 pot definir el seu pla de seguretat de forma m\u00e9s senzilla.<\/p>\n","protected":false},"excerpt":{"rendered":"<div class=\"mh-excerpt\">Francesc Colomer ha participat en un seminari web on s&#8217;ha explicat el contingut de la guia En la guia s&#8217;indiquen mesures a tindre en compte en els accessos, el mobiliari urb\u00e0, els recursos naturals, zones <a class=\"mh-excerpt-more\" href=\"https:\/\/tucomarca.whitekongsoftware.com\/ca\/turisme-presenta-una-guia-de-recomanacions-i-protocols-per-a-millorar-la-seguretat-dels-destins-dinterior-davant-de-la-covid-19\/\" title=\"Turisme presenta una guia de recomanacions i protocols per a millorar la seguretat dels destins d&#8217;interior davant de la Covid-19\">[+] <\/a><\/div>\n","protected":false},"author":12,"featured_media":108439,"comment_status":"open","ping_status":"open","sticky":false,"template":"","format":"standard","meta":{"footnotes":""},"categories":[11010,12202,10898,10948,10894,10903,11007,10947,10908,10909,10896,10897,11059],"tags":[11918,11939,11940,11952,12242,12243],"class_list":["post-108440","post","type-post","status-publish","format-standard","has-post-thumbnail","category-canal-salud","category-covid-19-ca","category-ventana-ca","category-infraestructuras-ca","category-la-comarca-ca","category-medio-ambiente-la-comarca-ca","category-ocio-y-cultura-ca","category-politica","category-requena-ca","category-requena-utiel-ca","category-seccion-ca","category-sucesos-la-comarca-ca","category-utiel-ca","tag-agencia-valenciana-de-turismo-ca","tag-coronavirus-ca","tag-covid-19-ca","tag-covid2019-ca","tag-federacion-valenciana-de-municipios-y-provincias-ca","tag-turismo-de-interior-ca"],"_links":{"self":[{"href":"https:\/\/tucomarca.whitekongsoftware.com\/ca\/wp-json\/wp\/v2\/posts\/108440","targetHints":{"allow":["GET"]}}],"collection":[{"href":"https:\/\/tucomarca.whitekongsoftware.com\/ca\/wp-json\/wp\/v2\/posts"}],"about":[{"href":"https:\/\/tucomarca.whitekongsoftware.com\/ca\/wp-json\/wp\/v2\/types\/post"}],"author":[{"embeddable":true,"href":"https:\/\/tucomarca.whitekongsoftware.com\/ca\/wp-json\/wp\/v2\/users\/12"}],"replies":[{"embeddable":true,"href":"https:\/\/tucomarca.whitekongsoftware.com\/ca\/wp-json\/wp\/v2\/comments?post=108440"}],"version-history":[{"count":0,"href":"https:\/\/tucomarca.whitekongsoftware.com\/ca\/wp-json\/wp\/v2\/posts\/108440\/revisions"}],"wp:featuredmedia":[{"embeddable":true,"href":"https:\/\/tucomarca.whitekongsoftware.com\/ca\/wp-json\/wp\/v2\/media\/108439"}],"wp:attachment":[{"href":"https:\/\/tucomarca.whitekongsoftware.com\/ca\/wp-json\/wp\/v2\/media?parent=108440"}],"wp:term":[{"taxonomy":"category","embeddable":true,"href":"https:\/\/tucomarca.whitekongsoftware.com\/ca\/wp-json\/wp\/v2\/categories?post=108440"},{"taxonomy":"post_tag","embeddable":true,"href":"https:\/\/tucomarca.whitekongsoftware.com\/ca\/wp-json\/wp\/v2\/tags?post=108440"}],"curies":[{"name":"wp","href":"https:\/\/api.w.org\/{rel}","templated":true}]}}