{"id":108432,"date":"2020-06-11T18:51:47","date_gmt":"2020-06-11T16:51:47","guid":{"rendered":"http:\/\/www.tucomarca.com\/wordpress\/segunda\/?p=108432"},"modified":"2020-06-11T18:53:17","modified_gmt":"2020-06-11T16:53:17","slug":"el-circuit-de-xest-celebrara-dos-grans-premis-els-dies-8-i-15-de-novembre","status":"publish","type":"post","link":"https:\/\/tucomarca.whitekongsoftware.com\/ca\/el-circuit-de-xest-celebrara-dos-grans-premis-els-dies-8-i-15-de-novembre\/","title":{"rendered":"El Circuit de Xest celebrar\u00e0 dos grans premis els dies 8 i 15 de novembre"},"content":{"rendered":"\n<p class=\"wp-block-paragraph\">El Circuit Ricardo Tormo tornar\u00e0 a ser clau en el Campionat d&#8217;el M\u00f3n de Motociclisme 2020. Xest ser\u00e0 la seu de les dues \u00faltimes cites de MotoGP els dies 8 i 15 de novembre segons el calendari europeu que ha estat anunciat aquest dijous.<\/p>\n\n\n\n<p class=\"wp-block-paragraph\">El mundial es reiniciar\u00e0 a porta tancada al circuit de Jerez els propers dies 19 i 26 de juliol amb dues proves consecutives. Posteriorment, se celebraran carreres en els circuits de Brno (Rep\u00fablica Txeca), a Red Bull Ring (\u00c0ustria), a Misano (It\u00e0lia), a Le Mans (Fran\u00e7a), i en els circuits espanyols de Barcelona-Catalunya i Motorland Arag\u00f3. Les \u00faltimes cites anunciades s\u00f3n el Gran Premi d&#8217;Europa per als dies 6, 7 i 8 de novembre i el Gran Premi de la Comunitat Valenciana, els dies 14, 15 i 16 de novembre que tancaran el campionat a Xest.<\/p>\n\n\n\n<p class=\"wp-block-paragraph\">La proposta deixa en l&#8217;aire la possibilitat de c\u00f3rrer alguna de les curses programades fora d&#8217;Europa que encara no han estat cancel\u00b7lades, com en el cas de les proves d&#8217;Argentina, Estats Units, Tail\u00e0ndia i Mal\u00e0isia. No obstant aix\u00f2, nom\u00e9s se celebraran si les autoritats sanit\u00e0ries de cada un dels pa\u00efsos permeten la celebraci\u00f3 dels esdeveniments amb p\u00fablic a les grades.<\/p>\n\n\n\n<p class=\"wp-block-paragraph\"><strong>Acc\u00e9s de l&#8217;afici\u00f3<\/strong><\/p>\n\n\n\n<p class=\"wp-block-paragraph\">Tal com va succeir amb els primers canvis de data en el mes de mar\u00e7, el Circuit Ricardo Tormo obrir\u00e0 la possibilitat als aficionats que vulguin sol\u00b7licitar la devoluci\u00f3 de diners de les seves entrades ja adquirides.<\/p>\n\n\n\n<p class=\"wp-block-paragraph\">En funci\u00f3 de l&#8217;evoluci\u00f3 de la pand\u00e8mia, i sempre tenint en compte la decisi\u00f3 de les autoritats sanit\u00e0ries a l&#8217;respecte, tant el Gran Premi d&#8217;Europa com el Gran Premi de la Comunitat Valenciana podrien celebrar amb p\u00fablic a les grades.<\/p>\n","protected":false},"excerpt":{"rendered":"<div class=\"mh-excerpt\">El Circuit Ricardo Tormo tornar\u00e0 a ser clau en el Campionat d&#8217;el M\u00f3n de Motociclisme 2020. Xest ser\u00e0 la seu de les dues \u00faltimes cites de MotoGP els dies 8 i 15 de novembre segons <a class=\"mh-excerpt-more\" href=\"https:\/\/tucomarca.whitekongsoftware.com\/ca\/el-circuit-de-xest-celebrara-dos-grans-premis-els-dies-8-i-15-de-novembre\/\" title=\"El Circuit de Xest celebrar\u00e0 dos grans premis els dies 8 i 15 de novembre\">[+] <\/a><\/div>\n","protected":false},"author":1,"featured_media":108430,"comment_status":"open","ping_status":"open","sticky":false,"template":"","format":"standard","meta":{"footnotes":""},"categories":[11010,12202,11003,10898,10948,10894,10904,10912,11011,10896,10897,10974],"tags":[11939,11940,11952,11074,11264],"class_list":["post-108432","post","type-post","status-publish","format-standard","has-post-thumbnail","category-canal-salud","category-covid-19-ca","category-sports","category-ventana-ca","category-infraestructuras-ca","category-la-comarca-ca","category-sin-categorizar-ca","category-la-hoya-ca","category-motociclismo-ca","category-seccion-ca","category-sucesos-la-comarca-ca","category-cheste-ca","tag-coronavirus-ca","tag-covid-19-ca","tag-covid2019-ca","tag-deportes-ca","tag-esports-ca"],"_links":{"self":[{"href":"https:\/\/tucomarca.whitekongsoftware.com\/ca\/wp-json\/wp\/v2\/posts\/108432","targetHints":{"allow":["GET"]}}],"collection":[{"href":"https:\/\/tucomarca.whitekongsoftware.com\/ca\/wp-json\/wp\/v2\/posts"}],"about":[{"href":"https:\/\/tucomarca.whitekongsoftware.com\/ca\/wp-json\/wp\/v2\/types\/post"}],"author":[{"embeddable":true,"href":"https:\/\/tucomarca.whitekongsoftware.com\/ca\/wp-json\/wp\/v2\/users\/1"}],"replies":[{"embeddable":true,"href":"https:\/\/tucomarca.whitekongsoftware.com\/ca\/wp-json\/wp\/v2\/comments?post=108432"}],"version-history":[{"count":0,"href":"https:\/\/tucomarca.whitekongsoftware.com\/ca\/wp-json\/wp\/v2\/posts\/108432\/revisions"}],"wp:featuredmedia":[{"embeddable":true,"href":"https:\/\/tucomarca.whitekongsoftware.com\/ca\/wp-json\/wp\/v2\/media\/108430"}],"wp:attachment":[{"href":"https:\/\/tucomarca.whitekongsoftware.com\/ca\/wp-json\/wp\/v2\/media?parent=108432"}],"wp:term":[{"taxonomy":"category","embeddable":true,"href":"https:\/\/tucomarca.whitekongsoftware.com\/ca\/wp-json\/wp\/v2\/categories?post=108432"},{"taxonomy":"post_tag","embeddable":true,"href":"https:\/\/tucomarca.whitekongsoftware.com\/ca\/wp-json\/wp\/v2\/tags?post=108432"}],"curies":[{"name":"wp","href":"https:\/\/api.w.org\/{rel}","templated":true}]}}