{"id":108417,"date":"2020-06-11T19:00:42","date_gmt":"2020-06-11T17:00:42","guid":{"rendered":"http:\/\/www.tucomarca.com\/wordpress\/segunda\/?p=108417"},"modified":"2020-06-11T19:01:20","modified_gmt":"2020-06-11T17:01:20","slug":"exhaustiva-neteja-i-desinfeccio-del-beltran-baguena-de-bunyol-per-a-larrencada-dels-entrenaments-de-la-promocio-expres-a-tercera","status":"publish","type":"post","link":"https:\/\/tucomarca.whitekongsoftware.com\/ca\/exhaustiva-neteja-i-desinfeccio-del-beltran-baguena-de-bunyol-per-a-larrencada-dels-entrenaments-de-la-promocio-expres-a-tercera\/","title":{"rendered":"Exhaustiva neteja i desinfecci\u00f3 del Beltr\u00e1n B\u00e1guena de Bunyol per a l&#8217;arrencada dels entrenaments de la promoci\u00f3 expr\u00e9s a Tercera"},"content":{"rendered":"\n<p class=\"wp-block-paragraph\"><strong>Totes les estades han sigut desinfectades durant tota la setmana. Ahir es van realitzar els primers test per a jugadors, cos t\u00e8cnic i utillero. Tots van resultar negatius en Covid-19.<\/strong><\/p>\n\n\n\n<p class=\"wp-block-paragraph\"><strong>El regidor d&#8217;Esports bu\u00f1olense, Manuel Sierra, s&#8217;ha mostrat esperan\u00e7at en que el CD Bu\u00f1ol guanye la promoci\u00f3 expr\u00e9s i puge a Tercera Divisi\u00f3, &#8220;ser\u00eda el millor final d&#8217;una temporada hist\u00f3rica&#8221;.<\/strong><\/p>\n\n\n\n<ul class=\"wp-block-gallery columns-2 is-cropped wp-block-gallery-1 is-layout-flex wp-block-gallery-is-layout-flex\"><li class=\"blocks-gallery-item\"><figure><img loading=\"lazy\" decoding=\"async\" width=\"787\" height=\"590\" src=\"http:\/\/www.tucomarca.com\/wordpress\/segunda\/wp-content\/uploads\/2020\/06\/01campoCDBunyol.jpg\" alt=\"\" data-id=\"108400\" data-link=\"http:\/\/www.tucomarca.com\/wordpress\/segunda\/?attachment_id=108400\" class=\"wp-image-108400\" srcset=\"https:\/\/tucomarca.whitekongsoftware.com\/wp-content\/uploads\/2020\/06\/01campoCDBunyol.jpg 787w, https:\/\/tucomarca.whitekongsoftware.com\/wp-content\/uploads\/2020\/06\/01campoCDBunyol-300x225.jpg 300w, https:\/\/tucomarca.whitekongsoftware.com\/wp-content\/uploads\/2020\/06\/01campoCDBunyol-768x576.jpg 768w, https:\/\/tucomarca.whitekongsoftware.com\/wp-content\/uploads\/2020\/06\/01campoCDBunyol-678x509.jpg 678w, https:\/\/tucomarca.whitekongsoftware.com\/wp-content\/uploads\/2020\/06\/01campoCDBunyol-326x245.jpg 326w, https:\/\/tucomarca.whitekongsoftware.com\/wp-content\/uploads\/2020\/06\/01campoCDBunyol-80x60.jpg 80w\" sizes=\"auto, (max-width: 787px) 100vw, 787px\" \/><\/figure><\/li><li class=\"blocks-gallery-item\"><figure><img loading=\"lazy\" decoding=\"async\" width=\"787\" height=\"590\" src=\"http:\/\/www.tucomarca.com\/wordpress\/segunda\/wp-content\/uploads\/2020\/06\/02campoCDBunyol.jpg\" alt=\"\" data-id=\"108402\" data-link=\"http:\/\/www.tucomarca.com\/wordpress\/segunda\/?attachment_id=108402\" class=\"wp-image-108402\" srcset=\"https:\/\/tucomarca.whitekongsoftware.com\/wp-content\/uploads\/2020\/06\/02campoCDBunyol.jpg 787w, https:\/\/tucomarca.whitekongsoftware.com\/wp-content\/uploads\/2020\/06\/02campoCDBunyol-300x225.jpg 300w, https:\/\/tucomarca.whitekongsoftware.com\/wp-content\/uploads\/2020\/06\/02campoCDBunyol-768x576.jpg 768w, https:\/\/tucomarca.whitekongsoftware.com\/wp-content\/uploads\/2020\/06\/02campoCDBunyol-678x509.jpg 678w, https:\/\/tucomarca.whitekongsoftware.com\/wp-content\/uploads\/2020\/06\/02campoCDBunyol-326x245.jpg 326w, https:\/\/tucomarca.whitekongsoftware.com\/wp-content\/uploads\/2020\/06\/02campoCDBunyol-80x60.jpg 80w\" sizes=\"auto, (max-width: 787px) 100vw, 787px\" \/><\/figure><\/li><li class=\"blocks-gallery-item\"><figure><img loading=\"lazy\" decoding=\"async\" width=\"787\" height=\"590\" src=\"http:\/\/www.tucomarca.com\/wordpress\/segunda\/wp-content\/uploads\/2020\/06\/07campoCDBunyol.jpg\" alt=\"\" data-id=\"108410\" data-link=\"http:\/\/www.tucomarca.com\/wordpress\/segunda\/?attachment_id=108410\" class=\"wp-image-108410\" srcset=\"https:\/\/tucomarca.whitekongsoftware.com\/wp-content\/uploads\/2020\/06\/07campoCDBunyol.jpg 787w, https:\/\/tucomarca.whitekongsoftware.com\/wp-content\/uploads\/2020\/06\/07campoCDBunyol-300x225.jpg 300w, https:\/\/tucomarca.whitekongsoftware.com\/wp-content\/uploads\/2020\/06\/07campoCDBunyol-768x576.jpg 768w, https:\/\/tucomarca.whitekongsoftware.com\/wp-content\/uploads\/2020\/06\/07campoCDBunyol-678x509.jpg 678w, https:\/\/tucomarca.whitekongsoftware.com\/wp-content\/uploads\/2020\/06\/07campoCDBunyol-326x245.jpg 326w, https:\/\/tucomarca.whitekongsoftware.com\/wp-content\/uploads\/2020\/06\/07campoCDBunyol-80x60.jpg 80w\" sizes=\"auto, (max-width: 787px) 100vw, 787px\" \/><\/figure><\/li><li class=\"blocks-gallery-item\"><figure><img loading=\"lazy\" decoding=\"async\" width=\"787\" height=\"590\" src=\"http:\/\/www.tucomarca.com\/wordpress\/segunda\/wp-content\/uploads\/2020\/06\/04campoCDBunyol-1.jpg\" alt=\"\" data-id=\"108414\" data-link=\"http:\/\/www.tucomarca.com\/wordpress\/segunda\/?attachment_id=108414\" class=\"wp-image-108414\" srcset=\"https:\/\/tucomarca.whitekongsoftware.com\/wp-content\/uploads\/2020\/06\/04campoCDBunyol-1.jpg 787w, https:\/\/tucomarca.whitekongsoftware.com\/wp-content\/uploads\/2020\/06\/04campoCDBunyol-1-300x225.jpg 300w, https:\/\/tucomarca.whitekongsoftware.com\/wp-content\/uploads\/2020\/06\/04campoCDBunyol-1-768x576.jpg 768w, https:\/\/tucomarca.whitekongsoftware.com\/wp-content\/uploads\/2020\/06\/04campoCDBunyol-1-678x509.jpg 678w, https:\/\/tucomarca.whitekongsoftware.com\/wp-content\/uploads\/2020\/06\/04campoCDBunyol-1-326x245.jpg 326w, https:\/\/tucomarca.whitekongsoftware.com\/wp-content\/uploads\/2020\/06\/04campoCDBunyol-1-80x60.jpg 80w\" sizes=\"auto, (max-width: 787px) 100vw, 787px\" \/><\/figure><\/li><\/ul>\n\n\n\n<p class=\"wp-block-paragraph\">Manuel Sierra, regidor d&#8217;Esports de l&#8217;Ajuntament de Bunyol, ha mostrat una gran esperan\u00e7a en qu\u00e8 aquesta posada a punt de les instal\u00b7lacions del Beltr\u00e1n B\u00e1guena servisca perqu\u00e8 el CD Bunyol se centre en la preparaci\u00f3 al play off expr\u00e9s i puguen ascendir a la tercera divisi\u00f3. &#8220;Seria el millor final a una temporada hist\u00f2rica amb la consecuci\u00f3 de l&#8217;campionat&#8221;, assenyala l&#8217;edil bunyolense.<\/p>\n\n\n\n<p class=\"wp-block-paragraph\">A m\u00e9s de la desinfecci\u00f3, Francisco Zan\u00f3n, president de el Club Esportiu Bunyol, ha confirmat que en el dia d&#8217;ahir es van realitzar les primeres proves a tots els jugadors, cos t\u00e8cnic, delegats i encarregat de material, amb l&#8217;objectiu d&#8217;arrencar els entrenaments amb total garanties. Tots van resultar negatius &#8220;, confirmava Zan\u00f3n.<\/p>\n\n\n\n<p class=\"wp-block-paragraph\">I \u00e9s que fa uns dies la Junta Directiva de el Club Esportiu Bunyol enviava un comunicat a tots els mitjans de comunicaci\u00f3 confirmant la seua decisi\u00f3 que el club participaria en la &#8220;promoci\u00f3 expr\u00e9s&#8221; d&#8217;ascens a Tercera Divisi\u00f3 definitivament tot i que en un primer moment el van traslladar la seua negativa a la Federaci\u00f3 de Futbol de la Comunitat Valenciana per la inexactitud en el compliment dels protocols sanitaris i l&#8217;excessiva inversi\u00f3 que aix\u00f2 suposaria per a un club petit com \u00e9s el Club Esportiu Bunyol.<\/p>\n\n\n\n<p class=\"wp-block-paragraph\">En aquest comunicat, el president d&#8217;aquest club bu\u00f1olense, que el 2021 complir\u00e0 els seus 100 anys d&#8217;hist\u00f2ria, i tota la junta directiva a l&#8217;complet confirmaven que despr\u00e9s de les reunions mantingudes amb la plantilla i el cos t\u00e8cnic, i despr\u00e9s de sospesar tots els pros i els contres, la Junta Directiva de el club havia decidit inscriure a l&#8217;equip per disputar aquesta &#8220;promoci\u00f3 expr\u00e9s&#8221; d&#8217;ascens a Tercera Divisi\u00f3 que, segons sembla, tindr\u00e0 lloc a mitjans de juliol. Assenyalaven que un dels principals motius que han portat a el club a prendre aquesta decisi\u00f3 \u00e9s l&#8217;actitud dels jugadors. &#8220;Sempre disposats a col\u00b7laborar, mirant moltes vegades pels interessos de el club abans que pels seus propis i amb un enorme desig de culminar una extraordin\u00e0ria temporada deixant a el Club Esportiu Bunyol a Tercera Divisi\u00f3&#8221;.<\/p>\n\n\n\n<p class=\"wp-block-paragraph\">Aix\u00ed que des del club es traslladava aix\u00ed el seu m\u00e0xim i sincer agra\u00efment a tots i cadascun dels components de la plantilla i de el cos t\u00e8cnic pel seu comprom\u00eds i dedicaci\u00f3 cap a aquest club durant tota la temporada i, especialment, en els moments tan complicats en qu\u00e8 ens trobem. Aix\u00ed que, un cop presa la decisi\u00f3 de participar en la &#8220;promoci\u00f3 expr\u00e9s&#8221;, la principal i gaireb\u00e9 \u00fanica preocupaci\u00f3 de el club \u00e9s prendre absolutament totes les mesures necess\u00e0ries per protegir la salut dels nostres jugadors i cos t\u00e8cnic. Per a aix\u00f2, tot i que a hores d&#8217;ara seguim sense haver rebut per part de la Federaci\u00f3 cap protocol sanitari, ni cap instrucci\u00f3 sobre com, quan o on va a disputar-se la &#8220;promoci\u00f3 expr\u00e9s&#8221;, des del club &#8220;ja estem treballant per dur a terme un gran nombre d&#8217;actuacions en nom de complir amb tots i cadascun dels requisits que puguin exigir en els protocols dictats per les autoritats sanit\u00e0ries, prenent com a refer\u00e8ncia els publicats per a les categories superiors i sent fins i tot m\u00e9s rigorosos del que es recull en els mateixos &#8220;.<\/p>\n\n\n\n<p class=\"wp-block-paragraph\">Entre les actuacions que ja han comen\u00e7at a realitzar-se s\u00f3n, &#8220;la neteja, higienitzaci\u00f3 i desinfecci\u00f3 de totes les instal\u00b7lacions de l&#8217;Beltr\u00e1n B\u00e1guena per una empresa externa, i que continuaran fent-ho abans i despr\u00e9s de cada entrenament; A m\u00e9s dels dos tests proporcionats per la Federaci\u00f3 (un per portar-se a terme abans de l&#8217;inici dels entrenaments i un altre abans de l&#8217;inici de la competici\u00f3), el club realitzar\u00e0 a tota la plantilla i cos t\u00e8cnic dos tests addicionals. D&#8217;aquesta manera, tots els nostres jugadors passaran un test cada setmana des de l&#8217;inici dels entrenaments fins al final de la competici\u00f3; S&#8217;instal\u00b7laran diferents dispensadors de gel hidroalcoh\u00f3lico, tant per a les mans com per al cal\u00e7at, i s&#8217;ha adquirit una m\u00e0quina polvoritzadora per a la desinfecci\u00f3 constant de tot el material esportiu utilitzat en els entrenaments. Tots els integrants de la plantilla, cos t\u00e8cnic i staff, passaran un control de temperatura abans d&#8217;entrar a les instal\u00b7lacions. S&#8217;obriran tots els vestidors disponibles perqu\u00e8 els jugadors puguin canviar-se i dutxar-se en grups petits. A m\u00e9s, es limitar\u00e0 amb cinta adhesiva l&#8217;espai individual de cada jugador al vestidor. I sens dubte, tots els entrenaments es duran a terme a porta tancada &#8220;.<\/p>\n\n\n\n<p class=\"wp-block-paragraph\">Finalitzen des del Club Esportiu Bunyol que, un cop s&#8217;ha pres la decisi\u00f3 de participar en la &#8220;promoci\u00f3 expr\u00e9s&#8221;, &#8220;el nostre equip va a anar a per totes. Podrem guanyar o podrem perdre, ja que anem a mesurar-nos a grand\u00edssims rivals que mereixen el major dels nostres respectes, per\u00f2 us assegurem que disposem d&#8217;un equip extraordinari i excel\u00b7lentment preparat, tant f\u00edsica com t\u00e0cticament. Tenim una confian\u00e7a cega en els nostres jugadors i t\u00e8cnics i creiem fermament que no podr\u00edem tenir un millor grup per afrontar la promoci\u00f3 d&#8217;ascens i aconseguir el tan anhelat retorn a Tercera Divisi\u00f3 &#8220;.<\/p>\n\n\n\n<p class=\"wp-block-paragraph\">L&#8217;empresa bunyolense encarregada de la desinfecci\u00f3 i neteja durant aquesta setmana ha estat Serveis i Neteges calci-THOR. El seu responsable, Jos\u00e9 Manuel P\u00e9rez, confirmava la neteja exhaustiva que estaven realitzant en totes les estades de camp: oficines, banys, vestuaris, sala de juntes, gimn\u00e0s, despatx, finestres, parets i bar a l&#8217;complet. &#8220;Durant tota la setmana estem realitzant una desinfecci\u00f3 detallada del Beltr\u00e1n B\u00e1guena. Fins i tot avui despr\u00e9s de la realitzaci\u00f3 dels tests d&#8217;ahir haur\u00e0 desinfectar una altra vegada totes les estances on es van dur a terme les proves &#8220;, ha destacat P\u00e9rez.<\/p>\n","protected":false},"excerpt":{"rendered":"<div class=\"mh-excerpt\">Totes les estades han sigut desinfectades durant tota la setmana. Ahir es van realitzar els primers test per a jugadors, cos t\u00e8cnic i utillero. Tots van resultar negatius en Covid-19. El regidor d&#8217;Esports bu\u00f1olense, Manuel <a class=\"mh-excerpt-more\" href=\"https:\/\/tucomarca.whitekongsoftware.com\/ca\/exhaustiva-neteja-i-desinfeccio-del-beltran-baguena-de-bunyol-per-a-larrencada-dels-entrenaments-de-la-promocio-expres-a-tercera\/\" title=\"Exhaustiva neteja i desinfecci\u00f3 del Beltr\u00e1n B\u00e1guena de Bunyol per a l&#8217;arrencada dels entrenaments de la promoci\u00f3 expr\u00e9s a Tercera\">[+] <\/a><\/div>\n","protected":false},"author":12,"featured_media":108399,"comment_status":"open","ping_status":"open","sticky":false,"template":"","format":"gallery","meta":{"footnotes":""},"categories":[10911,11015,11010,12202,11003,10948,10894,10912,10903,10947,10896,10897],"tags":[11158,12240,11126,11939,11940,10914],"class_list":["post-108417","post","type-post","status-publish","format-gallery","has-post-thumbnail","category-bunol-ca","category-canal-futbol","category-canal-salud","category-covid-19-ca","category-sports","category-infraestructuras-ca","category-la-comarca-ca","category-la-hoya-ca","category-medio-ambiente-la-comarca-ca","category-politica","category-seccion-ca","category-sucesos-la-comarca-ca","tag-ayuntamiento-de-bunol-ca","tag-campo-beltran-baguena-ca","tag-cd-bunol-ca","tag-coronavirus-ca","tag-covid-19-ca","tag-la-hoya-de-bunol-chiva-ca","post_format-post-format-gallery"],"_links":{"self":[{"href":"https:\/\/tucomarca.whitekongsoftware.com\/ca\/wp-json\/wp\/v2\/posts\/108417","targetHints":{"allow":["GET"]}}],"collection":[{"href":"https:\/\/tucomarca.whitekongsoftware.com\/ca\/wp-json\/wp\/v2\/posts"}],"about":[{"href":"https:\/\/tucomarca.whitekongsoftware.com\/ca\/wp-json\/wp\/v2\/types\/post"}],"author":[{"embeddable":true,"href":"https:\/\/tucomarca.whitekongsoftware.com\/ca\/wp-json\/wp\/v2\/users\/12"}],"replies":[{"embeddable":true,"href":"https:\/\/tucomarca.whitekongsoftware.com\/ca\/wp-json\/wp\/v2\/comments?post=108417"}],"version-history":[{"count":0,"href":"https:\/\/tucomarca.whitekongsoftware.com\/ca\/wp-json\/wp\/v2\/posts\/108417\/revisions"}],"wp:featuredmedia":[{"embeddable":true,"href":"https:\/\/tucomarca.whitekongsoftware.com\/ca\/wp-json\/wp\/v2\/media\/108399"}],"wp:attachment":[{"href":"https:\/\/tucomarca.whitekongsoftware.com\/ca\/wp-json\/wp\/v2\/media?parent=108417"}],"wp:term":[{"taxonomy":"category","embeddable":true,"href":"https:\/\/tucomarca.whitekongsoftware.com\/ca\/wp-json\/wp\/v2\/categories?post=108417"},{"taxonomy":"post_tag","embeddable":true,"href":"https:\/\/tucomarca.whitekongsoftware.com\/ca\/wp-json\/wp\/v2\/tags?post=108417"}],"curies":[{"name":"wp","href":"https:\/\/api.w.org\/{rel}","templated":true}]}}