{"id":108324,"date":"2020-06-09T23:06:18","date_gmt":"2020-06-09T21:06:18","guid":{"rendered":"http:\/\/www.tucomarca.com\/wordpress\/segunda\/?p=108324"},"modified":"2020-06-09T23:07:17","modified_gmt":"2020-06-09T21:07:17","slug":"la-federacio-de-societats-musicals-de-la-comunitat-valenciana-anuncia-la-volta-als-assajos","status":"publish","type":"post","link":"https:\/\/tucomarca.whitekongsoftware.com\/ca\/la-federacio-de-societats-musicals-de-la-comunitat-valenciana-anuncia-la-volta-als-assajos\/","title":{"rendered":"La Federaci\u00f3 de Societats Musicals de la Comunitat Valenciana anuncia la volta als assajos"},"content":{"rendered":"\n<p class=\"wp-block-paragraph\">La FSMCV ha comunicat avui, 9 de juny de 2020, als seus Societats Musicals associades que ha rebut per part de la Conselleria de Sanitat el protocol sanitari perqu\u00e8 les bandes de m\u00fasica puguin tornar a assajar amb totes les mesures necess\u00e0ries que garanteixin la salut de seus m\u00fasics.<\/p>\n\n\n\n<p class=\"wp-block-paragraph\">El protocol, un dels primers a nivell nacional dissenyats espec\u00edficament per a un col\u00b7lectiu, remarca alguns principis comuns d&#8217;higiene per combatre el virus com mantenir una distanciaci\u00f3 entre persones de dos metres, utilitzar la mascareta, rentar-se les mans el m\u00e0xim possible o evitar tocar-se la cara. En paral\u00b7lel, el document inclou mesures espec\u00edfiques el col\u00b7lectiu de les bandes de m\u00fasica com la recomanaci\u00f3 de no compartir instruments, filtres o canyes; netejar meticulosament i programar l&#8217;\u00fas dels instruments que habitualment es comparteixen, com els de percussi\u00f3 o el piano; o mantenir la temperatura de l&#8217;local entre 23 i 26 \u00b0 C.<\/p>\n","protected":false},"excerpt":{"rendered":"<div class=\"mh-excerpt\">La FSMCV ha comunicat avui, 9 de juny de 2020, als seus Societats Musicals associades que ha rebut per part de la Conselleria de Sanitat el protocol sanitari perqu\u00e8 les bandes de m\u00fasica puguin tornar <a class=\"mh-excerpt-more\" href=\"https:\/\/tucomarca.whitekongsoftware.com\/ca\/la-federacio-de-societats-musicals-de-la-comunitat-valenciana-anuncia-la-volta-als-assajos\/\" title=\"La Federaci\u00f3 de Societats Musicals de la Comunitat Valenciana anuncia la volta als assajos\">[+] <\/a><\/div>\n","protected":false},"author":1,"featured_media":108322,"comment_status":"open","ping_status":"open","sticky":false,"template":"","format":"standard","meta":{"footnotes":""},"categories":[11005,11010,12202,10898,10948,10894,10904,10912,11007,10896,10897],"tags":[11939,11940,11956,11952,11210],"class_list":["post-108324","post","type-post","status-publish","format-standard","has-post-thumbnail","category-canal-musica","category-canal-salud","category-covid-19-ca","category-ventana-ca","category-infraestructuras-ca","category-la-comarca-ca","category-sin-categorizar-ca","category-la-hoya-ca","category-ocio-y-cultura-ca","category-seccion-ca","category-sucesos-la-comarca-ca","tag-coronavirus-ca","tag-covid-19-ca","tag-covid19-ca","tag-covid2019-ca","tag-fsmcv-ca"],"_links":{"self":[{"href":"https:\/\/tucomarca.whitekongsoftware.com\/ca\/wp-json\/wp\/v2\/posts\/108324","targetHints":{"allow":["GET"]}}],"collection":[{"href":"https:\/\/tucomarca.whitekongsoftware.com\/ca\/wp-json\/wp\/v2\/posts"}],"about":[{"href":"https:\/\/tucomarca.whitekongsoftware.com\/ca\/wp-json\/wp\/v2\/types\/post"}],"author":[{"embeddable":true,"href":"https:\/\/tucomarca.whitekongsoftware.com\/ca\/wp-json\/wp\/v2\/users\/1"}],"replies":[{"embeddable":true,"href":"https:\/\/tucomarca.whitekongsoftware.com\/ca\/wp-json\/wp\/v2\/comments?post=108324"}],"version-history":[{"count":0,"href":"https:\/\/tucomarca.whitekongsoftware.com\/ca\/wp-json\/wp\/v2\/posts\/108324\/revisions"}],"wp:featuredmedia":[{"embeddable":true,"href":"https:\/\/tucomarca.whitekongsoftware.com\/ca\/wp-json\/wp\/v2\/media\/108322"}],"wp:attachment":[{"href":"https:\/\/tucomarca.whitekongsoftware.com\/ca\/wp-json\/wp\/v2\/media?parent=108324"}],"wp:term":[{"taxonomy":"category","embeddable":true,"href":"https:\/\/tucomarca.whitekongsoftware.com\/ca\/wp-json\/wp\/v2\/categories?post=108324"},{"taxonomy":"post_tag","embeddable":true,"href":"https:\/\/tucomarca.whitekongsoftware.com\/ca\/wp-json\/wp\/v2\/tags?post=108324"}],"curies":[{"name":"wp","href":"https:\/\/api.w.org\/{rel}","templated":true}]}}