{"id":108275,"date":"2020-06-09T08:19:46","date_gmt":"2020-06-09T06:19:46","guid":{"rendered":"http:\/\/www.tucomarca.com\/wordpress\/segunda\/?p=108275"},"modified":"2020-06-09T12:23:38","modified_gmt":"2020-06-09T10:23:38","slug":"la-comunitat-valenciana-no-registra-persones-mortes-per-coronavirus-en-les-ultimes-24-hores-i-suma-170-noves-altes","status":"publish","type":"post","link":"https:\/\/tucomarca.whitekongsoftware.com\/ca\/la-comunitat-valenciana-no-registra-persones-mortes-per-coronavirus-en-les-ultimes-24-hores-i-suma-170-noves-altes\/","title":{"rendered":"La Comunitat Valenciana no registra persones mortes per coronavirus en les \u00faltimes 24 hores i suma 170 noves altes"},"content":{"rendered":"\n<p class=\"wp-block-paragraph\">La Comunitat Valenciana no ha registrat cap persona morta per coronavirus en les \u00faltimes 24 hores a el temps que ha sumat 170 noves altes. D&#8217;aquesta manera s&#8217;eleva a 12.992 el total de persones curades (el 77% de tots els casos detectats). La distribuci\u00f3 per prov\u00edncies \u00e9s la seg\u00fcent: 1.568 a la de Castell\u00f3, 4.578 a la d&#8217;Alacant i 6.841 a la de Val\u00e8ncia, a les quals cal sumar unes altres 5 corresponents a despla\u00e7ats.<\/p>\n\n\n\n<p class=\"wp-block-paragraph\">Pel que fa a casos positius nous, des de l&#8217;actualitzaci\u00f3 d&#8217;aquest diumenge s&#8217;han detectat 18 casos a trav\u00e9s de PCR, que eleven a 11.332 el total de positius des que va comen\u00e7ar la pand\u00e8mia. El desglossament per prov\u00edncies \u00e9s el que segueix: 3 a Castell\u00f3 (1.583 en total); 1 a la prov\u00edncia d&#8217;Alacant (3.935 en total); i 14 a la prov\u00edncia de Val\u00e8ncia (5.809 en total). A m\u00e9s, cal sumar tamb\u00e9 5 no assignats de dies anteriors.<\/p>\n\n\n\n<p class=\"wp-block-paragraph\">A hores d&#8217;ara, queden actius 2.443 casos, un 14,4% de tots els casos detectats des de l&#8217;inici de la pand\u00e8mia.<\/p>\n\n\n\n<p class=\"wp-block-paragraph\">El nombre de persones ingressades per coronavirus als hospitals valencians \u00e9s de 152: 13 a la prov\u00edncia de Castell\u00f3, d&#8217;ells 3 a la UCI; 57 a la prov\u00edncia d&#8217;Alacant, d&#8217;ells 8 a la UCI; i 82 a la prov\u00edncia de Val\u00e8ncia, d&#8217;ells 5 a la UCI.<\/p>\n\n\n\n<p class=\"wp-block-paragraph\">El nombre d&#8217;altes de professionals sanitaris \u00e9s de 2.238 i el nombre total de positius en professionals a hores d&#8217;ara \u00e9s de 504.<\/p>\n\n\n\n<p class=\"wp-block-paragraph\">Salut P\u00fablica ha rebut ara la notificaci\u00f3 de quatre morts que s&#8217;havien produ\u00eft amb anterioritat. \u00c9s per aix\u00f2 que se sumen des d&#8217;aquest dilluns a l&#8217;total de morts registrats a la Comunitat Valenciana, que puja a 1.448. La distribuci\u00f3 per prov\u00edncies \u00e9s la seg\u00fcent: 222 a la de Castell\u00f3, 507 a la d&#8217;Alacant i 719 a la de Val\u00e8ncia.<\/p>\n\n\n\n<p class=\"wp-block-paragraph\">El nombre total de proves dutes a terme per a la detecci\u00f3 de l&#8217;coronavirus ha estat de 364.110, de les quals 255.120 han estat a trav\u00e9s de PCR i 108.990 a trav\u00e9s de test r\u00e0pid.<\/p>\n\n\n\n<p class=\"wp-block-paragraph\">Actualitzaci\u00f3 de la situaci\u00f3 en resid\u00e8ncies<\/p>\n\n\n\n<p class=\"wp-block-paragraph\">Actualment hi ha algun cas positiu en 60 centres: 7 a la prov\u00edncia de Castell\u00f3, 16 a la prov\u00edncia d&#8217;Alacant i 36 a la prov\u00edncia de Val\u00e8ncia.<\/p>\n\n\n\n<p class=\"wp-block-paragraph\">\u00b7 Residents nous positius: 7<\/p>\n\n\n\n<p class=\"wp-block-paragraph\">\u00b7 Treballadors nous positius: 0<\/p>\n\n\n\n<p class=\"wp-block-paragraph\">\u00b7 Residents morts: 0<\/p>\n\n\n\n<p class=\"wp-block-paragraph\">A hores d&#8217;ara, es troben sota vigil\u00e0ncia activa de control sanitari 28 resid\u00e8ncies a la Comunitat Valenciana: 8 a la prov\u00edncia de Castell\u00f3, 7 a la prov\u00edncia d&#8217;Alacant i 13 a la prov\u00edncia de Val\u00e8ncia.<\/p>\n","protected":false},"excerpt":{"rendered":"<div class=\"mh-excerpt\">La Comunitat Valenciana no ha registrat cap persona morta per coronavirus en les \u00faltimes 24 hores a el temps que ha sumat 170 noves altes. D&#8217;aquesta manera s&#8217;eleva a 12.992 el total de persones curades <a class=\"mh-excerpt-more\" href=\"https:\/\/tucomarca.whitekongsoftware.com\/ca\/la-comunitat-valenciana-no-registra-persones-mortes-per-coronavirus-en-les-ultimes-24-hores-i-suma-170-noves-altes\/\" title=\"La Comunitat Valenciana no registra persones mortes per coronavirus en les \u00faltimes 24 hores i suma 170 noves altes\">[+] <\/a><\/div>\n","protected":false},"author":1,"featured_media":103783,"comment_status":"open","ping_status":"open","sticky":false,"template":"","format":"standard","meta":{"footnotes":""},"categories":[11010,12202,10898,10948,10894,10903,10947,10896,10897],"tags":[11939,11940,11952],"class_list":["post-108275","post","type-post","status-publish","format-standard","has-post-thumbnail","category-canal-salud","category-covid-19-ca","category-ventana-ca","category-infraestructuras-ca","category-la-comarca-ca","category-medio-ambiente-la-comarca-ca","category-politica","category-seccion-ca","category-sucesos-la-comarca-ca","tag-coronavirus-ca","tag-covid-19-ca","tag-covid2019-ca"],"_links":{"self":[{"href":"https:\/\/tucomarca.whitekongsoftware.com\/ca\/wp-json\/wp\/v2\/posts\/108275","targetHints":{"allow":["GET"]}}],"collection":[{"href":"https:\/\/tucomarca.whitekongsoftware.com\/ca\/wp-json\/wp\/v2\/posts"}],"about":[{"href":"https:\/\/tucomarca.whitekongsoftware.com\/ca\/wp-json\/wp\/v2\/types\/post"}],"author":[{"embeddable":true,"href":"https:\/\/tucomarca.whitekongsoftware.com\/ca\/wp-json\/wp\/v2\/users\/1"}],"replies":[{"embeddable":true,"href":"https:\/\/tucomarca.whitekongsoftware.com\/ca\/wp-json\/wp\/v2\/comments?post=108275"}],"version-history":[{"count":0,"href":"https:\/\/tucomarca.whitekongsoftware.com\/ca\/wp-json\/wp\/v2\/posts\/108275\/revisions"}],"wp:featuredmedia":[{"embeddable":true,"href":"https:\/\/tucomarca.whitekongsoftware.com\/ca\/wp-json\/wp\/v2\/media\/103783"}],"wp:attachment":[{"href":"https:\/\/tucomarca.whitekongsoftware.com\/ca\/wp-json\/wp\/v2\/media?parent=108275"}],"wp:term":[{"taxonomy":"category","embeddable":true,"href":"https:\/\/tucomarca.whitekongsoftware.com\/ca\/wp-json\/wp\/v2\/categories?post=108275"},{"taxonomy":"post_tag","embeddable":true,"href":"https:\/\/tucomarca.whitekongsoftware.com\/ca\/wp-json\/wp\/v2\/tags?post=108275"}],"curies":[{"name":"wp","href":"https:\/\/api.w.org\/{rel}","templated":true}]}}