{"id":108191,"date":"2020-06-07T13:13:11","date_gmt":"2020-06-07T11:13:11","guid":{"rendered":"http:\/\/www.tucomarca.com\/wordpress\/segunda\/?p=108191"},"modified":"2020-06-08T13:19:18","modified_gmt":"2020-06-08T11:19:18","slug":"la-generalitat-pedira-el-pase-de-toda-la-comunitat-a-la-fase-3-a-partir-del-15-de-junio-con-movilidad-entre-las-tres-provincias","status":"publish","type":"post","link":"https:\/\/tucomarca.whitekongsoftware.com\/ca\/la-generalitat-pedira-el-pase-de-toda-la-comunitat-a-la-fase-3-a-partir-del-15-de-junio-con-movilidad-entre-las-tres-provincias\/","title":{"rendered":"La Generalitat demanar\u00e0 la passada de tota la Comunitat a la fase 3 a partir de l&#8217;15 de juny amb mobilitat entre les tres prov\u00edncies"},"content":{"rendered":"\n<p class=\"wp-block-paragraph\">El president de la Generalitat, Ximo Puig, ha anunciat que la Conselleria de Sanitat Universal i Salut P\u00fablica demanar\u00e0 aquest dilluns el passi de tota la Comunitat Valenciana a la fase 3 a partir del pr\u00f2xim 15 de juny amb mobilitat entre les tres prov\u00edncies.<\/p>\n\n\n\n<p class=\"wp-block-paragraph\">El president de la Generalitat ha fet aquestes declaracions durant la seva compareixen\u00e7a davant els mitjans de comunicaci\u00f3 despr\u00e9s de la reuni\u00f3 mantinguda amb el president de Govern, Pedro S\u00e1nchez, i la resta dels presidents i les presidentes de les comunitats aut\u00f2nomes per abordar l&#8217;evoluci\u00f3 de la pand\u00e8mia de COVID-19 i les mesures per a la desescalada.<\/p>\n\n\n\n<p class=\"wp-block-paragraph\">Ximo Puig ha concretat que aquest dilluns la Generalitat presentar\u00e0 davant el Ministeri de Sanitat la documentaci\u00f3 perqu\u00e8 tota la Comunitat Valenciana pas a la fase 3 a partir de el seg\u00fcent dilluns, 15 de juny, atenent a l&#8217;evoluci\u00f3 positiva de tots els indicadors sanitaris.<\/p>\n\n\n\n<p class=\"wp-block-paragraph\">El president ha precisat a m\u00e9s que aquest dimarts hi haur\u00e0 una reuni\u00f3 deliberativa de Consell en la qual s&#8217;abordar\u00e0 el proc\u00e9s de desescalada i les mesures que es posaran en marxa a partir de el pas a la fase 3, en la qual l&#8217;autoritat ja es delega a les comunitats aut\u00f2nomes, i ha avan\u00e7at que una d&#8217;elles ser\u00e0 la consideraci\u00f3 del conjunt de la Comunitat Valenciana com a unitat territorial, de manera que s&#8217;autoritzaran els moviments entre les tres prov\u00edncies a partir de l&#8217;15 de juny.<\/p>\n\n\n\n<p class=\"wp-block-paragraph\">El president ha subratllat que aquesta setmana ha estat &#8220;decisiva&#8221; en l&#8217;evoluci\u00f3 de la pand\u00e8mia a la Comunitat Valenciana, ja que la pres\u00e8ncia de SARS-CoV-2 va &#8220;clarament en retroc\u00e9s&#8221;, com ho demostra que el fet que no es hagi hagut de lamentar cap mort durant cinc dies, &#8220;una circumst\u00e0ncia in\u00e8dita en 3 mesos&#8221;.<\/p>\n\n\n\n<p class=\"wp-block-paragraph\">A m\u00e9s, tal com ha exposat, en 470 municipis valencians, el 87% de l&#8217;total, no s&#8217;ha registrat cap cas positiu en dues setmanes; l&#8217;\u00edndex b\u00e0sic de reproducci\u00f3, que assenyala els contagis secundaris per cada persona infectada, es troba estable al voltant de 0,7, i tan sols el 0,9% de les proves PCR donen positiu.<\/p>\n\n\n\n<p class=\"wp-block-paragraph\">D&#8217;altra banda, l&#8217;estudi que analitza la pres\u00e8ncia de virus en aig\u00fces residuals mostra que el coronavirus pr\u00e0cticament ha desaparegut i la previsi\u00f3 \u00e9s que, si tot continua aix\u00ed, durant la setmana que ve &#8220;ja ser\u00e0 indetectable&#8221;. A m\u00e9s, el nou estudi de seroprevalen\u00e7a mostra que el nombre de contagis a la Comunitat Valenciana ha estat inferior a la meitat que la mitjana espanyola.<\/p>\n\n\n\n<p class=\"wp-block-paragraph\">En relaci\u00f3 amb aquests indicadors, ha subratllat tamb\u00e9 que la situaci\u00f3 hospital\u00e0ria ha canviat d&#8217;una manera &#8220;radical&#8221;, ja que en l&#8217;actualitat hi ha 140 persones hospitalitzades per COVID-19 (va arribar a haver fins a 2.200) i que, d&#8217;aquestes, 17 estan a les UCI, una tercera part menys que fa una setmana.<\/p>\n\n\n\n<p class=\"wp-block-paragraph\">&#8220;Ser\u00e0 l&#8217;\u00faltim tram de la desescalada, i ho farem amb les m\u00e0ximes garanties sanit\u00e0ries, sense haver corregut m\u00e9s de pressa del que hav\u00edem, donant, a m\u00e9s, una imatge de seguretat, de rigor i de m\u00e0xima prud\u00e8ncia, perqu\u00e8 estem conven\u00e7uts d&#8217;una cosa : ser prudents ara \u00e9s garantia d&#8217;una recuperaci\u00f3 econ\u00f2mica m\u00e9s r\u00e0pida i robusta &#8220;, ha defensat.<\/p>\n\n\n\n<p class=\"wp-block-paragraph\">Referent a aix\u00f2, ha manifestat que &#8220;aquesta imatge combinada de rigor i seguretat ser\u00e0 un actiu fonamental per a la reactivaci\u00f3 de l&#8217;turisme&#8221;. &#8220;Aix\u00f2 ens far\u00e0 m\u00e9s forts, m\u00e9s atractius, m\u00e9s dignes de confian\u00e7a per a liderar el turisme nacional&#8221;, ha agregat.<\/p>\n\n\n\n<p class=\"wp-block-paragraph\">Pes de la poblaci\u00f3 en els criteris d&#8217;Fons No Reembolsable<\/p>\n\n\n\n<p class=\"wp-block-paragraph\">D&#8217;altra banda, el president ha avan\u00e7at que els nous criteris de repartiment de Fons No Reembolsable que el president de Govern, Pedro S\u00e1nchez, ha comunicat a les comunitats aut\u00f2nomes atenen reivindicacions plantejades per la Comunitat Valenciana a l&#8217;atorgar un major pes a les variables poblacionals. &#8220;Hem passat de l&#8217;34 a l&#8217;50% la part que es reparteix en funci\u00f3 de la poblaci\u00f3&#8221;, el que &#8220;beneficia de manera important a la Comunitat Valenciana&#8221;. &#8220;Beneficia, per\u00f2 sobretot \u00e9s just&#8221;, ha puntualitzat.<\/p>\n\n\n\n<p class=\"wp-block-paragraph\">Segons les seves estimacions, aquesta nova proposta permetr\u00e0 elevar entre un 7% i un 9% les quantitats que es destinaran a la Comunitat Valenciana, que es convertir\u00e0 aix\u00ed en la segona autonomia m\u00e9s beneficiada per les modificacions introdu\u00efdes, que donen un major pes a la poblaci\u00f3 .<\/p>\n\n\n\n<p class=\"wp-block-paragraph\">&#8220;\u00c9s un canvi rellevant, encaminat a una major just\u00edcia, que valorem de manera molt positiva despr\u00e9s de totes les peticions i negociacions de la Conselleria d&#8217;Hisenda amb el Ministeri&#8221;, ha indicat.<\/p>\n\n\n\n<p class=\"wp-block-paragraph\">Segons ha exposat tamb\u00e9 el president, en el bloc relacionat amb la despesa sanit\u00e0ria augmenta considerablement el pes de la variable demogr\u00e0fica, ja que, en un primer tram d&#8217;aquest bloc sanitari (de 6.000 milions), a percebre al juliol, el pes poblacional ha passat de l&#8217;20% a l&#8217;35%, i en el segon tram sanitari (3.000 milions), a percebre al novembre, el pes poblacional ha passat de l&#8217;40% a l&#8217;45%.<\/p>\n\n\n\n<p class=\"wp-block-paragraph\">A m\u00e9s, la Generalitat celebra la incorporaci\u00f3 d&#8217;un bloc educatiu de 2.000 milions per compensar l&#8217;esfor\u00e7 en educaci\u00f3 a qu\u00e8 obliga la pand\u00e8mia. Precisament aquesta ha estat una reivindicaci\u00f3 defensada per la Generalitat en l&#8217;\u00e0mbit de l&#8217;di\u00e0leg sectorial entre la Conselleria i el Ministeri d&#8217;Educaci\u00f3. En aquest bloc educatiu, els diners es repartir\u00e0 \u00fanicament amb variables demogr\u00e0fiques, com demanava la Generalitat.<\/p>\n\n\n\n<p class=\"wp-block-paragraph\">El tercer bloc d&#8217;aquest Fons No Reembolsable va destinat a cobrir la caiguda dels ingressos propis. Puig ha recordat que la Generalitat proposa respecte a aquest bloc tenir en compte la recaptaci\u00f3 efectiva en tributs cedits, de manera que penalitzi aquelles actuacions regionals que provoquen un clar &#8216;d\u00famping fiscal&#8217; entre autonomies, aix\u00ed com valorar l&#8217;esfor\u00e7 fiscal realitzat per la ciutadania, i, en concret, la recaptaci\u00f3 que fa cada autonomia.<\/p>\n\n\n\n<p class=\"wp-block-paragraph\">Dins d&#8217;aquest bloc s&#8217;ha incorporat un nou tram de 800 milions destinats a l&#8217;transport p\u00fablic. &#8220;Aquesta novetat, que satisf\u00e0 la nostra demanda a el Ministeri d&#8217;Hisenda, compensar\u00e0 la caiguda d&#8217;ingressos i de viatgers en metro, rodalies i transport interurb\u00e0, uns serveis finan\u00e7ats per les comunitats&#8221;, ha indicat.<\/p>\n\n\n\n<p class=\"wp-block-paragraph\">Una reforma &#8220;sense dilaci\u00f3&#8221; del finan\u00e7ament auton\u00f2mic<\/p>\n\n\n\n<p class=\"wp-block-paragraph\">La nova proposta plantejada pel Govern \u00e9s &#8220;una prova m\u00e9s que el di\u00e0leg \u00e9s l&#8217;element imprescindibile per avan\u00e7ar&#8221; en la cogobernanza, ha subratllat el president, que demanat fer un pas m\u00e9s aprovant &#8220;sense dilaci\u00f3&#8221; la reforma del finan\u00e7ament auton\u00f2mic &#8221; que tant ens discrimina ha dit als valencians i les valencianes &#8220;.<\/p>\n\n\n\n<p class=\"wp-block-paragraph\">Puig ha reivindicat en la confer\u00e8ncia de presidents i presidentes que el canvi en el finan\u00e7ament \u00e9s &#8220;inajornable&#8221;. &#8220;Ens va el futur en aquesta reforma, i la Generalitat estar\u00e0 on sempre ha estat: en la reivindicaci\u00f3, ferm i constant, dels recursos que ens corresponen per garantir el nostre progr\u00e9s, el nostre benestar, el nostre futur&#8221;, ha emfatitzat el president.<\/p>\n\n\n\n<p class=\"wp-block-paragraph\">Debats sobre fiscalitat, educaci\u00f3 i transport p\u00fablic<\/p>\n\n\n\n<p class=\"wp-block-paragraph\">A m\u00e9s de l&#8217;debat sobre el finan\u00e7ament &#8220;per garantir una recuperaci\u00f3 equitativa, i no a velocitats diferents&#8221;, el president ha proposat obrir altres tres debats estatals, sobre la fiscalitat, l&#8217;educaci\u00f3 i el transport p\u00fablic.<\/p>\n\n\n\n<p class=\"wp-block-paragraph\">Pel que fa a la fiscalitat, &#8220;les comunitats no podem desertar de la nostra obligaci\u00f3 impositiva i fiscal. Hem de ser corresponsables. Per aix\u00f2, \u00e9s imprescindible un debat rigor\u00f3s sobre fiscalitat que acabi amb privilegis i discriminacions que perjudiquen el conjunt&#8221;, ha dit Puig, que ha afegit: &#8220;no podem estar permanentment exigint m\u00e9s recursos a Govern i, despr\u00e9s, que algunes comunitats aut\u00f2nomes no compleixin amb la seva coresponsabilitat fiscal&#8221;.<\/p>\n\n\n\n<p class=\"wp-block-paragraph\">Sobre l&#8217;educaci\u00f3, Puig ha lamentat que no s&#8217;hagi situat aquest assumpte en el paper que li correspon com a &#8220;servei essencial de l&#8217;estat de benestar&#8221;. Per aix\u00f2, ha subratllat que \u00e9s necessari no nom\u00e9s un debat sobre l&#8217;inici del pr\u00f2xim curs, i totes les dificultats que comporta, sin\u00f3 una reflexi\u00f3 &#8220;a fons&#8221;.<\/p>\n\n\n\n<p class=\"wp-block-paragraph\">&#8220;L&#8217;educaci\u00f3 ha d&#8217;ocupar un lloc central en l&#8217;ideari d&#8217;aquest nou temps i exigeix \u200b\u200bun gran acord&#8221;, ha assenyalat el cap de el Consell, que ha precisat que el president de Govern ha al\u00b7ludit a que dijous que ve es produir\u00e0 una reuni\u00f3 de l&#8217; Govern amb els consellers i conselleres de la mat\u00e8ria i que aquest assumpte s&#8217;abordar\u00e0 en la confer\u00e8ncia de presidents i presidentes de diumenge que ve.<\/p>\n\n\n\n<p class=\"wp-block-paragraph\">A m\u00e9s, Puig ha demanat tamb\u00e9 un debat sobre el paper de l&#8217;transport p\u00fablic com a &#8220;factor clau per a la igualtat que reequilibra la societat i ajuda a la cohesi\u00f3 social i en el combat contra l&#8217;emerg\u00e8ncia clim\u00e0tica&#8221;.<\/p>\n\n\n\n<p class=\"wp-block-paragraph\">Aix\u00ed mateix, el president ha plantejat la necessitat d&#8217;un pla estatal de reindustrialitzaci\u00f3, amb especial atenci\u00f3 a al sector de l&#8217;autom\u00f2bil, que no nom\u00e9s atengui el vehicle el\u00e8ctric, sin\u00f3 tamb\u00e9 als que han redu\u00eft la seva capacitat de contaminaci\u00f3, i tamb\u00e9 ha proposat plans compartits de turisme i d&#8217;habitatge.<\/p>\n\n\n\n<p class=\"wp-block-paragraph\">Deduccions fiscals per a reforma i rehabilitaci\u00f3 d&#8217;habitatges<\/p>\n\n\n\n<p class=\"wp-block-paragraph\">En aquest sentit, ha demanat un programa estatal de deduccions fiscals per reformar i rehabilitar habitatges i tamb\u00e9 la creaci\u00f3 de l\u00ednies per subvencionar aquestes reformes en entorns estrat\u00e8gics, com s\u00f3n els municipis en despoblaci\u00f3 de tot Espanya. &#8220;Aix\u00ed combinar\u00edamos tres prioritats: impuls a l&#8217;ocupaci\u00f3 en el sector de la construcci\u00f3, revitalitzaci\u00f3 rural i sostenibilitat&#8221;, ha defensat el responsable de la Generalitat.<\/p>\n","protected":false},"excerpt":{"rendered":"<div class=\"mh-excerpt\">El president de la Generalitat, Ximo Puig, ha anunciat que la Conselleria de Sanitat Universal i Salut P\u00fablica demanar\u00e0 aquest dilluns el passi de tota la Comunitat Valenciana a la fase 3 a partir del <a class=\"mh-excerpt-more\" href=\"https:\/\/tucomarca.whitekongsoftware.com\/ca\/la-generalitat-pedira-el-pase-de-toda-la-comunitat-a-la-fase-3-a-partir-del-15-de-junio-con-movilidad-entre-las-tres-provincias\/\" title=\"La Generalitat demanar\u00e0 la passada de tota la Comunitat a la fase 3 a partir de l&#8217;15 de juny amb mobilitat entre les tres prov\u00edncies\">[+] <\/a><\/div>\n","protected":false},"author":1,"featured_media":108189,"comment_status":"open","ping_status":"open","sticky":false,"template":"","format":"standard","meta":{"footnotes":""},"categories":[11010,12202,10898,10948,10894,10904,10903,10947,10896,10897],"tags":[11939,11940,11952],"class_list":["post-108191","post","type-post","status-publish","format-standard","has-post-thumbnail","category-canal-salud","category-covid-19-ca","category-ventana-ca","category-infraestructuras-ca","category-la-comarca-ca","category-sin-categorizar-ca","category-medio-ambiente-la-comarca-ca","category-politica","category-seccion-ca","category-sucesos-la-comarca-ca","tag-coronavirus-ca","tag-covid-19-ca","tag-covid2019-ca"],"_links":{"self":[{"href":"https:\/\/tucomarca.whitekongsoftware.com\/ca\/wp-json\/wp\/v2\/posts\/108191","targetHints":{"allow":["GET"]}}],"collection":[{"href":"https:\/\/tucomarca.whitekongsoftware.com\/ca\/wp-json\/wp\/v2\/posts"}],"about":[{"href":"https:\/\/tucomarca.whitekongsoftware.com\/ca\/wp-json\/wp\/v2\/types\/post"}],"author":[{"embeddable":true,"href":"https:\/\/tucomarca.whitekongsoftware.com\/ca\/wp-json\/wp\/v2\/users\/1"}],"replies":[{"embeddable":true,"href":"https:\/\/tucomarca.whitekongsoftware.com\/ca\/wp-json\/wp\/v2\/comments?post=108191"}],"version-history":[{"count":0,"href":"https:\/\/tucomarca.whitekongsoftware.com\/ca\/wp-json\/wp\/v2\/posts\/108191\/revisions"}],"wp:featuredmedia":[{"embeddable":true,"href":"https:\/\/tucomarca.whitekongsoftware.com\/ca\/wp-json\/wp\/v2\/media\/108189"}],"wp:attachment":[{"href":"https:\/\/tucomarca.whitekongsoftware.com\/ca\/wp-json\/wp\/v2\/media?parent=108191"}],"wp:term":[{"taxonomy":"category","embeddable":true,"href":"https:\/\/tucomarca.whitekongsoftware.com\/ca\/wp-json\/wp\/v2\/categories?post=108191"},{"taxonomy":"post_tag","embeddable":true,"href":"https:\/\/tucomarca.whitekongsoftware.com\/ca\/wp-json\/wp\/v2\/tags?post=108191"}],"curies":[{"name":"wp","href":"https:\/\/api.w.org\/{rel}","templated":true}]}}