{"id":108184,"date":"2020-06-07T13:04:28","date_gmt":"2020-06-07T11:04:28","guid":{"rendered":"http:\/\/www.tucomarca.com\/wordpress\/segunda\/?p=108184"},"modified":"2020-06-08T13:07:23","modified_gmt":"2020-06-08T11:07:23","slug":"la-comunitat-valenciana-no-suma-cap-persona-morta-per-coronavirus-en-les-ultimes-24-hores","status":"publish","type":"post","link":"https:\/\/tucomarca.whitekongsoftware.com\/ca\/la-comunitat-valenciana-no-suma-cap-persona-morta-per-coronavirus-en-les-ultimes-24-hores\/","title":{"rendered":"La Comunitat Valenciana no suma cap persona morta per coronavirus en les \u00faltimes 24 hores"},"content":{"rendered":"\n<p class=\"wp-block-paragraph\">La Comunitat Valenciana acumula dos dies seguits sense cap mort per COVID-19. D&#8217;aquesta manera, el total segueix sent de 1.444. Per prov\u00edncies, la distribuci\u00f3 \u00e9s la seg\u00fcent: 221 a Castell\u00f3, 504 a Alacant i 719 a la prov\u00edncia de Val\u00e8ncia.<\/p>\n\n\n\n<p class=\"wp-block-paragraph\">D&#8217;altra banda, les altes a pacients amb coronavirus segueixen augmentant cada dia. Des de diumenge passat, 700 persones s&#8217;han curat de la malaltia a la Comunitat Valenciana. En les \u00faltimes 24 hores s&#8217;han registrat 33 noves altes, que eleven 12.822 el total de pacients que s&#8217;han curat a la Comunitat Valenciana. Per prov\u00edncies, aquesta \u00e9s la distribuci\u00f3: 1.563 a Castell\u00f3, 4.529 a Alacant i 6.725 a la prov\u00edncia de Val\u00e8ncia, a m\u00e9s de 5 sense assignar a cap prov\u00edncia.<\/p>\n\n\n\n<p class=\"wp-block-paragraph\">Tamb\u00e9 mostren bones dades el nombre de persones ingressades i en les unitats de cures intensives, que segueixen una tend\u00e8ncia descendent. En els darrers 7 dies s&#8217;ha redu\u00eft un 33% el nombre de pacients a les UCI, i un 10% el nombre de persones hospitalitzades per coronavirus a la Comunitat Valenciana. En aquests moments hi ha 141 pacients en els hospitals, dels quals 16 necessiten cures d&#8217;UCI. Per prov\u00edncies: 11 persones a Castell\u00f3, 3 d&#8217;elles en UCI; 51 a Alacant, 8 d&#8217;elles a UCI; i 79 a la prov\u00edncia de Val\u00e8ncia, 5 d&#8217;elles en UCI.<\/p>\n\n\n\n<p class=\"wp-block-paragraph\">Pel que fa a casos positius nous, des de l&#8217;actualitzaci\u00f3 d&#8217;aquest dissabte s&#8217;han detectat 14 nous casos a trav\u00e9s de PCR que eleven a 11.314 el total de positius des que va comen\u00e7ar la pand\u00e8mia. Per prov\u00edncies:<\/p>\n\n\n\n<p class=\"wp-block-paragraph\">\u00b7 0 a Castell\u00f3. Total: 1.580<\/p>\n\n\n\n<p class=\"wp-block-paragraph\">\u00b7 1 a Alacant. Total: 3.934<\/p>\n\n\n\n<p class=\"wp-block-paragraph\">\u00b7 13 a Val\u00e8ncia. Total: 5.795<\/p>\n\n\n\n<p class=\"wp-block-paragraph\">\u00b7 5 no assignats (no nous)<\/p>\n\n\n\n<p class=\"wp-block-paragraph\">De tots els casos positius detectats, es troben actius a hores d&#8217;ara 2.524, el que suposa nom\u00e9s el 15%.<\/p>\n\n\n\n<p class=\"wp-block-paragraph\">El nombre d&#8217;altes de professionals de la Sanitat \u00e9s de 2.238 i el nombre total de positius en professionals a hores d&#8217;ara \u00e9s de 504.<\/p>\n\n\n\n<p class=\"wp-block-paragraph\">El nombre total de proves dutes a terme per a la detecci\u00f3 de l&#8217;coronavirus han estat 362.733 de les quals 253.885 han estat a trav\u00e9s de PCR i 108.848 a trav\u00e9s de test r\u00e0pid.<\/p>\n\n\n\n<p class=\"wp-block-paragraph\">Actualitzaci\u00f3 de la situaci\u00f3 en resid\u00e8ncies<\/p>\n\n\n\n<p class=\"wp-block-paragraph\">A dia d&#8217;avui hi ha algun cas positiu en 57 centres (7 a la prov\u00edncia de Castell\u00f3, 17 a la d&#8217;Alacant i 33 a la prov\u00edncia de Val\u00e8ncia).<\/p>\n\n\n\n<p class=\"wp-block-paragraph\">\u00b7 Residents amb nous positius: 0<\/p>\n\n\n\n<p class=\"wp-block-paragraph\">\u00b7 Personal amb nous positius: 0<\/p>\n\n\n\n<p class=\"wp-block-paragraph\">\u00b7 Residents que han mort: 0<\/p>\n\n\n\n<p class=\"wp-block-paragraph\">A hores d&#8217;ara, es troben sota vigil\u00e0ncia activa de control sanitari 28 resid\u00e8ncies a la Comunitat Valenciana: 8 a la prov\u00edncia de Castell\u00f3, 7 a la prov\u00edncia d&#8217;Alacant i 13 a la prov\u00edncia de Val\u00e8ncia.<\/p>\n","protected":false},"excerpt":{"rendered":"<div class=\"mh-excerpt\">La Comunitat Valenciana acumula dos dies seguits sense cap mort per COVID-19. D&#8217;aquesta manera, el total segueix sent de 1.444. Per prov\u00edncies, la distribuci\u00f3 \u00e9s la seg\u00fcent: 221 a Castell\u00f3, 504 a Alacant i 719 <a class=\"mh-excerpt-more\" href=\"https:\/\/tucomarca.whitekongsoftware.com\/ca\/la-comunitat-valenciana-no-suma-cap-persona-morta-per-coronavirus-en-les-ultimes-24-hores\/\" title=\"La Comunitat Valenciana no suma cap persona morta per coronavirus en les \u00faltimes 24 hores\">[+] <\/a><\/div>\n","protected":false},"author":1,"featured_media":106748,"comment_status":"open","ping_status":"open","sticky":false,"template":"","format":"standard","meta":{"footnotes":""},"categories":[11010,12202,10898,10948,10894,10903,10947,10896,10897],"tags":[11937,11939,11940,11938,11952,11951],"class_list":["post-108184","post","type-post","status-publish","format-standard","has-post-thumbnail","category-canal-salud","category-covid-19-ca","category-ventana-ca","category-infraestructuras-ca","category-la-comarca-ca","category-medio-ambiente-la-comarca-ca","category-politica","category-seccion-ca","category-sucesos-la-comarca-ca","tag-coronavirus","tag-coronavirus-ca","tag-covid-19-ca","tag-covid-19","tag-covid2019-ca","tag-covid2019"],"_links":{"self":[{"href":"https:\/\/tucomarca.whitekongsoftware.com\/ca\/wp-json\/wp\/v2\/posts\/108184","targetHints":{"allow":["GET"]}}],"collection":[{"href":"https:\/\/tucomarca.whitekongsoftware.com\/ca\/wp-json\/wp\/v2\/posts"}],"about":[{"href":"https:\/\/tucomarca.whitekongsoftware.com\/ca\/wp-json\/wp\/v2\/types\/post"}],"author":[{"embeddable":true,"href":"https:\/\/tucomarca.whitekongsoftware.com\/ca\/wp-json\/wp\/v2\/users\/1"}],"replies":[{"embeddable":true,"href":"https:\/\/tucomarca.whitekongsoftware.com\/ca\/wp-json\/wp\/v2\/comments?post=108184"}],"version-history":[{"count":0,"href":"https:\/\/tucomarca.whitekongsoftware.com\/ca\/wp-json\/wp\/v2\/posts\/108184\/revisions"}],"wp:featuredmedia":[{"embeddable":true,"href":"https:\/\/tucomarca.whitekongsoftware.com\/ca\/wp-json\/wp\/v2\/media\/106748"}],"wp:attachment":[{"href":"https:\/\/tucomarca.whitekongsoftware.com\/ca\/wp-json\/wp\/v2\/media?parent=108184"}],"wp:term":[{"taxonomy":"category","embeddable":true,"href":"https:\/\/tucomarca.whitekongsoftware.com\/ca\/wp-json\/wp\/v2\/categories?post=108184"},{"taxonomy":"post_tag","embeddable":true,"href":"https:\/\/tucomarca.whitekongsoftware.com\/ca\/wp-json\/wp\/v2\/tags?post=108184"}],"curies":[{"name":"wp","href":"https:\/\/api.w.org\/{rel}","templated":true}]}}