{"id":108169,"date":"2020-06-05T19:15:31","date_gmt":"2020-06-05T17:15:31","guid":{"rendered":"http:\/\/www.tucomarca.com\/wordpress\/segunda\/?p=108169"},"modified":"2020-06-05T19:47:06","modified_gmt":"2020-06-05T17:47:06","slug":"cultura-impulsa-de-nou-les-activitats-de-circuit-cultural-valencia-amb-els-municipis","status":"publish","type":"post","link":"https:\/\/tucomarca.whitekongsoftware.com\/ca\/cultura-impulsa-de-nou-les-activitats-de-circuit-cultural-valencia-amb-els-municipis\/","title":{"rendered":"Cultura impulsa de nou les activitats de Circuit Cultural Valenci\u00e0 amb els municipis"},"content":{"rendered":"\n<p class=\"wp-block-paragraph\">El Circuit Cultura Valenci\u00e0 \u00e9s un programa de cooperaci\u00f3 interinstitucional que propicia l&#8217;Institut Valenci\u00e0 de Cultura amb els ajuntaments valencians que presenten programacions esc\u00e8niques, musicals i audiovisuals variades, estables, professionals i de qualitat.<\/p>\n\n\n\n<p class=\"wp-block-paragraph\">En l&#8217;actualitat el Circuit compta amb 83 membres, 81 corresponents a poblacions i dues universitats p\u00fabliques, la Jaume I de Castell\u00f3 i la Universitat d&#8217;Alacant.<\/p>\n\n\n\n<p class=\"wp-block-paragraph\">Els municipis i universitats que formen part de Circuit Cultural Valenci\u00e0 en l&#8217;actualitat s\u00f3n: Alc\u00e0sser, Aielo de Malferit, Alacant, la UA d&#8217;Alacant, Alboraia, Alcoi, Aldaia, Algemes\u00ed, Almassora, Almussafes, Altea, Alzira, Banyeres de Mariola, Benet\u00fasser , Benic\u00e0ssim, Benifai\u00f3, Benlloc, Benimodo, Betx\u00ed, Bocairent, Borriana, Bunyol, Burjassot, Callosa d&#8217;en Sarri\u00e0, Callosa de Segura, Canals, Carcaixent, l&#8217;UJI de Castell\u00f3, Xest, Corbera, Cullera, D\u00e9nia, el Campello, el Puig, Elx, Gandia, Godella, Guardamar de Segura, Ibi, la Pobla de Vallbona, la Vila Joiosa, l&#8217;Alc\u00fadia, l&#8217;Alf\u00e0s de Pi, l&#8217;Eliana, Ll\u00edria, Manises, Massamagrell, Massanassa, Meliana, Mon\u00f2ver, Morella, Mutxamel , Nules, Oliva, l&#8217;Olleria, Onda, Ondara, Ontinyent, Paiporta, Paterna, Petrer, Picanya, Picassent, Pu\u00e7ol, Quart de Poblet, Rafelbunyol, Requena, Riba-roja, Sagunt, Sant Mateu, Santa Pola, Silla, Sollana , Sueca, Sumac\u00e0rcer, Tavernes de la Valldigna, Torrent, Vila-real, Villena, Vinar\u00f2s, X\u00e0bia, X\u00e0tiva i Xirivella.<\/p>\n\n\n\n<p class=\"wp-block-paragraph\">En aquest marc i amb l&#8217;objectiu de reactivar la programaci\u00f3 cultural al llarg del nostre territori, el Circuit ha comen\u00e7at a recuperar l&#8217;activitat a les poblacions valencianes. La primera de les activitats de Circuit va ser el concert \u00edntim d&#8217;Andreu Valor al pati de l&#8217;Ajuntament de Sumac\u00e0rcer, gravat el 13 de maig per\u00f2 es va poder gaudir-ne en &#8216;streaming&#8217; el 15 de maig, que forma part de l&#8217;oferta d&#8217;aquesta setmana al canal #QuedatACasa de al web de l&#8217;IVC.<\/p>\n\n\n\n<p class=\"wp-block-paragraph\">Tot i que el protagonisme dalt de l&#8217;escenari el van tenir el cantautor Andreu Valor i els seus m\u00fasics, a la platea l&#8217;homenatge va ser per a les v\u00edctimes de l&#8217;coronavirus: 30 cadires buides, de diferents proced\u00e8ncies i formes, van servir per simbolitzar a el p\u00fablic, amb totes les diversitats possibles, que, malauradament, ja no podr\u00e0 estar entre nosaltres.<\/p>\n\n\n\n<p class=\"wp-block-paragraph\">Programaci\u00f3 a Ll\u00edria<\/p>\n\n\n\n<p class=\"wp-block-paragraph\">Ja amb la pres\u00e8ncia de p\u00fablic, el 6 de juny a partir de les 22 hores, se celebra a Ll\u00edria un espectacle que, amb el t\u00edtol &#8216;El despertar de les arts&#8217; connecta m\u00fasica, dansa, teatre, cinema, disseny i patrimoni en un gran esdeveniment. A m\u00e9s l&#8217;IVC, per mitj\u00e0 de la Filmoteca Valenciana, cedir\u00e0 imatges cinematogr\u00e0fiques valencianes de principis de segle XX.<\/p>\n\n\n\n<p class=\"wp-block-paragraph\">Aquests fragments dels inicis de cinema mut valenci\u00e0, de gran valor documental, es projectaran sobre l&#8217;escenari mentre el reconegut guitarrista i professor de Conservatori de Ll\u00edria, Rafa Serrallet, els acompanyar\u00e0 musicalment amb la interpretaci\u00f3 d&#8217;obres de Penella, Padilla, Serrano i Alb\u00e9niz , entre d&#8217;altres.<\/p>\n\n\n\n<p class=\"wp-block-paragraph\">L&#8217;actriu valenciana Rosana Pastor ser\u00e0 la conductora d&#8217;aquesta nit multiart\u00edstica, a la qual contribuir\u00e0 amb una breu interpretaci\u00f3 d&#8217;uns textos de la dramaturga N\u00faria Vizcarro. La dansa tamb\u00e9 ser\u00e0 protagonista gr\u00e0cies a la companyia Transfermove, que lideren Iris Pintos i Toni Aparisi. I tots els representants de les diferents arts en l&#8217;escenari lluiran vestuari de l&#8217;dissenyador Francis Montesinos.<\/p>\n\n\n\n<p class=\"wp-block-paragraph\">Programaci\u00f3 a Tavernes de la Valldigna<\/p>\n\n\n\n<p class=\"wp-block-paragraph\">Tamb\u00e9 el 6 de juny comen\u00e7a a Tavernes de la Valldigna el cicle &#8216;El balc\u00f3 de la cultura&#8217; amb l&#8217;actuaci\u00f3 d&#8217;Elena Grau Trio. Tots els dijous de juny i juliol a la pla\u00e7a de l&#8217;escriptor Rafael Chirbes hi haur\u00e0 microactuacions de 30 minuts de Jonatan Penalba Trio (11 de juny), Ruben Parejo &amp; Ausi\u00e0s Parejo (18 de juny), Pete Lala Trio (25 de juny), Ximo Brines (2 de juliol), Francesc Burgos (16 de juliol) i Josep Casanova (30 de juliol), entre d&#8217;altres.<\/p>\n\n\n\n<p class=\"wp-block-paragraph\">Programaci\u00f3 a Aldaia<\/p>\n\n\n\n<p class=\"wp-block-paragraph\">En Aldaia a partir de el 6 de juny hi haur\u00e0 actuacions de carrer amb el t\u00edtol &#8216;Desconfinament p\u00e8ls carrers&#8217;, una producci\u00f3 de Comedy Pla, amb la soprano Saray Garc\u00eda, el tenor Pascual Andreu i l&#8217;actor Rafa Alarc\u00f3n. Ser\u00e0 a les 20.30 hores els dies 6, 7, 8, 9, 10, 11, 12, 13, 20, 21, 23, 25 i 27 de juny.<\/p>\n\n\n\n<p class=\"wp-block-paragraph\">Programaci\u00f3 a Alzira<\/p>\n\n\n\n<p class=\"wp-block-paragraph\">La programaci\u00f3 a Alzira amb el lema &#8216;Cultura a l&#8217;teu costat&#8217; comen\u00e7a amb el concert &#8216;Loving Rossini&#8217; el 6 de juny a les 19.30 hores al claustre de la Casa de la Cultura. Al mateix lloc hi haur\u00e0 un altre concert de m\u00fasica cl\u00e0ssica el 13 de juny i un altre el 12 de juny de m\u00fasica en valenci\u00e0.<\/p>\n\n\n\n<p class=\"wp-block-paragraph\">Un altre espai a Alzira de nova trobada amb la cultura ser\u00e0 el camp d&#8217;esports de Ven\u00e8cia, on el 19 de juny a les 18 hores es lliuraran els Premis nan @ fest \u2026 Amb l&#8217;actuaci\u00f3 de N\u00e0nets Band Rock ia partir de les 20.00 hores l&#8217;actuaci\u00f3 de Limbotheque.<\/p>\n\n\n\n<p class=\"wp-block-paragraph\">Dissabte 20 de juny, tamb\u00e9 al camp d&#8217;esports a les 20.00 hores hi haur\u00e0 un concert de el grup Las Vegas Jazz Band.<\/p>\n\n\n\n<p class=\"wp-block-paragraph\">Amb el nom de &#8216;Somriu ALS balcons&#8217;, Produccions Scura presentar\u00e0 el 21 de juny un espectacle d&#8217;animaci\u00f3 itinerant.<\/p>\n\n\n\n<p class=\"wp-block-paragraph\">I a partir d&#8217;el 25 de juny se celebrar\u00e0 el XXXII Encontre de Teatre d&#8217;Estiu (Confinat) amb tres espectacles al Claustre de la Casa de la Cultura, el 25 de juny &#8216;L\u00e0zaro&#8217;, de la companyia Leamok, el 26 de juny &#8216;Mathausen, la veu de mi avi&#8217;, de tr\u00e0fec Teatre, i el 27 de juny &#8216;Joc de xiquetes&#8217; de Bullanga Teatre.<\/p>\n\n\n\n<p class=\"wp-block-paragraph\">El 25 de juny, tamb\u00e9 com a part de el festival, al carrer Escoles Pies la companyia Ertza presentar\u00e0 l&#8217;espectacle de dansa, &#8216;Meeting Point&#8217;.<\/p>\n\n\n\n<p class=\"wp-block-paragraph\">Altres propostes posteriors s\u00f3n la cavalcada Comedy Pla amb l&#8217;actuaci\u00f3 d&#8217;\u00d2scar Tramoyeres a Ll\u00edria el 26 de juny o, ja per al mes de juliol les d&#8217;Almassora el 11 de juliol amb l&#8217;obra &#8216;pataplum&#8217; de la companyia diumenge M. Belaire, i el 25 de juliol l&#8217;espectacle &#8216;Pop&#8217; de la Fam Cia de Teatre.<\/p>\n","protected":false},"excerpt":{"rendered":"<div class=\"mh-excerpt\">El Circuit Cultura Valenci\u00e0 \u00e9s un programa de cooperaci\u00f3 interinstitucional que propicia l&#8217;Institut Valenci\u00e0 de Cultura amb els ajuntaments valencians que presenten programacions esc\u00e8niques, musicals i audiovisuals variades, estables, professionals i de qualitat. En l&#8217;actualitat <a class=\"mh-excerpt-more\" href=\"https:\/\/tucomarca.whitekongsoftware.com\/ca\/cultura-impulsa-de-nou-les-activitats-de-circuit-cultural-valencia-amb-els-municipis\/\" title=\"Cultura impulsa de nou les activitats de Circuit Cultural Valenci\u00e0 amb els municipis\">[+] <\/a><\/div>\n","protected":false},"author":1,"featured_media":81446,"comment_status":"open","ping_status":"open","sticky":false,"template":"","format":"standard","meta":{"footnotes":""},"categories":[10983,10889,10911,10892,11010,10898,10948,10894,10904,10912,10915,10902,10928,10893,11007,10947,10908,10909,10906,10896,10897,10974],"tags":[11939,11940,11952],"class_list":["post-108169","post","type-post","status-publish","format-standard","has-post-thumbnail","category-algemesi-ca","category-alzira-cat","category-bunol-ca","category-camp-de-turia-ca","category-canal-salud","category-ventana-ca","category-infraestructuras-ca","category-la-comarca-ca","category-sin-categorizar-ca","category-la-hoya-ca","category-la-pobla-ca","category-la-ribera-ca","category-lliria-ca","category-leliana-ca","category-ocio-y-cultura-ca","category-politica","category-requena-ca","category-requena-utiel-ca","category-riba-roja-ca","category-seccion-ca","category-sucesos-la-comarca-ca","category-cheste-ca","tag-coronavirus-ca","tag-covid-19-ca","tag-covid2019-ca"],"_links":{"self":[{"href":"https:\/\/tucomarca.whitekongsoftware.com\/ca\/wp-json\/wp\/v2\/posts\/108169","targetHints":{"allow":["GET"]}}],"collection":[{"href":"https:\/\/tucomarca.whitekongsoftware.com\/ca\/wp-json\/wp\/v2\/posts"}],"about":[{"href":"https:\/\/tucomarca.whitekongsoftware.com\/ca\/wp-json\/wp\/v2\/types\/post"}],"author":[{"embeddable":true,"href":"https:\/\/tucomarca.whitekongsoftware.com\/ca\/wp-json\/wp\/v2\/users\/1"}],"replies":[{"embeddable":true,"href":"https:\/\/tucomarca.whitekongsoftware.com\/ca\/wp-json\/wp\/v2\/comments?post=108169"}],"version-history":[{"count":0,"href":"https:\/\/tucomarca.whitekongsoftware.com\/ca\/wp-json\/wp\/v2\/posts\/108169\/revisions"}],"wp:featuredmedia":[{"embeddable":true,"href":"https:\/\/tucomarca.whitekongsoftware.com\/ca\/wp-json\/wp\/v2\/media\/81446"}],"wp:attachment":[{"href":"https:\/\/tucomarca.whitekongsoftware.com\/ca\/wp-json\/wp\/v2\/media?parent=108169"}],"wp:term":[{"taxonomy":"category","embeddable":true,"href":"https:\/\/tucomarca.whitekongsoftware.com\/ca\/wp-json\/wp\/v2\/categories?post=108169"},{"taxonomy":"post_tag","embeddable":true,"href":"https:\/\/tucomarca.whitekongsoftware.com\/ca\/wp-json\/wp\/v2\/tags?post=108169"}],"curies":[{"name":"wp","href":"https:\/\/api.w.org\/{rel}","templated":true}]}}