{"id":108162,"date":"2020-06-05T19:25:43","date_gmt":"2020-06-05T17:25:43","guid":{"rendered":"http:\/\/www.tucomarca.com\/wordpress\/segunda\/?p=108162"},"modified":"2020-06-05T19:39:02","modified_gmt":"2020-06-05T17:39:02","slug":"la-delegada-de-govern-presideix-el-minut-de-silenci-en-memoria-de-les-victimes-de-lcovid-19","status":"publish","type":"post","link":"https:\/\/tucomarca.whitekongsoftware.com\/ca\/la-delegada-de-govern-presideix-el-minut-de-silenci-en-memoria-de-les-victimes-de-lcovid-19\/","title":{"rendered":"La delegada de Govern presideix el minut de silenci en mem\u00f2ria de les v\u00edctimes del coronavirus"},"content":{"rendered":"\n<p class=\"wp-block-paragraph\">La delegada de Govern a la Comunitat Valenciana, Gl\u00f2ria Calero, acompanyada pel subdelegat de Govern a Val\u00e8ncia, Jos\u00e9 Roberto Gonz\u00e1lez, ha presidit aquest mat\u00ed el minut de silenci que ha tingut lloc a la seu de la Delegaci\u00f3 de Govern en mem\u00f2ria de les v\u00edctimes de l&#8217;COVID-19. Tamb\u00e9 han assistit el cap de la Caserna General Terrestre d&#8217;Alta Disponibilitat, Fernando Garc\u00eda-Vaquero; el cap superior de la Policia Nacional a la Comunitat Valenciana, Jorge Zurita, i el general cap de la VI Zona de la Gu\u00e0rdia Civil, Jos\u00e9 Hermida, entre d&#8217;altres.<\/p>\n\n\n\n<p class=\"wp-block-paragraph\">Igualment, s&#8217;ha commemorat als morts a causa d&#8217;aquesta pand\u00e8mia amb un minut de silenci en les Subdelegacions de Govern a Castell\u00f3 i Alacant, on els actes han estat presidits per les subdelegades de Govern en aquestes prov\u00edncies, Soledad Ten i Araceli Poblador, respectivament .<\/p>\n\n\n\n<p class=\"wp-block-paragraph\">Hui a mitjanit finalitzaran els deu dies de dol oficial decretats pel Govern d&#8217;Espanya en record de les v\u00edctimes de l&#8217;coronavirus.<\/p>\n","protected":false},"excerpt":{"rendered":"<div class=\"mh-excerpt\">La delegada de Govern a la Comunitat Valenciana, Gl\u00f2ria Calero, acompanyada pel subdelegat de Govern a Val\u00e8ncia, Jos\u00e9 Roberto Gonz\u00e1lez, ha presidit aquest mat\u00ed el minut de silenci que ha tingut lloc a la seu <a class=\"mh-excerpt-more\" href=\"https:\/\/tucomarca.whitekongsoftware.com\/ca\/la-delegada-de-govern-presideix-el-minut-de-silenci-en-memoria-de-les-victimes-de-lcovid-19\/\" title=\"La delegada de Govern presideix el minut de silenci en mem\u00f2ria de les v\u00edctimes del coronavirus\">[+] <\/a><\/div>\n","protected":false},"author":1,"featured_media":108161,"comment_status":"open","ping_status":"open","sticky":false,"template":"","format":"standard","meta":{"footnotes":""},"categories":[11010,12202,10898,10948,10894,10904,10947,10896,10897],"tags":[11939,11940,11952],"class_list":["post-108162","post","type-post","status-publish","format-standard","has-post-thumbnail","category-canal-salud","category-covid-19-ca","category-ventana-ca","category-infraestructuras-ca","category-la-comarca-ca","category-sin-categorizar-ca","category-politica","category-seccion-ca","category-sucesos-la-comarca-ca","tag-coronavirus-ca","tag-covid-19-ca","tag-covid2019-ca"],"_links":{"self":[{"href":"https:\/\/tucomarca.whitekongsoftware.com\/ca\/wp-json\/wp\/v2\/posts\/108162","targetHints":{"allow":["GET"]}}],"collection":[{"href":"https:\/\/tucomarca.whitekongsoftware.com\/ca\/wp-json\/wp\/v2\/posts"}],"about":[{"href":"https:\/\/tucomarca.whitekongsoftware.com\/ca\/wp-json\/wp\/v2\/types\/post"}],"author":[{"embeddable":true,"href":"https:\/\/tucomarca.whitekongsoftware.com\/ca\/wp-json\/wp\/v2\/users\/1"}],"replies":[{"embeddable":true,"href":"https:\/\/tucomarca.whitekongsoftware.com\/ca\/wp-json\/wp\/v2\/comments?post=108162"}],"version-history":[{"count":0,"href":"https:\/\/tucomarca.whitekongsoftware.com\/ca\/wp-json\/wp\/v2\/posts\/108162\/revisions"}],"wp:featuredmedia":[{"embeddable":true,"href":"https:\/\/tucomarca.whitekongsoftware.com\/ca\/wp-json\/wp\/v2\/media\/108161"}],"wp:attachment":[{"href":"https:\/\/tucomarca.whitekongsoftware.com\/ca\/wp-json\/wp\/v2\/media?parent=108162"}],"wp:term":[{"taxonomy":"category","embeddable":true,"href":"https:\/\/tucomarca.whitekongsoftware.com\/ca\/wp-json\/wp\/v2\/categories?post=108162"},{"taxonomy":"post_tag","embeddable":true,"href":"https:\/\/tucomarca.whitekongsoftware.com\/ca\/wp-json\/wp\/v2\/tags?post=108162"}],"curies":[{"name":"wp","href":"https:\/\/api.w.org\/{rel}","templated":true}]}}