{"id":108132,"date":"2020-06-05T12:13:02","date_gmt":"2020-06-05T10:13:02","guid":{"rendered":"http:\/\/www.tucomarca.com\/wordpress\/segunda\/?p=108132"},"modified":"2020-06-05T12:13:25","modified_gmt":"2020-06-05T10:13:25","slug":"turis-renova-lasfaltat-en-el-nucli-urba-urbanitzacions-i-camins","status":"publish","type":"post","link":"https:\/\/tucomarca.whitekongsoftware.com\/ca\/turis-renova-lasfaltat-en-el-nucli-urba-urbanitzacions-i-camins\/","title":{"rendered":"Tur\u00eds renova l\u2019asfaltat en el nucli urb\u00e0, urbanitzacions i camins"},"content":{"rendered":"\n<figure class=\"wp-block-image\"><img loading=\"lazy\" decoding=\"async\" width=\"787\" height=\"590\" src=\"http:\/\/www.tucomarca.com\/wordpress\/segunda\/wp-content\/uploads\/2020\/06\/AsfaltadoTuris2.jpg\" alt=\"\" class=\"wp-image-108129\" srcset=\"https:\/\/tucomarca.whitekongsoftware.com\/wp-content\/uploads\/2020\/06\/AsfaltadoTuris2.jpg 787w, https:\/\/tucomarca.whitekongsoftware.com\/wp-content\/uploads\/2020\/06\/AsfaltadoTuris2-300x225.jpg 300w, https:\/\/tucomarca.whitekongsoftware.com\/wp-content\/uploads\/2020\/06\/AsfaltadoTuris2-768x576.jpg 768w, https:\/\/tucomarca.whitekongsoftware.com\/wp-content\/uploads\/2020\/06\/AsfaltadoTuris2-678x509.jpg 678w, https:\/\/tucomarca.whitekongsoftware.com\/wp-content\/uploads\/2020\/06\/AsfaltadoTuris2-326x245.jpg 326w, https:\/\/tucomarca.whitekongsoftware.com\/wp-content\/uploads\/2020\/06\/AsfaltadoTuris2-80x60.jpg 80w\" sizes=\"auto, (max-width: 787px) 100vw, 787px\" \/><\/figure>\n\n\n\n<p class=\"wp-block-paragraph\">L\u2019Ajuntament de&nbsp;Tur\u00eds&nbsp;ha reactivat les obres de millora de les vies a c\u00e0rrec dels plans d\u2019inversions de la Diputaci\u00f3 de Valencia que es van&nbsp;suspendre amb la declaraci\u00f3 de l\u2019estat d\u2019alarma a conseq\u00fc\u00e8ncia de la COVID-19.<\/p>\n\n\n\n<p class=\"wp-block-paragraph\">Aix\u00ed doncs, el tram del carrer Ram\u00f3n y Cajal que transcorre entre els carrers Beat Fernando Gonz\u00e1lez i Metge Mu\u00f1oz ha sigut condicionat durant les \u00faltimes setmanes. Gr\u00e0cies a&nbsp;esta&nbsp;reforma amb el rebaix del nivell de l\u2019asfalt i la reconstrucci\u00f3 d\u2019una de les voreres es millora el pas dels vianants i&nbsp;se solucionen els problemes que ocasionava l\u2019aigua en les \u00e8poques de pluja.<\/p>\n\n\n\n<p class=\"wp-block-paragraph\">Altres vies que s\u2019han reparat o re asfaltat en els \u00faltims mesos s\u00f3n Francisco&nbsp;Collado, Mestre Jos\u00e9&nbsp;M\u00aa&nbsp;Garc\u00eda, encreuament&nbsp;Severo&nbsp;Ochoa&nbsp;amb&nbsp;Pepe&nbsp;Nica, Miguel Hern\u00e1ndez, Val\u00e8ncia i&nbsp;Pav\u00edas.<\/p>\n\n\n\n<p class=\"wp-block-paragraph\">En&nbsp;esta&nbsp;actuaci\u00f3 tamb\u00e9 s\u2019han incl\u00f2s els carrers Palmeres i Roselles de la urbanitzaci\u00f3&nbsp;Montur&nbsp;aix\u00ed com un tram del cam\u00ed de la&nbsp;Marxal.<br><\/p>\n","protected":false},"excerpt":{"rendered":"<div class=\"mh-excerpt\">L\u2019Ajuntament de&nbsp;Tur\u00eds&nbsp;ha reactivat les obres de millora de les vies a c\u00e0rrec dels plans d\u2019inversions de la Diputaci\u00f3 de Valencia que es van&nbsp;suspendre amb la declaraci\u00f3 de l\u2019estat d\u2019alarma a conseq\u00fc\u00e8ncia de la COVID-19. Aix\u00ed <a class=\"mh-excerpt-more\" href=\"https:\/\/tucomarca.whitekongsoftware.com\/ca\/turis-renova-lasfaltat-en-el-nucli-urba-urbanitzacions-i-camins\/\" title=\"Tur\u00eds renova l\u2019asfaltat en el nucli urb\u00e0, urbanitzacions i camins\">[+] <\/a><\/div>\n","protected":false},"author":12,"featured_media":108128,"comment_status":"open","ping_status":"open","sticky":false,"template":"","format":"standard","meta":{"footnotes":""},"categories":[12202,10948,10894,10902,10947,10896,11047],"tags":[11103,11939,11940,11952,11077],"class_list":["post-108132","post","type-post","status-publish","format-standard","has-post-thumbnail","category-covid-19-ca","category-infraestructuras-ca","category-la-comarca-ca","category-la-ribera-ca","category-politica","category-seccion-ca","category-turis-ca","tag-ajuntament-de-turis-ca","tag-coronavirus-ca","tag-covid-19-ca","tag-covid2019-ca","tag-la-ribera-alta-ca"],"_links":{"self":[{"href":"https:\/\/tucomarca.whitekongsoftware.com\/ca\/wp-json\/wp\/v2\/posts\/108132","targetHints":{"allow":["GET"]}}],"collection":[{"href":"https:\/\/tucomarca.whitekongsoftware.com\/ca\/wp-json\/wp\/v2\/posts"}],"about":[{"href":"https:\/\/tucomarca.whitekongsoftware.com\/ca\/wp-json\/wp\/v2\/types\/post"}],"author":[{"embeddable":true,"href":"https:\/\/tucomarca.whitekongsoftware.com\/ca\/wp-json\/wp\/v2\/users\/12"}],"replies":[{"embeddable":true,"href":"https:\/\/tucomarca.whitekongsoftware.com\/ca\/wp-json\/wp\/v2\/comments?post=108132"}],"version-history":[{"count":0,"href":"https:\/\/tucomarca.whitekongsoftware.com\/ca\/wp-json\/wp\/v2\/posts\/108132\/revisions"}],"wp:featuredmedia":[{"embeddable":true,"href":"https:\/\/tucomarca.whitekongsoftware.com\/ca\/wp-json\/wp\/v2\/media\/108128"}],"wp:attachment":[{"href":"https:\/\/tucomarca.whitekongsoftware.com\/ca\/wp-json\/wp\/v2\/media?parent=108132"}],"wp:term":[{"taxonomy":"category","embeddable":true,"href":"https:\/\/tucomarca.whitekongsoftware.com\/ca\/wp-json\/wp\/v2\/categories?post=108132"},{"taxonomy":"post_tag","embeddable":true,"href":"https:\/\/tucomarca.whitekongsoftware.com\/ca\/wp-json\/wp\/v2\/tags?post=108132"}],"curies":[{"name":"wp","href":"https:\/\/api.w.org\/{rel}","templated":true}]}}