{"id":108109,"date":"2020-06-04T22:15:34","date_gmt":"2020-06-04T20:15:34","guid":{"rendered":"http:\/\/www.tucomarca.com\/wordpress\/segunda\/?p=108109"},"modified":"2020-06-05T00:23:23","modified_gmt":"2020-06-04T22:23:23","slug":"la-comunitat-suma-11-nuevos-casos-de-coronavirus-en-las-ultimas-24-horas","status":"publish","type":"post","link":"https:\/\/tucomarca.whitekongsoftware.com\/ca\/la-comunitat-suma-11-nuevos-casos-de-coronavirus-en-las-ultimas-24-horas\/","title":{"rendered":"La Comunitat suma 11 nous casos i cinc morts amb coronavirus en les \u00faltimes 24 hores"},"content":{"rendered":"\n<p class=\"wp-block-paragraph\">La consellera de Sanitat Universal i Salut P\u00fablica, Ana Barcel\u00f3, ha informat aquest dijous que s&#8217;ha trencat la marxa de dades positives respecte a la pand\u00e8mia de coronavirus qu s&#8217;havien registrat els \u00faltims dies. Ja que despr\u00e9s de quatre dies sense haver de lamentar v\u00edctimes mortals, aquest dijous i han afegit cinc morts m\u00e9s, quatre dels quals eren residents de resid\u00e8ncies de la tercera edat.<br>\nAna Barcel\u00f3, ha anunciat aquest dijous la creaci\u00f3 de 61 places en Salut Mental amb qu\u00e8 &#8220;atendre els efectes de l&#8217;impacte de l&#8217;coronavirus en la societat i avan\u00e7ar en la implantaci\u00f3 de l&#8217;Estrat\u00e8gia de Salut Mental de la Comunitat Valenciana&#8221;.<\/p>\n\n\n\n<p class=\"wp-block-paragraph\">&#8220;El confinament, l&#8217;a\u00efllament de la gent gran, la impossibilitat d&#8217;acomiadar-nos dels nostres \u00e9ssers estimats com est\u00e0vem acostumats, les seq\u00fceles psicol\u00f2giques de qui ha patit el contagi o dels professionals que han estat lluitant a primera l\u00ednia, la por, la incertesa, i l&#8217;escenari que s&#8217;obre de crisi econ\u00f2mica i social s\u00f3n factors que ens obliguen a treballar en la gesti\u00f3 de la postcrisi &#8220;, ha assenyalat la consellera. Per aquest motiu, es crearan 8 places de psiquiatre, 15 de psic\u00f2leg \/ a, 18 d&#8217;infermera especialista en salut mental, 11 terapeutes ocupacionals i 9 treballadors \/ es socials.<\/p>\n\n\n\n<p class=\"wp-block-paragraph\">D&#8217;altra banda, Barcel\u00f3 s&#8217;ha referit a la necessitat d&#8217;anar recuperant &#8220;de manera progressiva&#8221; la normalitat en l&#8217;atenci\u00f3 assistencial, ja que des de l&#8217;inici de la pand\u00e8mia s&#8217;han anat adoptant una s\u00e8rie de mesures en els diferents departaments de salut amb la finalitat de reduir a el m\u00e0xim possible el contacte interpersonal i, per tant, les possibilitats de contagi. En aquesta l\u00ednia, s&#8217;ha iniciat el cam\u00ed al rev\u00e9s per comen\u00e7ar a recuperar tots aquests serveis, com l&#8217;inici de l&#8217;activitat quir\u00fargica programada amb la cirurgia major ambulat\u00f2ria, el reinici d&#8217;activitat en els centres d&#8217;especialitats o la reobertura dels centres de atenci\u00f3 prim\u00e0ria que van tancar durant l&#8217;epid\u00e8mia.<\/p>\n\n\n\n<p class=\"wp-block-paragraph\">Recuperaci\u00f3 de la vacunaci\u00f3<\/p>\n\n\n\n<p class=\"wp-block-paragraph\">Des de l&#8217;inici de la pand\u00e8mia, i lligat a les mesures de confinament i les recomanacions sobre l&#8217;\u00fas dels serveis sanitaris, s&#8217;ha produ\u00eft un descens en els processos assistencials no COVID-19 i, per tant, de les vacunacions.<\/p>\n\n\n\n<p class=\"wp-block-paragraph\">Per millorar aquesta situaci\u00f3 ja s&#8217;ha posat en marxa un sistema de captaci\u00f3 activa per recuperar la vacunaci\u00f3 d&#8217;aquells menors que no han estat vacunats en aquests mesos. D&#8217;aquesta manera, s&#8217;ha comen\u00e7at a contactar amb els pares i mares per via postal o telef\u00f2nicament.<\/p>\n\n\n\n<p class=\"wp-block-paragraph\">Tot i aix\u00f2, Barcel\u00f3 ha explicat que de la 2a dosi de vacuna hexavalent, entre mar\u00e7 i abril, s&#8217;han vacunat 36 menors menys que en el mateix per\u00edode del 2019 i de la 1\u00aa dosi triple v\u00edrica, entre mar\u00e7 i abril, s&#8217;han vacunat 158 menors m\u00e9s que en el mateix per\u00edode de 2019. malgrat tot, i amb l&#8217;objecte de recuperar totalment l&#8217;activitat de vacunaci\u00f3, &#8220;seguirem realitzant an\u00e0lisis mensuals i procedint a la captaci\u00f3 activa de tots els casos&#8221;, ha apuntat la consellera.<\/p>\n\n\n\n<p class=\"wp-block-paragraph\">El 93% de les persones a les que s&#8217;ha fet un PCR ha donat negatiu<\/p>\n\n\n\n<p class=\"wp-block-paragraph\">La consellera ha donat a con\u00e8ixer que, fins al moment, s&#8217;han sotm\u00e8s a una prova PCR 143.156 persones a la Comunitat Valenciana. De totes elles han donat negatiu 132.687, fet que suposa un 93%. \u00c9s a dir, nom\u00e9s el 7% ha donat positiu. &#8220;Cal tenir en compte que aquestes proves no s&#8217;han realitzat de forma massiva a la poblaci\u00f3, sin\u00f3 principalment als ciutadans i ciutadanes que presentaven s\u00edmptomes o que havien estat en contacte directe amb el virus&#8221;, ha explicat Barcel\u00f3.<\/p>\n\n\n\n<p class=\"wp-block-paragraph\">Els resultats negatius per prov\u00edncies s\u00f3n els seg\u00fcents:<\/p>\n\n\n\n<p class=\"wp-block-paragraph\">\u00b7 Alacant: 92%<\/p>\n\n\n\n<p class=\"wp-block-paragraph\">\u00b7 Castell\u00f3: 90,1%<\/p>\n\n\n\n<p class=\"wp-block-paragraph\">\u00b7 Val\u00e8ncia: 93,5%<\/p>\n\n\n\n<p class=\"wp-block-paragraph\">Actualitzaci\u00f3 de la incid\u00e8ncia de coronavirus<\/p>\n\n\n\n<p class=\"wp-block-paragraph\">Les altes a pacients amb coronavirus segueixen la seva tend\u00e8ncia a l&#8217;al\u00e7a i, en les \u00faltimes 24 hores, s&#8217;han registrat 147 noves altes, que eleven a 12.680 el total de persones curades (el 76,5% de tots els casos detectats). La distribuci\u00f3 per prov\u00edncies \u00e9s la que segueix: 1.559 a la prov\u00edncia de Castell\u00f3, 4.512 a la d&#8217;Alacant i 6.604 a la de Val\u00e8ncia, a les quals cal sumar unes altres 5 corresponents a despla\u00e7ats.<\/p>\n\n\n\n<p class=\"wp-block-paragraph\">Pel que fa a casos positius nous, des de l&#8217;actualitzaci\u00f3 d&#8217;aquest dimecres s&#8217;han detectat 11 casos a trav\u00e9s de PCR, que eleven a 11.265 el total de positius des que va comen\u00e7ar la pand\u00e8mia. Per prov\u00edncies es reparteixen de la seg\u00fcent manera: 2 a Castell\u00f3 (1.570 en total); 4 a la prov\u00edncia d&#8217;Alacant (3.929 en total); 5 a la prov\u00edncia de Val\u00e8ncia (5.761 en total). Cal sumar tamb\u00e9 5 no assignats de dies anteriors. A m\u00e9s, un dels no assignats en dies anteriors s&#8217;ha reassignat a la prov\u00edncia de Val\u00e8ncia.<\/p>\n\n\n\n<p class=\"wp-block-paragraph\">A hores d&#8217;ara, queden actius 2.451 casos, un 14,8% de tots els casos detectats des de l&#8217;inici de la pand\u00e8mia.<\/p>\n\n\n\n<p class=\"wp-block-paragraph\">El nombre de persones ingressades per coronavirus als hospitals valencians \u00e9s de 157 -8 menys que en l&#8217;\u00faltima actualitzaci\u00f3-: 15 a la prov\u00edncia de Castell\u00f3, d&#8217;ells 3 a la UCI; 57 a la prov\u00edncia d&#8217;Alacant, d&#8217;ells 8 a la UCI; i 85 a la prov\u00edncia de Val\u00e8ncia, d&#8217;ells 5 a la UCI.<\/p>\n\n\n\n<p class=\"wp-block-paragraph\">El nombre d&#8217;altes de professionals sanitaris \u00e9s de 2.226 i el nombre total de positius en professionals a hores d&#8217;ara \u00e9s de 492.<\/p>\n\n\n\n<p class=\"wp-block-paragraph\">El total de morts per coronavirus \u00e9s de 1.444 en aquests moments. El desglossament per prov\u00edncies \u00e9s el seg\u00fcent: 221 a la prov\u00edncia de Castell\u00f3, 506 a la d&#8217;Alacant i 717 a la prov\u00edncia de Val\u00e8ncia.<\/p>\n\n\n\n<p class=\"wp-block-paragraph\">El nombre total de proves dutes a terme per a la detecci\u00f3 de l&#8217;coronavirus han estat 347.933, de les quals 241.594 han estat a trav\u00e9s de PCR i 106.339 a trav\u00e9s de test r\u00e0pid.<\/p>\n\n\n\n<p class=\"wp-block-paragraph\">Actualitzaci\u00f3 de la situaci\u00f3 en resid\u00e8ncies<\/p>\n\n\n\n<p class=\"wp-block-paragraph\">Actualment hi ha algun cas positiu en 58 centres: 8 a la prov\u00edncia de Castell\u00f3, 17 a la d&#8217;Alacant i 33 a la prov\u00edncia de Val\u00e8ncia.<\/p>\n\n\n\n<p class=\"wp-block-paragraph\">\u00b7 Residents nous positius: 3<br>\n\u00b7 Treballadors nous positius: 0<br>\n\u00b7 Residents morts: 4<\/p>\n\n\n\n<p class=\"wp-block-paragraph\">A hores d&#8217;ara, es troben sota vigil\u00e0ncia activa de control sanitari 28 resid\u00e8ncies a la Comunitat Valenciana: 8 a la prov\u00edncia de Castell\u00f3, 7 a la prov\u00edncia d&#8217;Alacant i 13 a la prov\u00edncia de Val\u00e8ncia.<\/p>\n","protected":false},"excerpt":{"rendered":"<div class=\"mh-excerpt\">La consellera de Sanitat Universal i Salut P\u00fablica, Ana Barcel\u00f3, ha informat aquest dijous que s&#8217;ha trencat la marxa de dades positives respecte a la pand\u00e8mia de coronavirus qu s&#8217;havien registrat els \u00faltims dies. Ja <a class=\"mh-excerpt-more\" href=\"https:\/\/tucomarca.whitekongsoftware.com\/ca\/la-comunitat-suma-11-nuevos-casos-de-coronavirus-en-las-ultimas-24-horas\/\" title=\"La Comunitat suma 11 nous casos i cinc morts amb coronavirus en les \u00faltimes 24 hores\">[+] <\/a><\/div>\n","protected":false},"author":1,"featured_media":108110,"comment_status":"open","ping_status":"open","sticky":false,"template":"","format":"standard","meta":{"footnotes":""},"categories":[11010,12202,10898,10948,10894,10904,10903,10947,10896,10897],"tags":[11939,11940,11952],"class_list":["post-108109","post","type-post","status-publish","format-standard","has-post-thumbnail","category-canal-salud","category-covid-19-ca","category-ventana-ca","category-infraestructuras-ca","category-la-comarca-ca","category-sin-categorizar-ca","category-medio-ambiente-la-comarca-ca","category-politica","category-seccion-ca","category-sucesos-la-comarca-ca","tag-coronavirus-ca","tag-covid-19-ca","tag-covid2019-ca"],"_links":{"self":[{"href":"https:\/\/tucomarca.whitekongsoftware.com\/ca\/wp-json\/wp\/v2\/posts\/108109","targetHints":{"allow":["GET"]}}],"collection":[{"href":"https:\/\/tucomarca.whitekongsoftware.com\/ca\/wp-json\/wp\/v2\/posts"}],"about":[{"href":"https:\/\/tucomarca.whitekongsoftware.com\/ca\/wp-json\/wp\/v2\/types\/post"}],"author":[{"embeddable":true,"href":"https:\/\/tucomarca.whitekongsoftware.com\/ca\/wp-json\/wp\/v2\/users\/1"}],"replies":[{"embeddable":true,"href":"https:\/\/tucomarca.whitekongsoftware.com\/ca\/wp-json\/wp\/v2\/comments?post=108109"}],"version-history":[{"count":0,"href":"https:\/\/tucomarca.whitekongsoftware.com\/ca\/wp-json\/wp\/v2\/posts\/108109\/revisions"}],"wp:featuredmedia":[{"embeddable":true,"href":"https:\/\/tucomarca.whitekongsoftware.com\/ca\/wp-json\/wp\/v2\/media\/108110"}],"wp:attachment":[{"href":"https:\/\/tucomarca.whitekongsoftware.com\/ca\/wp-json\/wp\/v2\/media?parent=108109"}],"wp:term":[{"taxonomy":"category","embeddable":true,"href":"https:\/\/tucomarca.whitekongsoftware.com\/ca\/wp-json\/wp\/v2\/categories?post=108109"},{"taxonomy":"post_tag","embeddable":true,"href":"https:\/\/tucomarca.whitekongsoftware.com\/ca\/wp-json\/wp\/v2\/tags?post=108109"}],"curies":[{"name":"wp","href":"https:\/\/api.w.org\/{rel}","templated":true}]}}