{"id":108088,"date":"2020-06-04T21:29:01","date_gmt":"2020-06-04T19:29:01","guid":{"rendered":"http:\/\/www.tucomarca.com\/wordpress\/segunda\/?p=108088"},"modified":"2020-06-04T21:29:26","modified_gmt":"2020-06-04T19:29:26","slug":"les-pistes-de-tenis-fronto-i-padel-municipals-dutiel-obriran-al-public-dilluns-que-ve","status":"publish","type":"post","link":"https:\/\/tucomarca.whitekongsoftware.com\/ca\/les-pistes-de-tenis-fronto-i-padel-municipals-dutiel-obriran-al-public-dilluns-que-ve\/","title":{"rendered":"Les pistes de tenis, front\u00f3 i p\u00e0del municipals d&#8217;Utiel obriran al p\u00fablic dilluns que ve"},"content":{"rendered":"\n<p class=\"wp-block-paragraph\"><strong>L&#8217;Ajuntament d&#8217;Utiel ha anul\u00b7lat la taxa de reserva de pistes pel que els usuaris practicaran esport de forma gratu\u00efta. La reserva es realitzar\u00e0 per mitj\u00e0 de cita pr\u00e8via<\/strong><\/p>\n\n\n\n<p class=\"wp-block-paragraph\">L&#8217;activitat esportiva en instal\u00b7lacions municipals d&#8217;Utiel tornar\u00e0 a reprendre parcialment el proper dilluns, 8 de juny, amb l&#8217;obertura de les pistes de tennis, front\u00f3 i p\u00e0del seguint els protocols d&#8217;higiene i seguretat marcats per a la pr\u00e0ctica esportiva en recintes a l&#8217;aire lliure.<\/p>\n\n\n\n<p class=\"wp-block-paragraph\"><strong>Acc\u00e9s gratu\u00eft<\/strong><\/p>\n\n\n\n<p class=\"wp-block-paragraph\">Tant les pistes de tennis i front\u00f3 de el Poliesportiu Municipal com a les pistes de l&#8217;p\u00e0del de l&#8217;complex esportiu El Nogueral comptaran amb acc\u00e9s gratu\u00eft per a tots els ve\u00efns que vulguen gaudir d&#8217;aquestes instal\u00b7lacions a petici\u00f3 de cita pr\u00e8via.<\/p>\n\n\n\n<p class=\"wp-block-paragraph\">L&#8217;Ajuntament d&#8217;Utiel tenia previst eliminar la taxa de reserva de pistes de cara a l&#8217;any 2021 per\u00f2 ha decidit avan\u00e7ar aquesta mesura a causa de la situaci\u00f3 actual de crisi generada per la COVID-19 per aix\u00ed facilitar l&#8217;acc\u00e9s a tota la poblaci\u00f3 de la pr\u00e0ctica esportiva.<\/p>\n\n\n\n<p class=\"wp-block-paragraph\"><strong>Horaris i Cita pr\u00e8via<\/strong><\/p>\n\n\n\n<p class=\"wp-block-paragraph\"><strong>Front\u00f3 i Tennis<\/strong><\/p>\n\n\n\n<p class=\"wp-block-paragraph\">Les pistes de front\u00f3 i tennis de el poliesportiu municipal estaran obertes amb el seg\u00fcent horari:<\/p>\n\n\n\n<ul class=\"wp-block-list\"><li>Dilluns a divendres: De 9 a 14 i de 15.30 a 20.30 hores<\/li><li>Dissabtes i Diumenges: De 9 a 14 hores.<\/li><\/ul>\n\n\n\n<p class=\"wp-block-paragraph\">Els interessats a formalitzar la reserva han de contactar de dilluns a divendres en l&#8217;horari d&#8217;activitat per a sol\u00b7licitar cita pr\u00e8via amb una antelaci\u00f3 de m\u00ednim 24 hores al tel\u00e8fon: 671 04 88 30<\/p>\n\n\n\n<p class=\"wp-block-paragraph\"><strong>P\u00e0del<\/strong><\/p>\n\n\n\n<p class=\"wp-block-paragraph\">Les pistes de p\u00e0del de l&#8217;complex esportiu El Nogueral estaran obertes en el seg\u00fcent horari<\/p>\n\n\n\n<ul class=\"wp-block-list\"><li>Dilluns a divendres: De 17 a 22 hores<\/li><\/ul>\n\n\n\n<p class=\"wp-block-paragraph\">Els interessats a formalitzar la reserva han de contactar de dilluns a divendres en l&#8217;horari d&#8217;activitat per a sol\u00b7licitar cita pr\u00e8via amb una antelaci\u00f3 de m\u00ednim 24 hores al tel\u00e8fon: 637 83 88 09<\/p>\n\n\n\n<p class=\"wp-block-paragraph\"><strong>Condicions d&#8217;acc\u00e9s<\/strong><\/p>\n\n\n\n<p class=\"wp-block-paragraph\">Per dur a terme una adequada gesti\u00f3 de les instal\u00b7lacions durant aquest per\u00edode extraordinari de crisi sanit\u00e0ria, nom\u00e9s els jugadors (partides de 2 o 4 persones) podran romandre a les instal\u00b7lacions i per tant no estar\u00e0 perm\u00e8s l&#8217;acc\u00e9s d&#8217;acompanyants o espectadors.<\/p>\n\n\n\n<p class=\"wp-block-paragraph\">Els esportistes que facin \u00fas de les pistes han de mantenir la dist\u00e0ncia de seguretat de 2 metres, aix\u00ed com la resta de mesures higienicosanit\u00e0ries establertes pel Ministeri de Sanitat.<\/p>\n\n\n\n<p class=\"wp-block-paragraph\">Durant la pr\u00e0ctica esportiva, no ser\u00e0 obligat\u00f2ria la mascareta ja que no \u00e9s recomanable la seva utilitzaci\u00f3 en aquest cas per la reducci\u00f3 d&#8217;oxigen que provoca.<\/p>\n","protected":false},"excerpt":{"rendered":"<div class=\"mh-excerpt\">L&#8217;Ajuntament d&#8217;Utiel ha anul\u00b7lat la taxa de reserva de pistes pel que els usuaris practicaran esport de forma gratu\u00efta. La reserva es realitzar\u00e0 per mitj\u00e0 de cita pr\u00e8via L&#8217;activitat esportiva en instal\u00b7lacions municipals d&#8217;Utiel tornar\u00e0 <a class=\"mh-excerpt-more\" href=\"https:\/\/tucomarca.whitekongsoftware.com\/ca\/les-pistes-de-tenis-fronto-i-padel-municipals-dutiel-obriran-al-public-dilluns-que-ve\/\" title=\"Les pistes de tenis, front\u00f3 i p\u00e0del municipals d&#8217;Utiel obriran al p\u00fablic dilluns que ve\">[+] <\/a><\/div>\n","protected":false},"author":12,"featured_media":108087,"comment_status":"open","ping_status":"open","sticky":false,"template":"","format":"standard","meta":{"footnotes":""},"categories":[11010,12202,11003,10948,10894,11009,10947,10909,10896,10897,11059],"tags":[11456,11939,11940,10910],"class_list":["post-108088","post","type-post","status-publish","format-standard","has-post-thumbnail","category-canal-salud","category-covid-19-ca","category-sports","category-infraestructuras-ca","category-la-comarca-ca","category-polideportivo-ca","category-politica","category-requena-utiel-ca","category-seccion-ca","category-sucesos-la-comarca-ca","category-utiel-ca","tag-ayuntamiento-de-utiel-ca","tag-coronavirus-ca","tag-covid-19-ca","tag-requena-utiel-ca"],"_links":{"self":[{"href":"https:\/\/tucomarca.whitekongsoftware.com\/ca\/wp-json\/wp\/v2\/posts\/108088","targetHints":{"allow":["GET"]}}],"collection":[{"href":"https:\/\/tucomarca.whitekongsoftware.com\/ca\/wp-json\/wp\/v2\/posts"}],"about":[{"href":"https:\/\/tucomarca.whitekongsoftware.com\/ca\/wp-json\/wp\/v2\/types\/post"}],"author":[{"embeddable":true,"href":"https:\/\/tucomarca.whitekongsoftware.com\/ca\/wp-json\/wp\/v2\/users\/12"}],"replies":[{"embeddable":true,"href":"https:\/\/tucomarca.whitekongsoftware.com\/ca\/wp-json\/wp\/v2\/comments?post=108088"}],"version-history":[{"count":0,"href":"https:\/\/tucomarca.whitekongsoftware.com\/ca\/wp-json\/wp\/v2\/posts\/108088\/revisions"}],"wp:featuredmedia":[{"embeddable":true,"href":"https:\/\/tucomarca.whitekongsoftware.com\/ca\/wp-json\/wp\/v2\/media\/108087"}],"wp:attachment":[{"href":"https:\/\/tucomarca.whitekongsoftware.com\/ca\/wp-json\/wp\/v2\/media?parent=108088"}],"wp:term":[{"taxonomy":"category","embeddable":true,"href":"https:\/\/tucomarca.whitekongsoftware.com\/ca\/wp-json\/wp\/v2\/categories?post=108088"},{"taxonomy":"post_tag","embeddable":true,"href":"https:\/\/tucomarca.whitekongsoftware.com\/ca\/wp-json\/wp\/v2\/tags?post=108088"}],"curies":[{"name":"wp","href":"https:\/\/api.w.org\/{rel}","templated":true}]}}