{"id":108072,"date":"2020-06-04T21:52:50","date_gmt":"2020-06-04T19:52:50","guid":{"rendered":"http:\/\/www.tucomarca.com\/wordpress\/segunda\/?p=108072"},"modified":"2020-06-04T21:52:53","modified_gmt":"2020-06-04T19:52:53","slug":"el-diputat-de-desenvolupament-rural-visita-casas-altas-per-a-analitzar-al-costat-de-lalcalde-les-necessitats-del-municipi","status":"publish","type":"post","link":"https:\/\/tucomarca.whitekongsoftware.com\/ca\/el-diputat-de-desenvolupament-rural-visita-casas-altas-per-a-analitzar-al-costat-de-lalcalde-les-necessitats-del-municipi\/","title":{"rendered":"El diputat de Desenvolupament Rural visita Casas Altas per a analitzar al costat de l&#8217;alcalde les necessitats del municipi"},"content":{"rendered":"\n<p class=\"wp-block-paragraph\">El diputat de Desenvolupament Rural i Pol\u00edtiques contra la Despoblaci\u00f3, Ramiro Rivera, ha visitat Casas Altas, a la comarca del Rinc\u00f3n de Ademuz, per a analitzar al costat de l&#8217;alcalde, Bernardo Gar\u00e9s, les necessitats del municipi i veure on pot col\u00b7laborar la Diputaci\u00f3 de Val\u00e8ncia.<\/p>\n\n\n\n<p class=\"wp-block-paragraph\">Esta \u00e9s la primera reuni\u00f3 presencial del diputat despr\u00e9s del confinament, en la qual el responsable de Desenvolupament Rural ha aprofitat per a traslladar a l&#8217;alcalde de Casas Altas els detalls del Pla d&#8217;Inversions de la Diputaci\u00f3 i del Fons de Cooperaci\u00f3 Municipal, tant la part conjunta amb la Generalitat com l&#8217;aportaci\u00f3 extraordin\u00e0ria de la corporaci\u00f3 provincial.<\/p>\n\n\n\n<p class=\"wp-block-paragraph\">En el conjunt de tots dos plans, que repartiran m\u00e9s de 200 milions d&#8217;euros a la prov\u00edncia per a ajudar a reactivar l&#8217;economia dels municipis despr\u00e9s de la pand\u00e8mia i a continuar millorant infraestructures i serveis, Casas Altas disposar\u00e0 de m\u00e9s de 350.000 euros, mentre que a la comarca del Rinc\u00f3n de Ademuz li corresponen m\u00e9s de 3 milions d&#8217;euros del Pla d&#8217;Inversions i l&#8217;aportaci\u00f3 extraordin\u00e0ria de la Diputaci\u00f3 al Fons de Cooperaci\u00f3.<\/p>\n\n\n\n<p class=\"wp-block-paragraph\">En paral\u00b7lel a estes inversions a la comarca, l&#8217;\u00e0rea de Carreteres de la corporaci\u00f3 provincial t\u00e9 en marxa dos actuacions en la CV-363, amb un cost global de 3,5 milions d&#8217;euros, que culminen la millora de la xarxa vi\u00e0ria en el Rinc\u00f3n de Ademuz, mantenint \u201cen el millor estat possible les comunicacions en esta zona d&#8217;interior, la qual cosa resulta imprescindible en la lluita contra la despoblaci\u00f3\u201d.&nbsp;<\/p>\n","protected":false},"excerpt":{"rendered":"<div class=\"mh-excerpt\">El diputat de Desenvolupament Rural i Pol\u00edtiques contra la Despoblaci\u00f3, Ramiro Rivera, ha visitat Casas Altas, a la comarca del Rinc\u00f3n de Ademuz, per a analitzar al costat de l&#8217;alcalde, Bernardo Gar\u00e9s, les necessitats del <a class=\"mh-excerpt-more\" href=\"https:\/\/tucomarca.whitekongsoftware.com\/ca\/el-diputat-de-desenvolupament-rural-visita-casas-altas-per-a-analitzar-al-costat-de-lalcalde-les-necessitats-del-municipi\/\" title=\"El diputat de Desenvolupament Rural visita Casas Altas per a analitzar al costat de l&#8217;alcalde les necessitats del municipi\">[+] <\/a><\/div>\n","protected":false},"author":1,"featured_media":108069,"comment_status":"open","ping_status":"open","sticky":false,"template":"","format":"standard","meta":{"footnotes":""},"categories":[10890,10923,10898,10948,10894,10903,10947,10896,10897],"tags":[10397,10472,3677],"class_list":["post-108072","post","type-post","status-publish","format-standard","has-post-thumbnail","category-ademus","category-cases-altes","category-ventana-ca","category-infraestructuras-ca","category-la-comarca-ca","category-medio-ambiente-la-comarca-ca","category-politica","category-seccion-ca","category-sucesos-la-comarca-ca","tag-ademuz","tag-casas-altas","tag-diputacio-de-valencia"],"_links":{"self":[{"href":"https:\/\/tucomarca.whitekongsoftware.com\/ca\/wp-json\/wp\/v2\/posts\/108072","targetHints":{"allow":["GET"]}}],"collection":[{"href":"https:\/\/tucomarca.whitekongsoftware.com\/ca\/wp-json\/wp\/v2\/posts"}],"about":[{"href":"https:\/\/tucomarca.whitekongsoftware.com\/ca\/wp-json\/wp\/v2\/types\/post"}],"author":[{"embeddable":true,"href":"https:\/\/tucomarca.whitekongsoftware.com\/ca\/wp-json\/wp\/v2\/users\/1"}],"replies":[{"embeddable":true,"href":"https:\/\/tucomarca.whitekongsoftware.com\/ca\/wp-json\/wp\/v2\/comments?post=108072"}],"version-history":[{"count":0,"href":"https:\/\/tucomarca.whitekongsoftware.com\/ca\/wp-json\/wp\/v2\/posts\/108072\/revisions"}],"wp:featuredmedia":[{"embeddable":true,"href":"https:\/\/tucomarca.whitekongsoftware.com\/ca\/wp-json\/wp\/v2\/media\/108069"}],"wp:attachment":[{"href":"https:\/\/tucomarca.whitekongsoftware.com\/ca\/wp-json\/wp\/v2\/media?parent=108072"}],"wp:term":[{"taxonomy":"category","embeddable":true,"href":"https:\/\/tucomarca.whitekongsoftware.com\/ca\/wp-json\/wp\/v2\/categories?post=108072"},{"taxonomy":"post_tag","embeddable":true,"href":"https:\/\/tucomarca.whitekongsoftware.com\/ca\/wp-json\/wp\/v2\/tags?post=108072"}],"curies":[{"name":"wp","href":"https:\/\/api.w.org\/{rel}","templated":true}]}}