{"id":107976,"date":"2020-06-03T13:06:25","date_gmt":"2020-06-03T11:06:25","guid":{"rendered":"http:\/\/www.tucomarca.com\/wordpress\/segunda\/?p=107976"},"modified":"2020-06-03T20:09:43","modified_gmt":"2020-06-03T18:09:43","slug":"requena-amplia-laforament-de-les-pistes-de-tennis-padel-i-fronto","status":"publish","type":"post","link":"https:\/\/tucomarca.whitekongsoftware.com\/ca\/requena-amplia-laforament-de-les-pistes-de-tennis-padel-i-fronto\/","title":{"rendered":"Requena \u00e0mplia l&#8217;aforament de les pistes de tennis, p\u00e0del i front\u00f3"},"content":{"rendered":"\n<p class=\"wp-block-paragraph\">A partir d&#8217;ara l&#8217;Ajuntament de Requena amplia l&#8217;aforament de les pistes de tennis, p\u00e0del i front\u00f3.<br>\nL&#8217;objectiu \u00e9s que els usuaris puguin gaudir de tots aquests esports en la modalitat de parelles.<br>\nA m\u00e9s, cal recordar que per millorar l&#8217;oferta disponible ia causa de la limitaci\u00f3 d&#8217;aforament, s&#8217;ha decidit ampliar el seu horari, que s&#8217;estableix de la seg\u00fcent manera:<br>\n-La pista d&#8217;atletisme estar\u00e0 operativa de dilluns a divendres de 09:00 a 15:00 hores i de 17:00 a 22:00 hores.<br>\nEls dissabtes de 09:00 a 13:00 hores i de 18:00 a 22:00 hores.<br>\nI els diumenges de 09:00 a 13:00 hores.<br>\nPer reservar-la, cal trucar a l&#8217;n\u00famero de tel\u00e8fon 96.230 13 maig en l&#8217;horari indicat anteriorment.<br>\nAforament: 3 usuaris (carrers 1, 3 i 6).<br>\n-Pel que fa a l&#8217;horari de les pistes de Tennis, p\u00e0del i front\u00f3, ser\u00e0 el seg\u00fcent:<br>\nDe dilluns a divendres, de 9:00 a 15:00 hores i de 16:30 a 23:30 hores.<br>\nDissabtes, de 9:00 a 14:00 hores i de 16:00 a 22:00 hores.<br>\nDiumenges, de 9:00 a 15:00 hores.<br>\nReserves, a trav\u00e9s del web<br>\nwww.requena.es\/es\/reserva-pistas<br>\ni des de l&#8217;aplicaci\u00f3 per a m\u00f2bils de l&#8217;Ajuntament de Requena.<br>\nAforament: 4 usuaris per pista (2 vs 2). Els usuaris poden anar acompanyats d&#8217;un entrenador, que haur\u00e0 de mostrar la seva llic\u00e8ncia.<br>\nAltres consideracions a tenir en compte:<\/p>\n\n\n\n<ul class=\"wp-block-list\"><li>L&#8217;\u00fanic acc\u00e9s a poliesportiu disponible ser\u00e0 per l&#8217;entrada de Carrer Albacete.<\/li><li>Es prega puntualitat.<\/li><li>\u00c9s obligatori l&#8217;\u00fas de mascareta fins a l&#8217;inici de l&#8217;activitat esportiva.<\/li><li>Caldr\u00e0 identificar-se a l&#8217;entrada.<\/li><li>No es podran utilitzar ni banys ni vestidors, i tampoc es podr\u00e0 beure aigua de les fonts.<\/li><\/ul>\n","protected":false},"excerpt":{"rendered":"<div class=\"mh-excerpt\">A partir d&#8217;ara l&#8217;Ajuntament de Requena amplia l&#8217;aforament de les pistes de tennis, p\u00e0del i front\u00f3. L&#8217;objectiu \u00e9s que els usuaris puguin gaudir de tots aquests esports en la modalitat de parelles. A m\u00e9s, cal <a class=\"mh-excerpt-more\" href=\"https:\/\/tucomarca.whitekongsoftware.com\/ca\/requena-amplia-laforament-de-les-pistes-de-tennis-padel-i-fronto\/\" title=\"Requena \u00e0mplia l&#8217;aforament de les pistes de tennis, p\u00e0del i front\u00f3\">[+] <\/a><\/div>\n","protected":false},"author":1,"featured_media":107974,"comment_status":"open","ping_status":"open","sticky":false,"template":"","format":"standard","meta":{"footnotes":""},"categories":[11010,12202,11003,10948,10894,10903,11009,10947,10908,10909,10896,10897],"tags":[11939,11940,11956,11952,10910],"class_list":["post-107976","post","type-post","status-publish","format-standard","has-post-thumbnail","category-canal-salud","category-covid-19-ca","category-sports","category-infraestructuras-ca","category-la-comarca-ca","category-medio-ambiente-la-comarca-ca","category-polideportivo-ca","category-politica","category-requena-ca","category-requena-utiel-ca","category-seccion-ca","category-sucesos-la-comarca-ca","tag-coronavirus-ca","tag-covid-19-ca","tag-covid19-ca","tag-covid2019-ca","tag-requena-utiel-ca"],"_links":{"self":[{"href":"https:\/\/tucomarca.whitekongsoftware.com\/ca\/wp-json\/wp\/v2\/posts\/107976","targetHints":{"allow":["GET"]}}],"collection":[{"href":"https:\/\/tucomarca.whitekongsoftware.com\/ca\/wp-json\/wp\/v2\/posts"}],"about":[{"href":"https:\/\/tucomarca.whitekongsoftware.com\/ca\/wp-json\/wp\/v2\/types\/post"}],"author":[{"embeddable":true,"href":"https:\/\/tucomarca.whitekongsoftware.com\/ca\/wp-json\/wp\/v2\/users\/1"}],"replies":[{"embeddable":true,"href":"https:\/\/tucomarca.whitekongsoftware.com\/ca\/wp-json\/wp\/v2\/comments?post=107976"}],"version-history":[{"count":0,"href":"https:\/\/tucomarca.whitekongsoftware.com\/ca\/wp-json\/wp\/v2\/posts\/107976\/revisions"}],"wp:featuredmedia":[{"embeddable":true,"href":"https:\/\/tucomarca.whitekongsoftware.com\/ca\/wp-json\/wp\/v2\/media\/107974"}],"wp:attachment":[{"href":"https:\/\/tucomarca.whitekongsoftware.com\/ca\/wp-json\/wp\/v2\/media?parent=107976"}],"wp:term":[{"taxonomy":"category","embeddable":true,"href":"https:\/\/tucomarca.whitekongsoftware.com\/ca\/wp-json\/wp\/v2\/categories?post=107976"},{"taxonomy":"post_tag","embeddable":true,"href":"https:\/\/tucomarca.whitekongsoftware.com\/ca\/wp-json\/wp\/v2\/tags?post=107976"}],"curies":[{"name":"wp","href":"https:\/\/api.w.org\/{rel}","templated":true}]}}