{"id":107968,"date":"2020-06-03T20:31:06","date_gmt":"2020-06-03T18:31:06","guid":{"rendered":"http:\/\/www.tucomarca.com\/wordpress\/segunda\/?p=107968"},"modified":"2020-06-03T20:31:30","modified_gmt":"2020-06-03T18:31:30","slug":"ximo-puig-subratlla-la-necessitat-de-mantenir-la-prevencio-i-la-prudencia-i-afirma-que-la-generalitat-disposa-de-material-sanitari-suficient-per-als-propers-6-mesos","status":"publish","type":"post","link":"https:\/\/tucomarca.whitekongsoftware.com\/ca\/ximo-puig-subratlla-la-necessitat-de-mantenir-la-prevencio-i-la-prudencia-i-afirma-que-la-generalitat-disposa-de-material-sanitari-suficient-per-als-propers-6-mesos\/","title":{"rendered":"Ximo Puig subratlla la necessitat de mantenir la &#8216;prevenci\u00f3&#8217; i la &#8216;prud\u00e8ncia&#8217; i afirma que la Generalitat disposa de material sanitari suficient per als propers 6 mesos"},"content":{"rendered":"\n<p class=\"wp-block-paragraph\">El president de la Generalitat, Ximo Puig, ha subratllat la necessitat d&#8217;assumir una posici\u00f3 de &#8220;prevenci\u00f3&#8221; des del conjunt de el sistema sanitari valenci\u00e0 i de mantenir la &#8220;m\u00e0xima prud\u00e8ncia&#8221; davant la situaci\u00f3 de crisi originada per la pand\u00e8mia de COVID-19.<\/p>\n\n\n\n<p class=\"wp-block-paragraph\">&#8220;\u00c9s absolutament necessari tenir el material suficient perqu\u00e8 un possible rebrot o una situaci\u00f3 de dificultat en els propers mesos tingui la resposta necess\u00e0ria&#8221;, ha afirmat el cap de el Consell, que ha assegurat que &#8220;entre el que tenim aqu\u00ed, les compres que ja estan acordades i les que v\u00e9nen en cam\u00ed &#8220;, hi ha material sanitari per als propers 6 mesos.<\/p>\n\n\n\n<p class=\"wp-block-paragraph\">El president ha fet aquestes declaracions als mitjans de comunicaci\u00f3 despr\u00e9s de la seva visita a el centre log\u00edstic de Fira Val\u00e8ncia que alberga material sanitari adquirit per la Comunitat Valenciana per a la lluita contra el coronavirus. En aquesta visita el m\u00e0xim responsable de el Govern auton\u00f2mic ha estat acompanyat per la consellera de Sanitat Universal i Salut P\u00fablica, Ana Barcel\u00f3, i la comissionada de la Presid\u00e8ncia de la Generalitat per a la coordinaci\u00f3 dels subministraments per fer front a la infecci\u00f3 per coronavirus, Mar\u00eda Jos\u00e9 Mira.<\/p>\n\n\n\n<p class=\"wp-block-paragraph\">El cap de l&#8217;Executiu valenci\u00e0 ha tingut paraules d&#8217;agra\u00efment per al &#8220;esfor\u00e7 extraordinari&#8221; de les empreses valencianes de l&#8217;\u00e0mbit tecnol\u00f2gic i de l&#8217;\u00e0mbit t\u00e8xtil que han derivat la seva producci\u00f3 cap a &#8220;aquests productes b\u00e0sics&#8221; i ha remarcat la import\u00e0ncia de &#8220;augmentar la compra de subministrament interior &#8220;i de treballar per desenvolupar una&#8221; ind\u00fastria europea potent per donar resposta a eventualitats com aquesta &#8220;.<\/p>\n\n\n\n<p class=\"wp-block-paragraph\">Aix\u00ed mateix, Puig ha reflexionat sobre les dificultats inicials per canalitzar el subministrament de material sanitari i, en aquest sentit, ha valorat la influ\u00e8ncia de la capacitat comercial de la Comunitat Valenciana i de &#8220;la internacionalitzaci\u00f3 de la nostra economia&#8221;, per poder establir corredors en espais de compra &#8220;des dels primers dies&#8221; i ser &#8220;una de les primeres comunitats aut\u00f2nomes&#8221; amb el subministrament garantit.<\/p>\n\n\n\n<p class=\"wp-block-paragraph\">Finalment el m\u00e0xim responsable de Consell, ha agra\u00eft la bona disposici\u00f3 de Fira Val\u00e8ncia, &#8220;des del primer moment&#8221;, per ubicar el magatzem log\u00edstic i la seva capacitat de resposta i la implicaci\u00f3 dels seus treballadors i treballadores en una situaci\u00f3 de &#8220;gran emerg\u00e8ncia&#8221;, i tamb\u00e9 ha tingut paraules de reconeixement a la feina feta per la comissionada de la Presid\u00e8ncia de la Generalitat per a la coordinaci\u00f3 dels subministraments, Mar\u00eda Jos\u00e9 Mira, i per a la &#8220;generositat enorme&#8221; mostrada per les empreses de el sector de l&#8217;transport.<\/p>\n\n\n\n<p class=\"wp-block-paragraph\"><strong>Reserva de material<\/strong><\/p>\n\n\n\n<p class=\"wp-block-paragraph\">En aquests moments, el Govern auton\u00f2mic disposa de la seg\u00fcent reserva de material entre l&#8217;emmagatzemat, el encarregat i el que est\u00e0 en cam\u00ed: 102 milions de guants, 60 milions de m\u00e0scares, 6 milions de bates, 3 milions de calces, 2 milions de gorres, 640.000 davantals i 610.000 bussos (equips EPI). A m\u00e9s, est\u00e0 prevista l&#8217;entrada de 3 milions de guants m\u00e9s aquest dijous.<\/p>\n\n\n\n<p class=\"wp-block-paragraph\">L&#8217;aplec d&#8217;aquest material sanitari de protecci\u00f3 ha estat possible per via a\u00e8ria, amb la contractaci\u00f3 de 25 avions per part de la Generalitat, dos d&#8217;ells pendents per a la setmana i mitjans de juliol, en cadascun dels quals es portaran 100 respiradors invasius; per via mar\u00edtima, que va arrencar la setmana passada amb l&#8217;arribada d&#8217;un vaixell. La connexi\u00f3 per mar transportar\u00e0 en 8 vaixells, dels quals 5 ja estan en cam\u00ed, al llarg d&#8217;aquest mes i el mes de juliol, un total de 40 contenidors. A aquests canals cal afegir les compres realitzades a empreses valencianes.<\/p>\n\n\n\n<p class=\"wp-block-paragraph\">El president de la Generalitat ha elogiat la capacitat log\u00edstica de magatzem de Fira Val\u00e8ncia, que segons ha explicat &#8220;gestionen 4.000 comandes setmanals d&#8217;hospitals, centres de salut, resid\u00e8ncies i altres centres&#8221;.<\/p>\n\n\n\n<p class=\"wp-block-paragraph\">Aix\u00ed, a trav\u00e9s d&#8217;aquest canal, &#8220;se subministren cada setmana 2 milions de m\u00e0scares, 5 milions de guants, 120.000 bates, 125.000 bussos de protecci\u00f3, 30.000 ulleres de protecci\u00f3 i 20.000 litres de gel hidroalcoh\u00f3lico&#8221;, ha detallat el president.<\/p>\n","protected":false},"excerpt":{"rendered":"<div class=\"mh-excerpt\">El president de la Generalitat, Ximo Puig, ha subratllat la necessitat d&#8217;assumir una posici\u00f3 de &#8220;prevenci\u00f3&#8221; des del conjunt de el sistema sanitari valenci\u00e0 i de mantenir la &#8220;m\u00e0xima prud\u00e8ncia&#8221; davant la situaci\u00f3 de crisi <a class=\"mh-excerpt-more\" href=\"https:\/\/tucomarca.whitekongsoftware.com\/ca\/ximo-puig-subratlla-la-necessitat-de-mantenir-la-prevencio-i-la-prudencia-i-afirma-que-la-generalitat-disposa-de-material-sanitari-suficient-per-als-propers-6-mesos\/\" title=\"Ximo Puig subratlla la necessitat de mantenir la &#8216;prevenci\u00f3&#8217; i la &#8216;prud\u00e8ncia&#8217; i afirma que la Generalitat disposa de material sanitari suficient per als propers 6 mesos\">[+] <\/a><\/div>\n","protected":false},"author":1,"featured_media":107966,"comment_status":"open","ping_status":"open","sticky":false,"template":"","format":"standard","meta":{"footnotes":""},"categories":[11010,12202,10898,10948,10894,10904,10903,10947,10896,10897],"tags":[11939,11956,11952],"class_list":["post-107968","post","type-post","status-publish","format-standard","has-post-thumbnail","category-canal-salud","category-covid-19-ca","category-ventana-ca","category-infraestructuras-ca","category-la-comarca-ca","category-sin-categorizar-ca","category-medio-ambiente-la-comarca-ca","category-politica","category-seccion-ca","category-sucesos-la-comarca-ca","tag-coronavirus-ca","tag-covid19-ca","tag-covid2019-ca"],"_links":{"self":[{"href":"https:\/\/tucomarca.whitekongsoftware.com\/ca\/wp-json\/wp\/v2\/posts\/107968","targetHints":{"allow":["GET"]}}],"collection":[{"href":"https:\/\/tucomarca.whitekongsoftware.com\/ca\/wp-json\/wp\/v2\/posts"}],"about":[{"href":"https:\/\/tucomarca.whitekongsoftware.com\/ca\/wp-json\/wp\/v2\/types\/post"}],"author":[{"embeddable":true,"href":"https:\/\/tucomarca.whitekongsoftware.com\/ca\/wp-json\/wp\/v2\/users\/1"}],"replies":[{"embeddable":true,"href":"https:\/\/tucomarca.whitekongsoftware.com\/ca\/wp-json\/wp\/v2\/comments?post=107968"}],"version-history":[{"count":0,"href":"https:\/\/tucomarca.whitekongsoftware.com\/ca\/wp-json\/wp\/v2\/posts\/107968\/revisions"}],"wp:featuredmedia":[{"embeddable":true,"href":"https:\/\/tucomarca.whitekongsoftware.com\/ca\/wp-json\/wp\/v2\/media\/107966"}],"wp:attachment":[{"href":"https:\/\/tucomarca.whitekongsoftware.com\/ca\/wp-json\/wp\/v2\/media?parent=107968"}],"wp:term":[{"taxonomy":"category","embeddable":true,"href":"https:\/\/tucomarca.whitekongsoftware.com\/ca\/wp-json\/wp\/v2\/categories?post=107968"},{"taxonomy":"post_tag","embeddable":true,"href":"https:\/\/tucomarca.whitekongsoftware.com\/ca\/wp-json\/wp\/v2\/tags?post=107968"}],"curies":[{"name":"wp","href":"https:\/\/api.w.org\/{rel}","templated":true}]}}