{"id":107881,"date":"2020-06-03T10:00:12","date_gmt":"2020-06-03T08:00:12","guid":{"rendered":"http:\/\/www.tucomarca.com\/wordpress\/segunda\/?p=107881"},"modified":"2020-06-03T11:34:43","modified_gmt":"2020-06-03T09:34:43","slug":"la-comunitat-valenciana-suma-tres-dies-seguits-sense-persones-mortes-per-covid-19","status":"publish","type":"post","link":"https:\/\/tucomarca.whitekongsoftware.com\/ca\/la-comunitat-valenciana-suma-tres-dies-seguits-sense-persones-mortes-per-covid-19\/","title":{"rendered":"La Comunitat Valenciana suma tres dies seguits sense persones mortes per Covid-19"},"content":{"rendered":"\n<p class=\"wp-block-paragraph\">La consellera de Sanitat Universal i Salut P\u00fablica, Ana Barcel\u00f3, ha destacat que, per tercer dia consecutiu, no s&#8217;ha produ\u00eft cap mort per COVID-19 a la Comunitat Valenciana. &#8220;Continua aquest mes de juny el cam\u00ed iniciat durant el mes de maig amb xifres esperan\u00e7adores que mostren un clar avan\u00e7 en la nostra lluita per fer front a l&#8217;coronavirus&#8221;, assegurava la consellera.<\/p>\n\n\n\n<p class=\"wp-block-paragraph\">En aquest sentit, ha fet una valoraci\u00f3 del mes de maig, en qu\u00e8 les altes a pacients amb coronavirus en la Comunitat s&#8217;han incrementat un 78%, de manera que s&#8217;acumula un total de 5.346 persones que han superat la malaltia en aquest per\u00edode . A m\u00e9s, el nombre de pacients en hospital s&#8217;ha redu\u00eft un 82,3% -555 pacients ingressats menys que a principis de maig-, i el nombre de persones en les unitats de cures intensives ha baixat un 84,6%, de 132 pacients menys que quan va comen\u00e7ar el mes.<\/p>\n\n\n\n<p class=\"wp-block-paragraph\">D&#8217;altra banda, Barcel\u00f3 ha assenyalat que m\u00e9s de 56.000 professionals de la Sanitat de la Comunitat Valenciana han participat en un estudi de seroprevalen\u00e7a d&#8217;infecci\u00f3 per coronavirus. La prevalen\u00e7a global obtinguda \u00e9s el 3,21%, segons un avan\u00e7 de resultats de l&#8217;informe final que s&#8217;elaborar\u00e0 quan l&#8217;estudi hagi concl\u00f2s en tots els departaments de salut.<\/p>\n\n\n\n<p class=\"wp-block-paragraph\">Aquest estudi, juntament amb l&#8217;estudi de seroprevalen\u00e7a elaborat pel Ministeri de Sanitat, indica quin est\u00e0 sent la incid\u00e8ncia de la malaltia en el territori valenci\u00e0. En aquest sentit, la Comunitat Valenciana es troba entre els nivells d&#8217;incid\u00e8ncia de l&#8217;coronavirus m\u00e9s baixos d&#8217;Espanya, entre les cinc comunitats aut\u00f2nomes amb una menor incid\u00e8ncia de virus: un 2,5% davant el 5% de mitjana.<\/p>\n\n\n\n<p class=\"wp-block-paragraph\">La consellera ha explicat que la Comunitat Valenciana ha anat incrementant la capacitat diagn\u00f2stica dels laboratoris per a realitzar PCR. Per aix\u00f2, durant el mes de maig el nombre de proves realitzades s&#8217;ha incrementat un 97%, i fins aquest dimarts s&#8217;han dut a terme un total de 232.114 proves.<\/p>\n\n\n\n<p class=\"wp-block-paragraph\">Finalment, Barcel\u00f3 ha volgut fer balan\u00e7 de el servei que s&#8217;ha prestat en aquest per\u00edode per a la dispensaci\u00f3 general de medicaments a domicili, desenvolupat des del 26 de mar\u00e7. Aix\u00ed, les oficines de farm\u00e0cia han pogut portar medicaments a domicili a les persones amb mobilitat redu\u00efda o a aquelles que pertanyen als grups m\u00e9s vulnerables a l&#8217;coronavirus.<\/p>\n\n\n\n<p class=\"wp-block-paragraph\">D&#8217;aquesta manera, s&#8217;han evitat els despla\u00e7aments d&#8217;aquests col\u00b7lectius, de manera que s&#8217;ha redu\u00eft aix\u00ed el risc de contagi. En total s&#8217;han tramitat 3.747 sol\u00b7licituds (411 a la prov\u00edncia de Castell\u00f3, 1.145 a la prov\u00edncia d&#8217;Alacant i 2.191 a la prov\u00edncia de Val\u00e8ncia). Per aix\u00f2, ha volgut agrair &#8220;la gran tasca que ha realitzat el Consell General de Farm\u00e0cia de la Comunitat Valenciana, la col\u00b7laboraci\u00f3 ha estat essencial per poder desenvolupar aquesta iniciativa&#8221;.<\/p>\n\n\n\n<p class=\"wp-block-paragraph\">Ara b\u00e9, &#8220;encara que els n\u00fameros siguin esperan\u00e7adors, no hem d&#8217;oblidar en cap moment que darrere hi ha persones i fam\u00edlies senceres que han viscut una realitat terrible, dur\u00edssima, per descomptat, per a tots nosaltres&#8221;, ha recordat la consellera Ana Barcel\u00f3.<\/p>\n\n\n\n<p class=\"wp-block-paragraph\">Actualitzaci\u00f3 de la incid\u00e8ncia de coronavirus<\/p>\n\n\n\n<p class=\"wp-block-paragraph\">En les \u00faltimes 24 hores s&#8217;han registrat 83 noves altes, que eleven a 12.315 el total de persones curades. Per prov\u00edncies: 1.556 a la prov\u00edncia de Castell\u00f3, 4.358 a la d&#8217;Alacant i 6.396 a la de Val\u00e8ncia, a les quals cal sumar unes altres 5 corresponents a persones despla\u00e7ades.<\/p>\n\n\n\n<p class=\"wp-block-paragraph\">Pel que fa a casos positius nous, des de l&#8217;actualitzaci\u00f3 d&#8217;aquest dilluns s&#8217;han detectat 10 casos a trav\u00e9s de PCR que eleven a 11.238 el total de positius des que va comen\u00e7ar la pand\u00e8mia. Per prov\u00edncies: 3 a Castell\u00f3 (1.566 en total); 0 a la prov\u00edncia d&#8217;Alacant (3.924 en total); i 7 a la prov\u00edncia de Val\u00e8ncia (5.743 en total); i 5 casos no assignats.<\/p>\n\n\n\n<p class=\"wp-block-paragraph\">El nombre de persones ingressades per coronavirus als hospitals valencians \u00e9s de 167: 12 a la prov\u00edncia de Castell\u00f3, d&#8217;elles 3 a la UCI; 60 a la prov\u00edncia d&#8217;Alacant, d&#8217;elles 12 a la UCI; i 95 a la prov\u00edncia de Val\u00e8ncia, d&#8217;elles 8 a la UCI.<\/p>\n\n\n\n<p class=\"wp-block-paragraph\">El nombre d&#8217;altes de professionals sanitaris \u00e9s de 2.215 i el nombre total de positius en professionals a hores d&#8217;ara \u00e9s de 500.<\/p>\n\n\n\n<p class=\"wp-block-paragraph\">El nombre total de proves dutes a terme per a la detecci\u00f3 de l&#8217;coronavirus han estat 335.538, de les quals 232.114 han estat a trav\u00e9s de PCR i 103.424 a trav\u00e9s de test r\u00e0pid.<\/p>\n\n\n\n<p class=\"wp-block-paragraph\">Actualitzaci\u00f3 de la situaci\u00f3 en resid\u00e8ncies<\/p>\n\n\n\n<p class=\"wp-block-paragraph\">En l&#8217;actualitat hi ha algun cas positiu en 74 centres (8 a la prov\u00edncia de Castell\u00f3, 30 a la d&#8217;Alacant i 36 a la prov\u00edncia de Val\u00e8ncia).<\/p>\n\n\n\n<p class=\"wp-block-paragraph\">\u00b7 Residents nous positius: 0<\/p>\n\n\n\n<p class=\"wp-block-paragraph\">\u00b7 Personal nou positiu: 2<\/p>\n\n\n\n<p class=\"wp-block-paragraph\">\u00b7 Residents que han mort: 0<\/p>\n\n\n\n<p class=\"wp-block-paragraph\">A hores d&#8217;ara, es troben sota vigil\u00e0ncia activa de control sanitari 28 resid\u00e8ncies a la Comunitat Valenciana: 8 a la prov\u00edncia de Castell\u00f3, 7 a la prov\u00edncia d&#8217;Alacant i 13 a la prov\u00edncia de Val\u00e8ncia.<\/p>\n","protected":false},"excerpt":{"rendered":"<div class=\"mh-excerpt\">La consellera de Sanitat Universal i Salut P\u00fablica, Ana Barcel\u00f3, ha destacat que, per tercer dia consecutiu, no s&#8217;ha produ\u00eft cap mort per COVID-19 a la Comunitat Valenciana. &#8220;Continua aquest mes de juny el cam\u00ed <a class=\"mh-excerpt-more\" href=\"https:\/\/tucomarca.whitekongsoftware.com\/ca\/la-comunitat-valenciana-suma-tres-dies-seguits-sense-persones-mortes-per-covid-19\/\" title=\"La Comunitat Valenciana suma tres dies seguits sense persones mortes per Covid-19\">[+] <\/a><\/div>\n","protected":false},"author":1,"featured_media":107779,"comment_status":"open","ping_status":"open","sticky":false,"template":"","format":"standard","meta":{"footnotes":""},"categories":[11010,12202,10898,10948,10894,10904,10903,10947,10896,10897],"tags":[3545,11497,11937,11939,11940,11938,11952,11951],"class_list":["post-107881","post","type-post","status-publish","format-standard","has-post-thumbnail","category-canal-salud","category-covid-19-ca","category-ventana-ca","category-infraestructuras-ca","category-la-comarca-ca","category-sin-categorizar-ca","category-medio-ambiente-la-comarca-ca","category-politica","category-seccion-ca","category-sucesos-la-comarca-ca","tag-comunitat-valenciana","tag-comunitat-valenciana-ca","tag-coronavirus","tag-coronavirus-ca","tag-covid-19-ca","tag-covid-19","tag-covid2019-ca","tag-covid2019"],"_links":{"self":[{"href":"https:\/\/tucomarca.whitekongsoftware.com\/ca\/wp-json\/wp\/v2\/posts\/107881","targetHints":{"allow":["GET"]}}],"collection":[{"href":"https:\/\/tucomarca.whitekongsoftware.com\/ca\/wp-json\/wp\/v2\/posts"}],"about":[{"href":"https:\/\/tucomarca.whitekongsoftware.com\/ca\/wp-json\/wp\/v2\/types\/post"}],"author":[{"embeddable":true,"href":"https:\/\/tucomarca.whitekongsoftware.com\/ca\/wp-json\/wp\/v2\/users\/1"}],"replies":[{"embeddable":true,"href":"https:\/\/tucomarca.whitekongsoftware.com\/ca\/wp-json\/wp\/v2\/comments?post=107881"}],"version-history":[{"count":0,"href":"https:\/\/tucomarca.whitekongsoftware.com\/ca\/wp-json\/wp\/v2\/posts\/107881\/revisions"}],"wp:featuredmedia":[{"embeddable":true,"href":"https:\/\/tucomarca.whitekongsoftware.com\/ca\/wp-json\/wp\/v2\/media\/107779"}],"wp:attachment":[{"href":"https:\/\/tucomarca.whitekongsoftware.com\/ca\/wp-json\/wp\/v2\/media?parent=107881"}],"wp:term":[{"taxonomy":"category","embeddable":true,"href":"https:\/\/tucomarca.whitekongsoftware.com\/ca\/wp-json\/wp\/v2\/categories?post=107881"},{"taxonomy":"post_tag","embeddable":true,"href":"https:\/\/tucomarca.whitekongsoftware.com\/ca\/wp-json\/wp\/v2\/tags?post=107881"}],"curies":[{"name":"wp","href":"https:\/\/api.w.org\/{rel}","templated":true}]}}